{"id":1814,"date":"2022-02-22T15:57:00","date_gmt":"2022-02-22T15:57:00","guid":{"rendered":"https:\/\/www.bfv.cloud\/ajedrezeuropa\/index.php\/2022\/02\/22\/un-total-de-27-alumnos-de-nuestras-escuelas-han-participado-en-las-fases-provinciales-del-deporte-en-edad-escolar-en-ciudad-real-y-toledo\/"},"modified":"2025-11-20T10:38:35","modified_gmt":"2025-11-20T10:38:35","slug":"un-total-de-27-alumnos-de-nuestras-escuelas-han-participado-en-las-fases-provinciales-del-deporte-en-edad-escolar-en-ciudad-real-y-toledo","status":"publish","type":"post","link":"https:\/\/www.bfv.cloud\/ajedrezeuropa\/un-total-de-27-alumnos-de-nuestras-escuelas-han-participado-en-las-fases-provinciales-del-deporte-en-edad-escolar-en-ciudad-real-y-toledo\/","title":{"rendered":"UN TOTAL DE 27 ALUMNOS DE NUESTRAS ESCUELAS HAN PARTICIPADO EN LAS FASES PROVINCIALES DEL DEPORTE EN EDAD ESCOLAR EN CIUDAD REAL Y TOLEDO"},"content":{"rendered":"<p>&nbsp;<span style=\"font-family: Montserrat;font-size: large\"><b><u>\u00c1ngel Collado y Alonso L\u00f3pez se clasifican para la fase regional del CRDEE<\/u><\/b><\/span><\/p>\n<table cellpadding=\"0\" cellspacing=\"0\" class=\"tr-caption-container\" style=\"float: left\">\n<tbody>\n<tr>\n<td style=\"text-align: center\"><a href=\"https:\/\/blogger.googleusercontent.com\/img\/a\/AVvXsEg9SS7w6ffEDye7bG1etCwLEUT0LTRzjb-7V0Su3EnNUW-ZARoEYC8Nv5J0_pqYBOMqgG-Gi0iRE0UmZghC-fSxV2id5CZv_SHu71ajOVrdmCh5FPHlDd-hmlTTacRfNDBYT6YXgsJbX12uXOXXfvsGgni7W6NiFIqcIcUNRTH-pCnO89qpflHAaHWG=s1429\" style=\"clear: left;margin-bottom: 1em;margin-left: auto;margin-right: auto\"><\/p>\n<table cellpadding=\"0\" cellspacing=\"0\" class=\"tr-caption-container\" style=\"float: left\">\n<tbody>\n<tr>\n<td style=\"text-align: center\"><a href=\"https:\/\/blogger.googleusercontent.com\/img\/a\/AVvXsEidatuWHHgasW9Vc23ysC327lROE61DmyQsEwbNMRM60q_1PD-SuATcLZVNmT6Jknt2xALzir4T1mR5KzPQOnPZkuIYry5goWe6m9rUqQ9lUr4VDu-DvYZbRrvHV0XBg51gjIfTz60PeZkCxFxBJL7PH7_qUszwGgVfzJhkOQPHE4n1URPODML8Ca4a=s1514\" style=\"clear: left;margin-bottom: 1em;margin-left: auto;margin-right: auto\"><img fetchpriority=\"high\" decoding=\"async\" border=\"0\" data-original-height=\"883\" data-original-width=\"1514\" height=\"374\" src=\"https:\/\/blogger.googleusercontent.com\/img\/a\/AVvXsEidatuWHHgasW9Vc23ysC327lROE61DmyQsEwbNMRM60q_1PD-SuATcLZVNmT6Jknt2xALzir4T1mR5KzPQOnPZkuIYry5goWe6m9rUqQ9lUr4VDu-DvYZbRrvHV0XBg51gjIfTz60PeZkCxFxBJL7PH7_qUszwGgVfzJhkOQPHE4n1URPODML8Ca4a=w640-h374\" width=\"640\" \/><\/a><\/td>\n<\/tr>\n<tr>\n<td class=\"tr-caption\" style=\"text-align: center\">Algunos de los chicos y chicas de la Escuela de Ajedrez de Alc\u00e1zar<br \/>&nbsp;participantes en el Escolar Provincial de Ciudad Real<\/p>\n<\/td>\n<\/tr>\n<\/tbody>\n<\/table>\n<p><img decoding=\"async\" border=\"0\" data-original-height=\"690\" data-original-width=\"1429\" height=\"194\" src=\"https:\/\/blogger.googleusercontent.com\/img\/a\/AVvXsEg9SS7w6ffEDye7bG1etCwLEUT0LTRzjb-7V0Su3EnNUW-ZARoEYC8Nv5J0_pqYBOMqgG-Gi0iRE0UmZghC-fSxV2id5CZv_SHu71ajOVrdmCh5FPHlDd-hmlTTacRfNDBYT6YXgsJbX12uXOXXfvsGgni7W6NiFIqcIcUNRTH-pCnO89qpflHAaHWG=w400-h194\" width=\"400\" \/><\/a><\/td>\n<\/tr>\n<tr>\n<td class=\"tr-caption\" style=\"text-align: center\">5 de los 6 jugadores de la Escuela de Ajedrez de Villafranca<br \/>que han competido en el Escolar Provincial de Toledo<\/p>\n<div style=\"text-align: justify\"><span style=\"font-family: Montserrat;font-size: x-large\">El pasado fin de semana han finalizado las fases provinciales de Ciudad Real y Toledo del Campeonato del Deporte en Edad Escolar. Un total de 27 chicos y chicas de las escuelas de ajedrez de Alc\u00e1zar de San Juan y Villafranca de los Caballeros han competido los pasados fines de semana desde mediados de enero.<\/span><\/div>\n<div style=\"text-align: justify\"><span style=\"font-family: Montserrat;font-size: large\"><\/p>\n<table cellpadding=\"0\" cellspacing=\"0\" class=\"tr-caption-container\" style=\"float: left\">\n<tbody>\n<tr>\n<td style=\"text-align: center\"><a href=\"https:\/\/blogger.googleusercontent.com\/img\/a\/AVvXsEhrdZJ4o378jNLO4jDZ9XTq0_NOGWt_8LFBY169eqMnCuktiFVt6LK1CrCP90RIPwhjrSkjE_0Z_0byCv02W_-E-LKbHkFPNMvhIMmejSQrNf3Cqge_8ypSfmnMJfRLHeR-ibJZ1y8cQp9x_92il3OTp9KCWA4y-5vsnc0qxA0GMNxCWmucFSSni-R4=s2048\" style=\"clear: left;margin-bottom: 1em;margin-left: auto;margin-right: auto\"><img decoding=\"async\" border=\"0\" data-original-height=\"2048\" data-original-width=\"1536\" height=\"410\" src=\"https:\/\/blogger.googleusercontent.com\/img\/a\/AVvXsEhrdZJ4o378jNLO4jDZ9XTq0_NOGWt_8LFBY169eqMnCuktiFVt6LK1CrCP90RIPwhjrSkjE_0Z_0byCv02W_-E-LKbHkFPNMvhIMmejSQrNf3Cqge_8ypSfmnMJfRLHeR-ibJZ1y8cQp9x_92il3OTp9KCWA4y-5vsnc0qxA0GMNxCWmucFSSni-R4=w307-h410\" width=\"307\" \/><\/a><\/td>\n<\/tr>\n<tr>\n<td class=\"tr-caption\" style=\"text-align: center\"><\/td>\n<\/tr>\n<\/tbody>\n<\/table>\n<p><\/span><\/p>\n<p><span style=\"font-family: Montserrat;font-size: large\">En cada uno de los campeonatos hemos clasificado a uno de nuestros jugadores en la categor\u00eda cadete. En Ciudad Real, <b>\u00c1ngel Collado Alcolado<\/b>, consegu\u00eda la 2\u00aa plaza, mientras que en Toledo la 3\u00aa plaza de <b>Alonso L\u00f3pez N\u00fa\u00f1ez<\/b>, hace posible que los dos puedan disputar el Campeonato Regional del Deporte en Edad Escolar (CRDEE).<\/span><\/p>\n<\/div>\n<div style=\"text-align: justify\">\n<div class=\"separator\" style=\"clear: both;text-align: center\"><a href=\"https:\/\/blogger.googleusercontent.com\/img\/a\/AVvXsEjGrLVyP4R6bra_0uefbT7JqPQxLrNQ6qpGl1bbHGj2vJC1K7mPGtVU6L6--EbA0ugig_1DkGVZUd0z5o-TtZvMRJTPgA7tOoRYw3nX9BJGzhWLa528Eokac3LCP5B1LooctBf083Rc-oOfl3DzKxjwtKtS70OWdUbvH1Gc9_nOM6bcJn4ZI7Z7ZNj2=s1293\" style=\"margin-left: 1em;margin-right: 1em\"><img loading=\"lazy\" decoding=\"async\" border=\"0\" data-original-height=\"843\" data-original-width=\"1293\" height=\"418\" src=\"https:\/\/blogger.googleusercontent.com\/img\/a\/AVvXsEjGrLVyP4R6bra_0uefbT7JqPQxLrNQ6qpGl1bbHGj2vJC1K7mPGtVU6L6--EbA0ugig_1DkGVZUd0z5o-TtZvMRJTPgA7tOoRYw3nX9BJGzhWLa528Eokac3LCP5B1LooctBf083Rc-oOfl3DzKxjwtKtS70OWdUbvH1Gc9_nOM6bcJn4ZI7Z7ZNj2=w640-h418\" width=\"640\" \/><\/a><\/div>\n<p><\/div>\n<div style=\"text-align: justify\"><span style=\"font-family: Montserrat;font-size: large\"><b><u>Otros resultados destacados<\/u><\/b><\/span><\/div>\n<div style=\"text-align: justify\"><span style=\"font-family: Montserrat;font-size: large\"><b><u><br \/><\/u><\/b><\/span><\/div>\n<div style=\"text-align: justify\"><span style=\"font-family: Montserrat;font-size: large\">En la categor\u00eda infantil femenina de Ciudad Real cabe se\u00f1alar la 4\u00aa plaza conseguida por <b>Luc\u00eda Paola Romero Flores. <\/b>Tambi\u00e9n dentro del infantil de Ciudad Real se\u00f1alamos&nbsp;la 9\u00aa posici\u00f3n de <b>Jaime Vila Castillo <\/b>que adem\u00e1s recibi\u00f3 el premio al mejor jugador sub-10<b>&nbsp;<\/b>y las actuaciones de:<\/span><\/div>\n<div style=\"text-align: justify\">\n<div class=\"separator\" style=\"clear: both;text-align: center\"><a href=\"https:\/\/blogger.googleusercontent.com\/img\/a\/AVvXsEj0tfAD8adtuDT7yds3ueOPp0LbYKOSHtawinqTXRO2oDZips5vqorHHqKHzOcS0x8YjiAsNaCBGKc2TwhGVDreCA4Et70k1vInQwkyUL9tCGNU7twY1Rad22t2RQ6rP4OGe_k93wSlbOXsTQdbaPa7P27B6RlcmESyOFWkN9UGO4_I4LdedAYpwRCH=s1138\" style=\"clear: right;float: right;margin-bottom: 1em;margin-left: 1em\"><img loading=\"lazy\" decoding=\"async\" border=\"0\" data-original-height=\"1138\" data-original-width=\"983\" height=\"400\" src=\"https:\/\/blogger.googleusercontent.com\/img\/a\/AVvXsEj0tfAD8adtuDT7yds3ueOPp0LbYKOSHtawinqTXRO2oDZips5vqorHHqKHzOcS0x8YjiAsNaCBGKc2TwhGVDreCA4Et70k1vInQwkyUL9tCGNU7twY1Rad22t2RQ6rP4OGe_k93wSlbOXsTQdbaPa7P27B6RlcmESyOFWkN9UGO4_I4LdedAYpwRCH=w345-h400\" width=\"345\" \/><\/a><\/div>\n<p><span style=\"font-family: Montserrat;font-size: large\"><br \/><\/span><\/div>\n<div style=\"text-align: justify\"><span style=\"font-family: Montserrat;font-size: large\">&#8211; Con 5 puntos; <b>Luis Arias, Jos\u00e9 Miguel Romero, Santiago Linares y \u00c1lvaro Chocano.<\/b><\/span><\/div>\n<div style=\"text-align: justify\"><span style=\"font-family: Montserrat;font-size: large\">&#8211; Con 4 puntos: <b>Jorge Arias, Diego Katwala, Alejandro Katwala y Elvira Cicuendez.<\/b><\/span><\/div>\n<div style=\"text-align: justify\"><span style=\"font-family: Montserrat;font-size: large\">&#8211; Con 3,5 puntos: <b>Carlos Morales.<\/b><\/span><\/div>\n<div style=\"text-align: justify\"><span style=\"font-family: Montserrat;font-size: large\">&#8211; Con 3 puntos: <b>Unai Ortega y Ra\u00fal Rivas.<\/b><\/span><\/div>\n<div style=\"text-align: justify\"><span style=\"font-family: Montserrat;font-size: large\">&#8211; Con 2,5 puntos. <b>Ra\u00fal Jim\u00e9nez.<\/b><\/span><\/div>\n<div style=\"text-align: justify\"><span style=\"font-family: Montserrat;font-size: large\">&#8211; Con 2 puntos:<b>&nbsp;Sergio Chocano y Samuel Anciano.<\/b><\/span><\/div>\n<div style=\"text-align: justify\"><span style=\"font-family: Montserrat;font-size: large\">&#8211; Con 1 punto: <b>Celia Anciano y Daniel Fern\u00e1ndez del Moral.<\/b><\/span><\/div>\n<div style=\"text-align: justify\"><span style=\"font-family: Montserrat;font-size: large\">Dentro de la categor\u00eda de Promoci\u00f3n Deportiva, destinada a los m\u00e1s peque\u00f1os, participaron:<\/span><\/div>\n<div style=\"text-align: justify\"><span style=\"font-family: Montserrat;font-size: large\"><b>&#8211; Pablo D\u00edaz-Oliver y Alonso Linares <\/b>que con 5 puntos se situaron 5\u00ba y 9\u00ba en la clasificaci\u00f3n final.<\/span><\/div>\n<div style=\"text-align: justify\"><span style=\"font-family: Montserrat;font-size: large\"><b>&#8211; Hugo Fern\u00e1ndez-Caballero <\/b>que finaliz\u00f3 con 3,5 puntos, mientras que&nbsp;<b>Mart\u00edn Quintanilla<\/b>&nbsp;sum\u00f3 2,5 punto y <b>Miguel Anciano<\/b>&nbsp;1 punto.<\/span><\/div>\n<div style=\"text-align: justify\"><span style=\"font-family: Montserrat;font-size: large\"><br \/><\/span><\/div>\n<div style=\"text-align: justify\"><span style=\"font-family: Montserrat;font-size: large\">Por otro lado, en el Escolar de la provincia de Toledo que acab\u00f3 el pasado fin de semana, adem\u00e1s de la clasificaci\u00f3n para la fase regional de <b>Alonso L\u00f3pez <\/b>en la categor\u00eda cadete<b>, <\/b>ofreci\u00f3 los siguientes resultados de nuestros jugadores en la categor\u00eda infantil:&nbsp;<\/span><\/div>\n<div style=\"text-align: justify\"><span style=\"font-family: Montserrat;font-size: large\">&#8211;&nbsp; <b>\u00d3scar Ortega y Fernando Privado <\/b>han ocupado la 28\u00aa y 30\u00aa posici\u00f3n tras conseguir 4,5 puntos. Tras ellos, <b>F\u00e9lix Tarilonte<\/b>&nbsp;con 3 puntos y <b>Omar Benammou <\/b>con 2,5 puntos.<\/span><\/div>\n<div style=\"text-align: justify\"><span style=\"font-family: Montserrat;font-size: large\">&#8211; Por \u00faltimo, en la categor\u00eda de Promoci\u00f3n particip\u00f3: <b>Mario Ortega, <\/b>ocupando la 8\u00aa plaza con 4 puntos.<\/span><\/div>\n<div style=\"text-align: justify\"><span style=\"font-family: Montserrat;font-size: large\">\u00a1\u00a1Enhorabuena a todos por el esfuerzo!!<\/span><\/div>\n<div style=\"text-align: justify\"><\/div>\n<\/td>\n<\/tr>\n<\/tbody>\n<\/table>\n","protected":false},"excerpt":{"rendered":"<p>&nbsp;\u00c1ngel Collado y Alonso L\u00f3pez se clasifican para la fase regional del CRDEE Algunos de los chicos y chicas de la Escuela de Ajedrez de Alc\u00e1zar&nbsp;participantes en el Escolar Provincial de Ciudad Real 5 de los 6 jugadores de la Escuela de Ajedrez de Villafrancaque han competido en el Escolar Provincial de Toledo El pasado [&hellip;]<\/p>\n","protected":false},"author":1,"featured_media":0,"comment_status":"open","ping_status":"closed","sticky":false,"template":"","format":"standard","meta":{"footnotes":""},"categories":[1],"tags":[],"class_list":["post-1814","post","type-post","status-publish","format-standard","hentry","category-noticias"],"_links":{"self":[{"href":"https:\/\/www.bfv.cloud\/ajedrezeuropa\/wp-json\/wp\/v2\/posts\/1814","targetHints":{"allow":["GET"]}}],"collection":[{"href":"https:\/\/www.bfv.cloud\/ajedrezeuropa\/wp-json\/wp\/v2\/posts"}],"about":[{"href":"https:\/\/www.bfv.cloud\/ajedrezeuropa\/wp-json\/wp\/v2\/types\/post"}],"author":[{"embeddable":true,"href":"https:\/\/www.bfv.cloud\/ajedrezeuropa\/wp-json\/wp\/v2\/users\/1"}],"replies":[{"embeddable":true,"href":"https:\/\/www.bfv.cloud\/ajedrezeuropa\/wp-json\/wp\/v2\/comments?post=1814"}],"version-history":[{"count":1,"href":"https:\/\/www.bfv.cloud\/ajedrezeuropa\/wp-json\/wp\/v2\/posts\/1814\/revisions"}],"predecessor-version":[{"id":1815,"href":"https:\/\/www.bfv.cloud\/ajedrezeuropa\/wp-json\/wp\/v2\/posts\/1814\/revisions\/1815"}],"wp:attachment":[{"href":"https:\/\/www.bfv.cloud\/ajedrezeuropa\/wp-json\/wp\/v2\/media?parent=1814"}],"wp:term":[{"taxonomy":"category","embeddable":true,"href":"https:\/\/www.bfv.cloud\/ajedrezeuropa\/wp-json\/wp\/v2\/categories?post=1814"},{"taxonomy":"post_tag","embeddable":true,"href":"https:\/\/www.bfv.cloud\/ajedrezeuropa\/wp-json\/wp\/v2\/tags?post=1814"}],"curies":[{"name":"wp","href":"https:\/\/api.w.org\/{rel}","templated":true}]}}