{"id":1816,"date":"2014-05-26T22:26:00","date_gmt":"2014-05-26T22:26:00","guid":{"rendered":"https:\/\/www.bfv.cloud\/ajedrezeuropa\/index.php\/2014\/05\/26\/2-titulos-importantes-para-nuestro-ajedrez-en-europa\/"},"modified":"2025-11-20T10:38:38","modified_gmt":"2025-11-20T10:38:38","slug":"2-titulos-importantes-para-nuestro-ajedrez-en-europa","status":"publish","type":"post","link":"https:\/\/www.bfv.cloud\/ajedrezeuropa\/2-titulos-importantes-para-nuestro-ajedrez-en-europa\/","title":{"rendered":"2 T\u00cdTULOS IMPORTANTES PARA NUESTRO AJEDREZ EN EUROPA"},"content":{"rendered":"<div align=\"left\" class=\"MsoBodyText\">\n<span style=\"font-family: Arial, Helvetica, sans-serif\"><b>El pasado fin de semana<br \/>\nfinalizaban en Ciudad Real 2 torneos de ajedrez que se han venido desarrollando<br \/>\nen los \u00faltimos meses en la capital manchega. Aunque presentan caracter\u00edsticas<br \/>\ndistintas, cabe destacar la importancia de las dos competiciones tanto por el<br \/>\nnivel de los participantes como por el n\u00famero de ellos. Por un lado, el<br \/>\nCampeonato Provincial Individual Absoluto de Ciudad Real, ganado por nuestro<br \/>\njugador Carlos \u00c1lvarez, y por otro la 25\u00aa edici\u00f3n del Torneo Juvenil de<br \/>\nPrimavera, en el que ha resultado vencedor el alcazare\u00f1o Javier Valdepe\u00f1as.<br \/>\nSiguiendo el orden cronol\u00f3gico de comienzo y finalizaci\u00f3n de ambos torneos,<br \/>\nqueremos dejar constancia de las importantes victorias de nuestros ajedrecistas,<br \/>\nconseguidas con gran m\u00e9rito y solvencia:<\/b><\/span><\/div>\n<div align=\"left\" class=\"MsoBodyText\">\n<\/div>\n<table cellpadding=\"0\" cellspacing=\"0\" class=\"tr-caption-container\" style=\"float: left;margin-right: 1em;text-align: left\">\n<tbody>\n<tr>\n<td style=\"text-align: center\"><a href=\"https:\/\/www.bfv.cloud\/ajedrezeuropa\/wp-content\/uploads\/2014\/05\/Proco20140525_212300.jpg\" style=\"clear: left;margin-bottom: 1em;margin-left: auto;margin-right: auto\"><img fetchpriority=\"high\" decoding=\"async\" border=\"0\" src=\"https:\/\/www.bfv.cloud\/ajedrezeuropa\/wp-content\/uploads\/2014\/05\/Proco20140525_212300.jpg\" height=\"320\" width=\"197\" \/><\/a><\/td>\n<\/tr>\n<tr>\n<td class=\"tr-caption\" style=\"text-align: center\">Javier Valdepe\u00f1as con su trofeo<\/td>\n<\/tr>\n<\/tbody>\n<\/table>\n<div align=\"center\" class=\"MsoBodyText\" style=\"text-align: center\">\n<b><u><span style=\"color: #990000;font-family: Arial, Helvetica, sans-serif\">NUEVA<br \/>\nVICTORIA PARA JAVIER VALDEPE\u00d1AS<\/span><\/u><\/b><\/div>\n<div align=\"center\" class=\"MsoBodyText\" style=\"text-align: center\">\n<b><span style=\"color: #990000\"><br \/><\/span><\/b><\/div>\n<div align=\"left\" class=\"MsoBodyText\">\n<span style=\"color: #990000;font-family: Arial, Helvetica, sans-serif\"><b>La primera competici\u00f3n<br \/>\nen concluir fue el XXV TORNEO JUVENIL DE PRIMAVERA este s\u00e1bado pasado. Javier<br \/>\nValdepe\u00f1as Octavio se proclamaba campe\u00f3n tras lograr la m\u00e1xima puntuaci\u00f3n<br \/>\nposible, 6 victorias en otras tantas partidas, aventajando en punto y medio a<br \/>\nun grupo de 5 jugadores. Este resultado tan destacado le permite mejorar 7<br \/>\npuntos en su valoraci\u00f3n internacional, antes del comienzo del regional escolar<br \/>\ndonde acudir\u00e1 representando a Nuestro Ajedrez en Europa acompa\u00f1ado de 7 chicas<br \/>\nclasificadas por las escuelas de Alc\u00e1zar y Villafranca. <\/b><\/span><\/div>\n<table cellpadding=\"0\" cellspacing=\"0\" class=\"tr-caption-container\" style=\"float: right;margin-left: 1em;text-align: right\">\n<tbody>\n<tr>\n<td style=\"text-align: center\"><a href=\"https:\/\/www.bfv.cloud\/ajedrezeuropa\/wp-content\/uploads\/2014\/05\/FotoCarlosAlvarez.jpg\" style=\"clear: right;margin-bottom: 1em;margin-left: auto;margin-right: auto\"><img decoding=\"async\" border=\"0\" src=\"https:\/\/www.bfv.cloud\/ajedrezeuropa\/wp-content\/uploads\/2014\/05\/FotoCarlosAlvarez.jpg\" height=\"320\" width=\"165\" \/><\/a><\/td>\n<\/tr>\n<tr>\n<td class=\"tr-caption\" style=\"text-align: center\">Carlos \u00c1lvarez junto a su<br \/>equipo<\/td>\n<\/tr>\n<\/tbody>\n<\/table>\n<div class=\"MsoBodyText\">\n<\/div>\n<div align=\"center\" class=\"MsoBodyText\" style=\"text-align: center\">\n<b><u><span style=\"color: #274e13;font-family: Arial, Helvetica, sans-serif\">CARLOS<br \/>\n\u00c1LVAREZ, CAMPE\u00d3N PROVINCIAL DE CIUDAD REAL<\/span><\/u><\/b><\/div>\n<div align=\"center\" class=\"MsoBodyText\" style=\"text-align: center\">\n<b><span style=\"color: #274e13\"><br \/><\/span><\/b><\/div>\n<div align=\"left\" class=\"MsoBodyText\">\n<span style=\"color: #274e13;font-family: Arial, Helvetica, sans-serif\"><b>El domingo se jugaban<br \/>\nlas 2 rondas finales&nbsp; del CAMPEONATO<br \/>\nPROVINCIAL INDIVIDUAL DE CIUDAD REAL en la categor\u00eda absoluta, resultando<br \/>\nvencedor con 5,5 puntos sobre 6, el joven jugador de 18 a\u00f1os perteneciente al<br \/>\nclub Nuestro Ajedrez en Europa, Carlos \u00c1lvarez Serrano. Carlos, part\u00eda 6\u00ba del<br \/>\nranking inicial y se alzaba con el triunfo en solitario, aventajando en 1 punto<br \/>\na sus inmediatos seguidores. Con este t\u00edtulo de campe\u00f3n provincial absoluto<br \/>\nconsigue la clasificaci\u00f3n para la fase regional y suma 14 puntos a su elo FIDE.<\/b><\/span><\/div>\n<div align=\"left\" class=\"MsoBodyText\">\n<\/div>\n<p><\/p>\n<div align=\"left\" class=\"MsoBodyText\">\n<span style=\"color: #274e13;font-family: Arial, Helvetica, sans-serif\"><b>\u00a1\u00a1Enhorabuena a los dos<br \/>\npor estos \u00e9xitos!!<\/b><\/span><\/div>\n","protected":false},"excerpt":{"rendered":"<p>El pasado fin de semana finalizaban en Ciudad Real 2 torneos de ajedrez que se han venido desarrollando en los \u00faltimos meses en la capital manchega. Aunque presentan caracter\u00edsticas distintas, cabe destacar la importancia de las dos competiciones tanto por el nivel de los participantes como por el n\u00famero de ellos. Por un lado, el [&hellip;]<\/p>\n","protected":false},"author":1,"featured_media":1817,"comment_status":"open","ping_status":"closed","sticky":false,"template":"","format":"standard","meta":{"footnotes":""},"categories":[1],"tags":[],"class_list":["post-1816","post","type-post","status-publish","format-standard","has-post-thumbnail","hentry","category-noticias"],"_links":{"self":[{"href":"https:\/\/www.bfv.cloud\/ajedrezeuropa\/wp-json\/wp\/v2\/posts\/1816","targetHints":{"allow":["GET"]}}],"collection":[{"href":"https:\/\/www.bfv.cloud\/ajedrezeuropa\/wp-json\/wp\/v2\/posts"}],"about":[{"href":"https:\/\/www.bfv.cloud\/ajedrezeuropa\/wp-json\/wp\/v2\/types\/post"}],"author":[{"embeddable":true,"href":"https:\/\/www.bfv.cloud\/ajedrezeuropa\/wp-json\/wp\/v2\/users\/1"}],"replies":[{"embeddable":true,"href":"https:\/\/www.bfv.cloud\/ajedrezeuropa\/wp-json\/wp\/v2\/comments?post=1816"}],"version-history":[{"count":1,"href":"https:\/\/www.bfv.cloud\/ajedrezeuropa\/wp-json\/wp\/v2\/posts\/1816\/revisions"}],"predecessor-version":[{"id":1819,"href":"https:\/\/www.bfv.cloud\/ajedrezeuropa\/wp-json\/wp\/v2\/posts\/1816\/revisions\/1819"}],"wp:featuredmedia":[{"embeddable":true,"href":"https:\/\/www.bfv.cloud\/ajedrezeuropa\/wp-json\/wp\/v2\/media\/1817"}],"wp:attachment":[{"href":"https:\/\/www.bfv.cloud\/ajedrezeuropa\/wp-json\/wp\/v2\/media?parent=1816"}],"wp:term":[{"taxonomy":"category","embeddable":true,"href":"https:\/\/www.bfv.cloud\/ajedrezeuropa\/wp-json\/wp\/v2\/categories?post=1816"},{"taxonomy":"post_tag","embeddable":true,"href":"https:\/\/www.bfv.cloud\/ajedrezeuropa\/wp-json\/wp\/v2\/tags?post=1816"}],"curies":[{"name":"wp","href":"https:\/\/api.w.org\/{rel}","templated":true}]}}