{"id":1820,"date":"2013-09-15T17:28:00","date_gmt":"2013-09-15T17:28:00","guid":{"rendered":"https:\/\/www.bfv.cloud\/ajedrezeuropa\/index.php\/2013\/09\/15\/celebrado-el-xvii-torneo-de-feria-abierto-de-villafranca\/"},"modified":"2025-11-20T10:38:42","modified_gmt":"2025-11-20T10:38:42","slug":"celebrado-el-xvii-torneo-de-feria-abierto-de-villafranca","status":"publish","type":"post","link":"https:\/\/www.bfv.cloud\/ajedrezeuropa\/celebrado-el-xvii-torneo-de-feria-abierto-de-villafranca\/","title":{"rendered":"CELEBRADO EL XVII TORNEO DE FERIA \u00abABIERTO DE VILLAFRANCA\u00bb"},"content":{"rendered":"<table align=\"center\" cellpadding=\"0\" cellspacing=\"0\" class=\"tr-caption-container\" style=\"margin-left: auto;margin-right: auto;text-align: center\">\n<tbody>\n<tr>\n<td style=\"text-align: center\"><a href=\"https:\/\/www.bfv.cloud\/ajedrezeuropa\/wp-content\/uploads\/2013\/09\/torneoferiasvillafranca2013017.jpg\" style=\"margin-left: auto;margin-right: auto\"><img fetchpriority=\"high\" decoding=\"async\" border=\"0\" src=\"https:\/\/www.bfv.cloud\/ajedrezeuropa\/wp-content\/uploads\/2013\/09\/torneoferiasvillafranca2013017.jpg\" height=\"306\" width=\"640\" \/><\/a><\/td>\n<\/tr>\n<tr>\n<td class=\"tr-caption\" style=\"text-align: center\">La sala de juego al comienzo de una de las rondas<\/td>\n<\/tr>\n<\/tbody>\n<\/table>\n<p><\/p>\n<table cellpadding=\"0\" cellspacing=\"0\" class=\"tr-caption-container\" style=\"float: left;margin-right: 1em;text-align: left\">\n<tbody>\n<tr>\n<td style=\"text-align: center\"><a href=\"https:\/\/www.bfv.cloud\/ajedrezeuropa\/wp-content\/uploads\/2013\/09\/torneoferiasvillafranca2013016.jpg\" style=\"clear: left;margin-bottom: 1em;margin-left: auto;margin-right: auto\"><img decoding=\"async\" border=\"0\" src=\"https:\/\/www.bfv.cloud\/ajedrezeuropa\/wp-content\/uploads\/2013\/09\/torneoferiasvillafranca2013016.jpg\" height=\"300\" width=\"400\" \/><\/a><\/td>\n<\/tr>\n<tr>\n<td class=\"tr-caption\" style=\"text-align: center\">Esta 17\u00aa edici\u00f3n ha contado con una alta participaci\u00f3n femenina<\/td>\n<\/tr>\n<\/tbody>\n<\/table>\n<p><span style=\"font-family: Arial, Helvetica, sans-serif\">&nbsp;Con la participaci\u00f3n de 34 ajedrecistas, 21 pertenecientes a nuestras escuelas y clubes, se ha jugado la 17\u00aa edici\u00f3n del \u00abAbierto de Villafranca\u00bb en la tarde del pasado s\u00e1bado. El torneo ofreci\u00f3 el siguiente resultado final en sus 3 categor\u00edas:<\/span><\/p>\n<div style=\"text-align: center\">\n<i><u><span style=\"font-family: Arial, Helvetica, sans-serif\">ABSOLUTA<\/span><\/u><\/i><\/div>\n<div style=\"text-align: center\">\n<span style=\"font-family: Arial, Helvetica, sans-serif\"><u>Campe\u00f3n:<\/u>&nbsp;<b>Santiago Talavera<\/b><\/span><\/div>\n<div style=\"text-align: center\">\n<span style=\"font-family: Arial, Helvetica, sans-serif\"><u>Subcampe\u00f3n:<\/u>&nbsp;<b>Jos\u00e9 M\u00aa Pastrana<\/b><\/span><\/div>\n<div style=\"text-align: center\">\n<span style=\"font-family: Arial, Helvetica, sans-serif\"><u>Campeona:<\/u>&nbsp;<b>Silvia Toribio<\/b><\/span><\/div>\n<div style=\"text-align: center\">\n<span style=\"font-family: Arial, Helvetica, sans-serif\"><u>Campe\u00f3n local:<\/u>&nbsp;<b>Carlos Guerrero<\/b><\/span><\/div>\n<div style=\"text-align: center\">\n<span style=\"font-family: Arial, Helvetica, sans-serif\"><b><br \/><\/b><\/span><\/div>\n<div style=\"text-align: center\">\n<span style=\"font-family: Arial, Helvetica, sans-serif\"><b><br \/><\/b><\/span><\/div>\n<div style=\"text-align: center\">\n<i><u><span style=\"font-family: Arial, Helvetica, sans-serif\">SUB-16<\/span><\/u><\/i><\/div>\n<div style=\"text-align: center\">\n<span style=\"font-family: Arial, Helvetica, sans-serif\">&nbsp; &nbsp; &nbsp; &nbsp; &nbsp; &nbsp; &nbsp; &nbsp; &nbsp; &nbsp; &nbsp; &nbsp; &nbsp; &nbsp; &nbsp; &nbsp; &nbsp; &nbsp; &nbsp; &nbsp; &nbsp; &nbsp; &nbsp; &nbsp; &nbsp; &nbsp; &nbsp; &nbsp; &nbsp; &nbsp; &nbsp; &nbsp;<u>Campe\u00f3n:<\/u>&nbsp;<b>Isaac Lozano<\/b><\/span><span style=\"font-family: Arial, Helvetica, sans-serif\">&nbsp; &nbsp; &nbsp; &nbsp; &nbsp; &nbsp; &nbsp; &nbsp; &nbsp; &nbsp; &nbsp; &nbsp; &nbsp; &nbsp; &nbsp; &nbsp; &nbsp; &nbsp; &nbsp; &nbsp; &nbsp; &nbsp; &nbsp; &nbsp; &nbsp; &nbsp; &nbsp; &nbsp; &nbsp; &nbsp; &nbsp; &nbsp; <\/span><u style=\"font-family: Arial, Helvetica, sans-serif\">Subcampe\u00f3n:<\/u><span style=\"font-family: Arial, Helvetica, sans-serif\">&nbsp;<\/span><b style=\"font-family: Arial, Helvetica, sans-serif\">Leo de Giorgi<\/b><\/div>\n<div style=\"text-align: center\">\n<span style=\"font-family: Arial, Helvetica, sans-serif\">&nbsp; &nbsp; &nbsp; &nbsp; <u>Campeona:<\/u>&nbsp;<b>Julia Meza<\/b><\/span><\/div>\n<div style=\"text-align: center\">\n<span style=\"font-family: Arial, Helvetica, sans-serif\">&nbsp; &nbsp; &nbsp; &nbsp; &nbsp;<u>Campe\u00f3n local:<\/u>&nbsp;<b>Juan Fco. Mar\u00edn<\/b><\/span><\/div>\n<div style=\"text-align: center\">\n<span style=\"font-family: Arial, Helvetica, sans-serif\"><i><u>SUB-12<\/u><\/i><\/span><\/div>\n<div style=\"text-align: center\">\n<span style=\"font-family: Arial, Helvetica, sans-serif\"><u>Campe\u00f3n:<\/u>&nbsp;<b>Julio M\u00e9rida<\/b><\/span><\/div>\n<div style=\"text-align: center\">\n<span style=\"font-family: Arial, Helvetica, sans-serif\"><u>Subcampe\u00f3n:<\/u>&nbsp;<b>Enrique Velasco<\/b><\/span><\/div>\n<div style=\"text-align: center\">\n<span style=\"font-family: Arial, Helvetica, sans-serif\"><u>Campeona:<\/u>&nbsp;<b>Mar\u00eda Oliver<\/b><\/span><\/div>\n<div style=\"text-align: center\">\n<span style=\"font-family: Arial, Helvetica, sans-serif\"><u>Campe\u00f3n local:<\/u>&nbsp;<b>\u00d3scar Roncero<\/b><\/span><\/div>\n<div style=\"text-align: center\">\n<span style=\"font-family: Arial, Helvetica, sans-serif\"><b><br \/><\/b><\/span><\/div>\n<div style=\"text-align: left\">\n<span style=\"font-family: Arial, Helvetica, sans-serif\">Durante la clausura se anunci\u00f3 el comienzo de la temporada de las escuelas deportivas municipales de ajedrez de Alc\u00e1zar y Villafranca para el s\u00e1bado 28 de septiembre, as\u00ed como las fechas en las que est\u00e1n previstas las reuniones informativas para los padres y madres. En una pr\u00f3xima noticia se facilitar\u00e1n todos los datos.<\/span><\/div>\n<div style=\"text-align: center\">\n<\/div>\n<div class=\"separator\" style=\"clear: both;text-align: center\">\n<\/div>\n<table align=\"center\" cellpadding=\"0\" cellspacing=\"0\" class=\"tr-caption-container\" style=\"clear: left;margin-bottom: 1em;margin-left: auto;margin-right: auto;text-align: center\">\n<tbody>\n<tr>\n<td style=\"text-align: center\"><a href=\"https:\/\/www.bfv.cloud\/ajedrezeuropa\/wp-content\/uploads\/2013\/09\/torneoferiasvillafranca2013013.jpg\" style=\"clear: left;margin-bottom: 1em;margin-left: auto;margin-right: auto\"><img decoding=\"async\" border=\"0\" src=\"https:\/\/www.bfv.cloud\/ajedrezeuropa\/wp-content\/uploads\/2013\/09\/torneoferiasvillafranca2013013.jpg\" height=\"441\" width=\"640\" \/><\/a><\/td>\n<\/tr>\n<tr>\n<td class=\"tr-caption\" style=\"text-align: center\">Como todos los a\u00f1os, los trofeos han sido preparados por la<br \/>\nartesan\u00eda de los Hermanos Pe\u00f1o<\/td>\n<\/tr>\n<\/tbody>\n<\/table>\n","protected":false},"excerpt":{"rendered":"<p>La sala de juego al comienzo de una de las rondas Esta 17\u00aa edici\u00f3n ha contado con una alta participaci\u00f3n femenina &nbsp;Con la participaci\u00f3n de 34 ajedrecistas, 21 pertenecientes a nuestras escuelas y clubes, se ha jugado la 17\u00aa edici\u00f3n del \u00abAbierto de Villafranca\u00bb en la tarde del pasado s\u00e1bado. El torneo ofreci\u00f3 el siguiente [&hellip;]<\/p>\n","protected":false},"author":1,"featured_media":1821,"comment_status":"open","ping_status":"closed","sticky":false,"template":"","format":"standard","meta":{"footnotes":""},"categories":[1],"tags":[],"class_list":["post-1820","post","type-post","status-publish","format-standard","has-post-thumbnail","hentry","category-noticias"],"_links":{"self":[{"href":"https:\/\/www.bfv.cloud\/ajedrezeuropa\/wp-json\/wp\/v2\/posts\/1820","targetHints":{"allow":["GET"]}}],"collection":[{"href":"https:\/\/www.bfv.cloud\/ajedrezeuropa\/wp-json\/wp\/v2\/posts"}],"about":[{"href":"https:\/\/www.bfv.cloud\/ajedrezeuropa\/wp-json\/wp\/v2\/types\/post"}],"author":[{"embeddable":true,"href":"https:\/\/www.bfv.cloud\/ajedrezeuropa\/wp-json\/wp\/v2\/users\/1"}],"replies":[{"embeddable":true,"href":"https:\/\/www.bfv.cloud\/ajedrezeuropa\/wp-json\/wp\/v2\/comments?post=1820"}],"version-history":[{"count":1,"href":"https:\/\/www.bfv.cloud\/ajedrezeuropa\/wp-json\/wp\/v2\/posts\/1820\/revisions"}],"predecessor-version":[{"id":1824,"href":"https:\/\/www.bfv.cloud\/ajedrezeuropa\/wp-json\/wp\/v2\/posts\/1820\/revisions\/1824"}],"wp:featuredmedia":[{"embeddable":true,"href":"https:\/\/www.bfv.cloud\/ajedrezeuropa\/wp-json\/wp\/v2\/media\/1821"}],"wp:attachment":[{"href":"https:\/\/www.bfv.cloud\/ajedrezeuropa\/wp-json\/wp\/v2\/media?parent=1820"}],"wp:term":[{"taxonomy":"category","embeddable":true,"href":"https:\/\/www.bfv.cloud\/ajedrezeuropa\/wp-json\/wp\/v2\/categories?post=1820"},{"taxonomy":"post_tag","embeddable":true,"href":"https:\/\/www.bfv.cloud\/ajedrezeuropa\/wp-json\/wp\/v2\/tags?post=1820"}],"curies":[{"name":"wp","href":"https:\/\/api.w.org\/{rel}","templated":true}]}}