{"id":1825,"date":"2023-09-05T12:08:00","date_gmt":"2023-09-05T12:08:00","guid":{"rendered":"https:\/\/www.bfv.cloud\/ajedrezeuropa\/index.php\/2023\/09\/05\/el-equipo-juvenil-de-nuestro-ajedrez-en-europa-suma-su-tercera-medalla-de-plata-en-el-regional-por-clubes\/"},"modified":"2025-11-20T10:38:48","modified_gmt":"2025-11-20T10:38:48","slug":"el-equipo-juvenil-de-nuestro-ajedrez-en-europa-suma-su-tercera-medalla-de-plata-en-el-regional-por-clubes","status":"publish","type":"post","link":"https:\/\/www.bfv.cloud\/ajedrezeuropa\/el-equipo-juvenil-de-nuestro-ajedrez-en-europa-suma-su-tercera-medalla-de-plata-en-el-regional-por-clubes\/","title":{"rendered":"EL EQUIPO JUVENIL DE NUESTRO AJEDREZ EN EUROPA SUMA SU TERCERA MEDALLA DE PLATA EN EL REGIONAL POR CLUBES"},"content":{"rendered":"<p><span style=\"font-family: Open Sans\"><\/p>\n<table align=\"center\" cellpadding=\"0\" cellspacing=\"0\" class=\"tr-caption-container\" style=\"font-size: x-large;margin-left: auto;margin-right: auto\">\n<tbody>\n<tr>\n<td style=\"text-align: center\"><a href=\"https:\/\/www.bfv.cloud\/ajedrezeuropa\/wp-content\/uploads\/2023\/09\/120SUBCAMPEONES20JUVENILES20CLM202023.jpeg\" style=\"margin-left: auto;margin-right: auto\"><img fetchpriority=\"high\" decoding=\"async\" border=\"0\" data-original-height=\"923\" data-original-width=\"2048\" height=\"288\" src=\"https:\/\/blogger.googleusercontent.com\/img\/b\/R29vZ2xl\/AVvXsEg_unJcQfPzJ-GhgKmLXPA_hmOwFoyRmphTz4ds5kiIEd-2DBPQ32uWIPaymvMutdWIfbsZZRV-Hh_qNNgfTbZEXkj-j1Xa03WgyyWRdiSubdSuissfHeoeHDmf9BXnou7s_7qLYLr9sBK3f6z-hUkeDXeNIKkUHXHT1tROwA9er6Ivy1bDHqvjfj22Vmo\/w640-h288\/1%20SUBCAMPEONES%20JUVENILES%20CLM%202023.jpeg\" width=\"640\" \/><\/a><\/td>\n<\/tr>\n<tr>\n<td class=\"tr-caption\" style=\"text-align: center\">El equipo de Nuestro Ajedrez en Europa recibiendo el trofeo de subcampe\u00f3n<\/td>\n<\/tr>\n<\/tbody>\n<\/table>\n<p><span style=\"font-size: x-large\">El equipo juvenil de Nuestro Ajedrez en Europa se ha proclamado subcampe\u00f3n de Castilla-La Mancha por equipos en el torneo disputado del 31 de agosto al 3 de septiembre en la residencia universitaria Benjam\u00edn Palencia de Albacete. En esta ocasi\u00f3n, el conjunto manchego estuvo integrado por: Alonso L\u00f3pez N\u00fa\u00f1ez, Javier Jim\u00e9nez Carrazoni, David Crespo D\u00edaz, \u00c1ngel Collado Alcolado y Marta Elena Jim\u00e9nez Carrazoni. El campeonato finaliz\u00f3 con el empate a 10 puntos entre el primero y el segundo clasificado, decidiendo el t\u00edtulo el mejor desempate del club de Bargas, que result\u00f3 campe\u00f3n.&nbsp;<\/span><\/span><\/p>\n<p><span style=\"font-family: Open Sans;font-size: x-large\"><b><u>Tres a\u00f1os consecutivos disputando el t\u00edtulo regional hasta la \u00faltima partida<\/u><\/b><\/span><\/p>\n<p><span style=\"font-family: Open Sans\"><b><\/p>\n<table align=\"center\" cellpadding=\"0\" cellspacing=\"0\" class=\"tr-caption-container\" style=\"margin-left: auto;margin-right: auto\">\n<tbody>\n<tr>\n<td style=\"text-align: center\"><a href=\"https:\/\/www.bfv.cloud\/ajedrezeuropa\/wp-content\/uploads\/2023\/09\/420EQUIPO20SUB1820EUROPA.jpeg\" style=\"margin-left: auto;margin-right: auto\"><img decoding=\"async\" border=\"0\" data-original-height=\"830\" data-original-width=\"1075\" height=\"494\" src=\"https:\/\/blogger.googleusercontent.com\/img\/b\/R29vZ2xl\/AVvXsEh7ZMtjuCAyl-dRLoZAsl7WB16L1_VeNm5Yp7WeKLPXuLU4iOfLWjEjYLbklvqmT-fUjKrvTaxiOiR4LRfjMRnLJ8nY42LLWbB_WreLo0H7owvBhzpLAvQ3XusNuBrPZki5_VaHBJ0xlUnP9HkRH37lYK_IU27L48R4DoYQnklbIL-JR-y9Br53cfZHBlc\/w640-h494\/4%20EQUIPO%20SUB18%20EUROPA.jpeg\" width=\"640\" \/><\/a><\/td>\n<\/tr>\n<tr>\n<td class=\"tr-caption\" style=\"text-align: center\"><span style=\"font-size: medium\">Los 5 componentes del juvenil de Europa al comienzo de una de las rondas<\/span><\/td>\n<\/tr>\n<\/tbody>\n<\/table>\n<p><\/b><\/span><span style=\"font-size: x-large\"><br \/><\/span><\/p>\n<p style=\"text-align: left\"><span><span style=\"font-size: x-large\">A lo largo de las tres \u00faltimas temporadas, el equipo sub18 de Nuestro Ajedrez en Europa, ha estado jugando por el t\u00edtulo de campe\u00f3n castellano-manchego hasta la ronda final. Muchas veces son peque\u00f1os detalles los que definen situarse un escal\u00f3n arriba o abajo en la clasificaci\u00f3n final, todav\u00eda m\u00e1s cuando todo queda en las valoraciones de los desempates. En esta ocasi\u00f3n, el rendimiento en el torneo fue muy alto al conseguir 5 victorias y una derrota por la m\u00ednima diferencia.&nbsp;<\/span><\/span><\/p>\n<p style=\"text-align: left\"><span><span style=\"font-size: x-large\"><br \/><\/span><\/span><\/p>\n<p><span style=\"font-family: Open Sans\"><b><u><\/p>\n<table cellpadding=\"0\" cellspacing=\"0\" class=\"tr-caption-container\" style=\"float: left;font-size: x-large\">\n<tbody>\n<tr>\n<td style=\"text-align: center\"><a href=\"https:\/\/www.bfv.cloud\/ajedrezeuropa\/wp-content\/uploads\/2023\/09\/320MEJORES20TABLEROS203-4.jpeg\" style=\"clear: left;margin-bottom: 1em;margin-left: auto;margin-right: auto\"><img decoding=\"async\" border=\"0\" data-original-height=\"1060\" data-original-width=\"948\" height=\"320\" src=\"https:\/\/blogger.googleusercontent.com\/img\/b\/R29vZ2xl\/AVvXsEj3CKTZAuc7Y4vHFIoOK3RzS1ZceGxPsEFoVu-2i1GcO4HzmpItAPxo6clVRXOsv4gDthiW17Zj2jkBYq5WIQOEYJo07OxJJh86PKgn2HPBccx6y_D3uwEdXiD8TbyRsR_AAlpdxkBz_3qU9XCoxy8ENAOyT_V0hv74RpFoTTGf3ggELEM9XB1Emxmx01Y\/s320\/3%20MEJORES%20TABLEROS%203-4.jpeg\" width=\"286\" \/><\/a><\/td>\n<\/tr>\n<tr>\n<td class=\"tr-caption\" style=\"text-align: center\">David Crespo y \u00c1ngel Collado<\/td>\n<\/tr>\n<\/tbody>\n<\/table>\n<p><span style=\"font-size: x-large\">\u00c1ngel Collado y David Crespo, tambi\u00e9n fueron premiados por sus resultados en el campeonato<\/span><\/u><\/b><\/span><\/p>\n<p><span style=\"font-size: x-large\">Adem\u00e1s de los trofeos por equipos, se entregan premios a los mejores jugadores en cada uno de los tableros. En esta clasificaci\u00f3n resultaron vencedores, David Crespo, en el tablero 3, y \u00c1ngel Collado en el 4.<\/span><\/p>\n<p><span style=\"font-family: Open Sans;font-size: large\"><b><u><br \/><\/u><\/b><\/span><\/p>\n<p><b style=\"font-size: x-large\"><u><br \/><\/u><\/b><\/p>\n<p><b style=\"font-size: x-large\"><u>Buena actuaci\u00f3n de Nuestro Ajedrez por la Igualdad en la categor\u00eda sub12<\/u><\/b><\/p>\n<p><span style=\"font-family: Open Sans;font-size: large\"><b><\/p>\n<table align=\"center\" cellpadding=\"0\" cellspacing=\"0\" class=\"tr-caption-container\" style=\"margin-left: auto;margin-right: auto\">\n<tbody>\n<tr>\n<td style=\"text-align: center\"><a href=\"https:\/\/www.bfv.cloud\/ajedrezeuropa\/wp-content\/uploads\/2023\/09\/520EQUIPO20SUB1220DE20IGUALDAD.jpeg\" style=\"margin-left: auto;margin-right: auto\"><img loading=\"lazy\" decoding=\"async\" border=\"0\" data-original-height=\"657\" data-original-width=\"1535\" height=\"274\" src=\"https:\/\/blogger.googleusercontent.com\/img\/b\/R29vZ2xl\/AVvXsEgsj2M13Wp4MVTZFMgaSO0pdzmuP0qg1uvEOQDINb9APavPCJWdOPcQ9pmWf5V3GUO4NetWwjzbLRFws65-nFCi2VJ1at33cxAscgC0-O6qOGqd3WaVrd2nA8rmRQsuqD5FvB-ZclCi96oBiGuZbYXfUusY1dfZsBJXVcP3O27zLhO19CCCuLD7A86XJB4\/w640-h274\/5%20EQUIPO%20SUB12%20DE%20IGUALDAD.jpeg\" width=\"640\" \/><\/a><\/td>\n<\/tr>\n<tr>\n<td class=\"tr-caption\" style=\"text-align: center\">El equipo sub12 de Nuestro Ajedrez por la Igualdad finaliz\u00f3 en 5\u00aa posici\u00f3n<\/td>\n<\/tr>\n<\/tbody>\n<\/table>\n<p><\/b><\/span><\/p>\n<p><span style=\"font-size: x-large\">Dentro de este campeonato auton\u00f3mico tambi\u00e9n se disputa otro torneo, en paralelo, donde participan&nbsp; ajedrecistas de 12 a\u00f1os como m\u00e1ximo. El equipo de Nuestro Ajedrez por la Igualdad formado por: Jaime Vila Castillo, Carlos E. Morales Rodr\u00edguez, Diego Katwala Mu\u00f1oz y Alejandro Katwala Mu\u00f1oz, finaliz\u00f3 en 5\u00aa posici\u00f3n, revalidando el puesto del a\u00f1o 2022 tras empatar a 6 puntos con el 4\u00ba clasificado.&nbsp;<\/span><span style=\"font-size: x-large\">A cargo de la labor de preparaci\u00f3n estuvieron: Roberto L\u00f3pez N\u00fa\u00f1ez y Silvia Toribio Camu\u00f1as, a los que queremos agradecer su dedicaci\u00f3n y esfuerzo.<\/span><\/p>\n<table align=\"center\" cellpadding=\"0\" cellspacing=\"0\" class=\"tr-caption-container\" style=\"margin-left: auto;margin-right: auto\">\n<tbody>\n<tr>\n<td style=\"text-align: center\"><a href=\"https:\/\/www.bfv.cloud\/ajedrezeuropa\/wp-content\/uploads\/2023\/09\/420TODOS20JUNTOS20DE20PIE.jpeg\" style=\"margin-left: auto;margin-right: auto\"><img loading=\"lazy\" decoding=\"async\" border=\"0\" data-original-height=\"1036\" data-original-width=\"1134\" height=\"584\" src=\"https:\/\/blogger.googleusercontent.com\/img\/b\/R29vZ2xl\/AVvXsEjGgwe453Eu7Fx-065qrsRAAvpvRVQ55HfBZxqAsmOeQbul1sujI62oxBKCF5rr4_q3MJrk4FkwJLjp8wHKUKdPhlCpA4QN0HRC5YUBXCMxXBPpYoJoxx6AiKswmR7dqSfinpoes0X1kOx4L3QyPyr-gtTzdGfY4MIxytmvF754jJYKg3PFqmaR8yjUs8g\/w640-h584\/4%20TODOS%20JUNTOS%20DE%20PIE.jpeg\" width=\"640\" \/><\/a><\/td>\n<\/tr>\n<tr>\n<td class=\"tr-caption\" style=\"text-align: center\">Todos los componentes de los equipos que han jugado el regional en 2023<\/td>\n<\/tr>\n<\/tbody>\n<\/table>\n<p><span style=\"font-size: x-large\"><br \/><\/span><\/p>\n","protected":false},"excerpt":{"rendered":"<p>El equipo de Nuestro Ajedrez en Europa recibiendo el trofeo de subcampe\u00f3n El equipo juvenil de Nuestro Ajedrez en Europa se ha proclamado subcampe\u00f3n de Castilla-La Mancha por equipos en el torneo disputado del 31 de agosto al 3 de septiembre en la residencia universitaria Benjam\u00edn Palencia de Albacete. En esta ocasi\u00f3n, el conjunto manchego [&hellip;]<\/p>\n","protected":false},"author":1,"featured_media":1826,"comment_status":"open","ping_status":"closed","sticky":false,"template":"","format":"standard","meta":{"footnotes":""},"categories":[1],"tags":[],"class_list":["post-1825","post","type-post","status-publish","format-standard","has-post-thumbnail","hentry","category-noticias"],"_links":{"self":[{"href":"https:\/\/www.bfv.cloud\/ajedrezeuropa\/wp-json\/wp\/v2\/posts\/1825","targetHints":{"allow":["GET"]}}],"collection":[{"href":"https:\/\/www.bfv.cloud\/ajedrezeuropa\/wp-json\/wp\/v2\/posts"}],"about":[{"href":"https:\/\/www.bfv.cloud\/ajedrezeuropa\/wp-json\/wp\/v2\/types\/post"}],"author":[{"embeddable":true,"href":"https:\/\/www.bfv.cloud\/ajedrezeuropa\/wp-json\/wp\/v2\/users\/1"}],"replies":[{"embeddable":true,"href":"https:\/\/www.bfv.cloud\/ajedrezeuropa\/wp-json\/wp\/v2\/comments?post=1825"}],"version-history":[{"count":1,"href":"https:\/\/www.bfv.cloud\/ajedrezeuropa\/wp-json\/wp\/v2\/posts\/1825\/revisions"}],"predecessor-version":[{"id":1831,"href":"https:\/\/www.bfv.cloud\/ajedrezeuropa\/wp-json\/wp\/v2\/posts\/1825\/revisions\/1831"}],"wp:featuredmedia":[{"embeddable":true,"href":"https:\/\/www.bfv.cloud\/ajedrezeuropa\/wp-json\/wp\/v2\/media\/1826"}],"wp:attachment":[{"href":"https:\/\/www.bfv.cloud\/ajedrezeuropa\/wp-json\/wp\/v2\/media?parent=1825"}],"wp:term":[{"taxonomy":"category","embeddable":true,"href":"https:\/\/www.bfv.cloud\/ajedrezeuropa\/wp-json\/wp\/v2\/categories?post=1825"},{"taxonomy":"post_tag","embeddable":true,"href":"https:\/\/www.bfv.cloud\/ajedrezeuropa\/wp-json\/wp\/v2\/tags?post=1825"}],"curies":[{"name":"wp","href":"https:\/\/api.w.org\/{rel}","templated":true}]}}