{"id":183,"date":"2014-03-18T21:00:00","date_gmt":"2014-03-18T21:00:00","guid":{"rendered":"https:\/\/www.bfv.cloud\/ajedrezeuropa\/index.php\/2014\/03\/18\/ii-torneo-fiestas-del-milagro-de-illescas\/"},"modified":"2025-11-20T10:14:20","modified_gmt":"2025-11-20T10:14:20","slug":"ii-torneo-fiestas-del-milagro-de-illescas","status":"publish","type":"post","link":"https:\/\/www.bfv.cloud\/ajedrezeuropa\/ii-torneo-fiestas-del-milagro-de-illescas\/","title":{"rendered":"II TORNEO \u201cFIESTAS DEL MILAGRO\u201d DE ILLESCAS"},"content":{"rendered":"<table cellpadding=\"0\" cellspacing=\"0\" class=\"tr-caption-container\" style=\"float: left;margin-right: 1em;text-align: left\">\n<tbody>\n<tr>\n<td style=\"text-align: center\"><a href=\"https:\/\/www.bfv.cloud\/ajedrezeuropa\/wp-content\/uploads\/2014\/03\/2014-03-1521.05.24.jpg\" style=\"clear: left;margin-bottom: 1em;margin-left: auto;margin-right: auto\"><img fetchpriority=\"high\" decoding=\"async\" border=\"0\" src=\"https:\/\/www.bfv.cloud\/ajedrezeuropa\/wp-content\/uploads\/2014\/03\/2014-03-1521.05.24.jpg\" height=\"263\" width=\"400\" \/><\/a><\/td>\n<\/tr>\n<tr>\n<td class=\"tr-caption\" style=\"text-align: center\">Los premiados con la responsable de servicios sociales del<br \/>\nayto de Illescas<\/td>\n<\/tr>\n<\/tbody>\n<\/table>\n<div class=\"MsoTitle\" style=\"text-align: justify\">\n<span style=\"font-size: 12pt\"><span style=\"color: #660000;font-family: Trebuchet MS, sans-serif\">El s\u00e1bado por la tarde ten\u00eda lugar en<br \/>\nla poblaci\u00f3n toledana de Illescas la segunda edici\u00f3n del torneo de las \u201cFiestas<br \/>\ndel Milagro\u201d, con una participaci\u00f3n de 36 jugadores procedentes de las<br \/>\nprovincias de Madrid, Guadalajara y Toledo. El ayuntamiento de Illescas y la<br \/>\nescuela municipal de ajedrez fueron los encargados de organizar este torneo en<br \/>\nel Espacio de Creaci\u00f3n Joven, con la mirada puesta en favorecer la formaci\u00f3n<br \/>\ndeportiva de los peque\u00f1os alumnos de la escuela que dirige Daniel P\u00edriz.<br \/>\nAunque, de nuevo, se animaron a participar jugadores de gran nivel<br \/>\najedrec\u00edstico como el alcarre\u00f1o Miguel Moreno y buenos aficionados de los<br \/>\nclubes de Talavera, Alcal\u00e1 o Madrid. Junto a ellos tambi\u00e9n estuvieron ni\u00f1os del<br \/>\nclub de Mora y algunos de los j\u00f3venes y ni\u00f1os incluidos en nuestros equipos de<br \/>\n\u201cEuropa\u201d y \u201cLa Igualdad\u201d. En resumen, buenos jugadores de todas las edades<br \/>\ndedicados a disfrutar del ajedrez durante 4 horas, repiti\u00e9ndose los 2 ganadores<br \/>\nabsolutos del a\u00f1o pasado, con Miguel Moreno como campe\u00f3n y Daniel P\u00edriz como<br \/>\nsubcampe\u00f3n. Publicamos algunas fotos de los premiados en las distintas<br \/>\ncategor\u00edas.<\/span><\/span><\/div>\n","protected":false},"excerpt":{"rendered":"<p>Los premiados con la responsable de servicios sociales del ayto de Illescas El s\u00e1bado por la tarde ten\u00eda lugar en la poblaci\u00f3n toledana de Illescas la segunda edici\u00f3n del torneo de las \u201cFiestas del Milagro\u201d, con una participaci\u00f3n de 36 jugadores procedentes de las provincias de Madrid, Guadalajara y Toledo. El ayuntamiento de Illescas y [&hellip;]<\/p>\n","protected":false},"author":1,"featured_media":184,"comment_status":"open","ping_status":"closed","sticky":false,"template":"","format":"standard","meta":{"footnotes":""},"categories":[1],"tags":[],"class_list":["post-183","post","type-post","status-publish","format-standard","has-post-thumbnail","hentry","category-noticias"],"_links":{"self":[{"href":"https:\/\/www.bfv.cloud\/ajedrezeuropa\/wp-json\/wp\/v2\/posts\/183","targetHints":{"allow":["GET"]}}],"collection":[{"href":"https:\/\/www.bfv.cloud\/ajedrezeuropa\/wp-json\/wp\/v2\/posts"}],"about":[{"href":"https:\/\/www.bfv.cloud\/ajedrezeuropa\/wp-json\/wp\/v2\/types\/post"}],"author":[{"embeddable":true,"href":"https:\/\/www.bfv.cloud\/ajedrezeuropa\/wp-json\/wp\/v2\/users\/1"}],"replies":[{"embeddable":true,"href":"https:\/\/www.bfv.cloud\/ajedrezeuropa\/wp-json\/wp\/v2\/comments?post=183"}],"version-history":[{"count":1,"href":"https:\/\/www.bfv.cloud\/ajedrezeuropa\/wp-json\/wp\/v2\/posts\/183\/revisions"}],"predecessor-version":[{"id":185,"href":"https:\/\/www.bfv.cloud\/ajedrezeuropa\/wp-json\/wp\/v2\/posts\/183\/revisions\/185"}],"wp:featuredmedia":[{"embeddable":true,"href":"https:\/\/www.bfv.cloud\/ajedrezeuropa\/wp-json\/wp\/v2\/media\/184"}],"wp:attachment":[{"href":"https:\/\/www.bfv.cloud\/ajedrezeuropa\/wp-json\/wp\/v2\/media?parent=183"}],"wp:term":[{"taxonomy":"category","embeddable":true,"href":"https:\/\/www.bfv.cloud\/ajedrezeuropa\/wp-json\/wp\/v2\/categories?post=183"},{"taxonomy":"post_tag","embeddable":true,"href":"https:\/\/www.bfv.cloud\/ajedrezeuropa\/wp-json\/wp\/v2\/tags?post=183"}],"curies":[{"name":"wp","href":"https:\/\/api.w.org\/{rel}","templated":true}]}}