{"id":1838,"date":"2014-02-17T00:09:00","date_gmt":"2014-02-17T00:09:00","guid":{"rendered":"https:\/\/www.bfv.cloud\/ajedrezeuropa\/index.php\/2014\/02\/17\/villafranca-renueva-sus-exitos-en-el-escolar-y-federado-de-toledo\/"},"modified":"2025-11-20T10:39:02","modified_gmt":"2025-11-20T10:39:02","slug":"villafranca-renueva-sus-exitos-en-el-escolar-y-federado-de-toledo","status":"publish","type":"post","link":"https:\/\/www.bfv.cloud\/ajedrezeuropa\/villafranca-renueva-sus-exitos-en-el-escolar-y-federado-de-toledo\/","title":{"rendered":"VILLAFRANCA RENUEVA SUS \u00c9XITOS EN EL ESCOLAR Y FEDERADO DE TOLEDO"},"content":{"rendered":"<table cellpadding=\"0\" cellspacing=\"0\" class=\"tr-caption-container\" style=\"float: left;margin-right: 1em;text-align: left\">\n<tbody>\n<tr>\n<td style=\"text-align: center\"><a href=\"https:\/\/www.bfv.cloud\/ajedrezeuropa\/wp-content\/uploads\/2014\/02\/FOTOSESCOLARTOLEDO2014018.jpg\" style=\"clear: left;margin-bottom: 1em;margin-left: auto;margin-right: auto\"><img fetchpriority=\"high\" decoding=\"async\" border=\"0\" src=\"https:\/\/www.bfv.cloud\/ajedrezeuropa\/wp-content\/uploads\/2014\/02\/FOTOSESCOLARTOLEDO2014018.jpg\" height=\"288\" width=\"400\" \/><\/a><\/td>\n<\/tr>\n<tr>\n<td class=\"tr-caption\" style=\"text-align: center\">Los 12 participantes de la escuela de Villafranca en los<br \/>provinciales de Toledo<\/td>\n<\/tr>\n<\/tbody>\n<\/table>\n<p><span style=\"font-family: Georgia, Times New Roman, serif\"><b><u>La fase regional del CRDEE tendr\u00e1 2 nuevas jugadoras de nuestras escuelas<\/u><\/b><\/span><br \/>\n<span style=\"font-family: Georgia, Times New Roman, serif\"><b>Irene Sim\u00f3n como campeona del escolar infantil toledano, con 1,5 puntos de ventaja sobre la segunda clasificada, y Silvia Toribio como subcampeona del escolar cadete, igualada a puntos con la 1\u00aa clasificada, se han ganado su participaci\u00f3n en el CRDEE que se celebrar\u00e1 del 29 de mayo al 1 de junio en el parque nacional de las lagunas de Ruidera. Estas 2 jugadoras de la escuela de ajedrez de Villafranca, junto a las otras 3 clasificadas de nuestra escuela alcazare\u00f1a, totalizan 5 de las 12 participantes en representaci\u00f3n de las provincias de Toledo y Ciudad Real para el pr\u00f3ximo castellano-manchego.<\/b><\/span><\/p>\n<table cellpadding=\"0\" cellspacing=\"0\" class=\"tr-caption-container\" style=\"float: right;margin-left: 1em;text-align: right\">\n<tbody>\n<tr>\n<td style=\"text-align: center\"><a href=\"https:\/\/www.bfv.cloud\/ajedrezeuropa\/wp-content\/uploads\/2014\/02\/FOTOSESCOLARTOLEDO2014030.jpg\" style=\"clear: right;margin-bottom: 1em;margin-left: auto;margin-right: auto\"><img decoding=\"async\" border=\"0\" src=\"https:\/\/www.bfv.cloud\/ajedrezeuropa\/wp-content\/uploads\/2014\/02\/FOTOSESCOLARTOLEDO2014030.jpg\" height=\"400\" width=\"192\" \/><\/a><\/td>\n<\/tr>\n<tr>\n<td class=\"tr-caption\" style=\"text-align: center\">Isaac Lozano, campe\u00f3n sub-18<\/td>\n<\/tr>\n<\/tbody>\n<\/table>\n<p><span style=\"font-family: Georgia, Times New Roman, serif\"><b><br \/><\/b><\/span><br \/>\n<span style=\"font-family: Georgia, Times New Roman, serif\"><b><u>4 t\u00edtulos de campeones provinciales y un subcampeonato en la clasificaci\u00f3n final del federado por edades de Toledo<\/u><\/b><\/span><br \/>\n<span style=\"font-family: Georgia, Times New Roman, serif\"><b>En cuanto a los resultados del provincial por edades para jugadores federados, la escuela de Villafranca, ha logrado el mayor n\u00famero de campeones de todas sus participaciones, con el siguiente reparto por categor\u00edas:<\/b><\/span><\/p>\n<div style=\"text-align: center\">\n<span style=\"font-family: Georgia, Times New Roman, serif\"><b><u>SUB-18:<\/u><\/b><\/span><\/div>\n<div style=\"text-align: center\">\n<span style=\"font-family: Georgia, Times New Roman, serif\"><b><span style=\"color: #274e13\">Isaac Lozano<\/span>, campe\u00f3n<\/b><\/span><\/div>\n<table cellpadding=\"0\" cellspacing=\"0\" class=\"tr-caption-container\" style=\"float: right;text-align: right\">\n<tbody>\n<tr>\n<td style=\"text-align: center\"><a href=\"https:\/\/www.bfv.cloud\/ajedrezeuropa\/wp-content\/uploads\/2014\/02\/FOTOSESCOLARTOLEDO2014024.jpg\" style=\"clear: right;margin-bottom: 1em;margin-left: auto;margin-right: auto\"><img decoding=\"async\" border=\"0\" src=\"https:\/\/www.bfv.cloud\/ajedrezeuropa\/wp-content\/uploads\/2014\/02\/FOTOSESCOLARTOLEDO2014024.jpg\" height=\"320\" width=\"235\" \/><\/a><\/td>\n<\/tr>\n<tr>\n<td class=\"tr-caption\" style=\"text-align: center\">Mar\u00eda Oliver, 5\u00aa clasificada del escolar<br \/>infantil y campeona sub-12<\/td>\n<\/tr>\n<\/tbody>\n<\/table>\n<div style=\"text-align: center\">\n<span style=\"font-family: Georgia, Times New Roman, serif\"><b><span style=\"color: #274e13\">Jes\u00fas M\u00aa Bricio<\/span>, 3\u00ba clasificado<\/b><\/span><\/div>\n<div style=\"text-align: center\">\n<span style=\"font-family: Georgia, Times New Roman, serif\"><b><br \/><\/b><\/span><\/div>\n<div style=\"text-align: center\">\n<span style=\"font-family: Georgia, Times New Roman, serif\"><b><u><br \/><\/u><\/b><\/span><\/div>\n<table align=\"center\" cellpadding=\"0\" cellspacing=\"0\" class=\"tr-caption-container\" style=\"float: left;margin-right: 1em;text-align: left\">\n<tbody>\n<tr>\n<td style=\"text-align: center\"><a href=\"https:\/\/www.bfv.cloud\/ajedrezeuropa\/wp-content\/uploads\/2014\/02\/FOTOSESCOLARTOLEDO2014020.jpg\" style=\"clear: left;margin-bottom: 1em;margin-left: auto;margin-right: auto\"><img loading=\"lazy\" decoding=\"async\" border=\"0\" src=\"https:\/\/www.bfv.cloud\/ajedrezeuropa\/wp-content\/uploads\/2014\/02\/FOTOSESCOLARTOLEDO2014020.jpg\" height=\"320\" width=\"290\" \/><\/a><\/td>\n<\/tr>\n<tr>\n<td class=\"tr-caption\" style=\"text-align: center\">Silvia Toribio subcampeona del escolar cadete y<br \/>del sub-16<\/td>\n<\/tr>\n<\/tbody>\n<\/table>\n<div style=\"text-align: center\">\n<span style=\"font-family: Georgia, Times New Roman, serif\"><b><u>SUB-16:<\/u><\/b><\/span><\/div>\n<div style=\"text-align: center\">\n<span style=\"font-family: Georgia, Times New Roman, serif\"><b><span style=\"color: #274e13\">Silvia Toribio<\/span>, subcampeona<\/b><\/span><\/div>\n<div style=\"text-align: center\">\n<span style=\"font-family: Georgia, Times New Roman, serif\"><b><span style=\"color: #274e13\">Alba P\u00edriz<\/span>, 5\u00aa clasificada<\/b><\/span><\/div>\n<table cellpadding=\"0\" cellspacing=\"0\" class=\"tr-caption-container\" style=\"float: left;text-align: left\">\n<tbody>\n<tr>\n<td style=\"text-align: center\"><a href=\"https:\/\/www.bfv.cloud\/ajedrezeuropa\/wp-content\/uploads\/2014\/02\/FOTOSESCOLARTOLEDO2014026.jpg\" style=\"clear: left;margin-bottom: 1em;margin-left: auto;margin-right: auto\"><img loading=\"lazy\" decoding=\"async\" border=\"0\" src=\"https:\/\/www.bfv.cloud\/ajedrezeuropa\/wp-content\/uploads\/2014\/02\/FOTOSESCOLARTOLEDO2014026.jpg\" height=\"320\" width=\"275\" \/><\/a><\/td>\n<\/tr>\n<tr>\n<td class=\"tr-caption\" style=\"text-align: center\">Irene Sim\u00f3n, campeona del escolar infantil y<br \/>de la categor\u00eda sub-14<\/td>\n<\/tr>\n<\/tbody>\n<\/table>\n<div style=\"text-align: center\">\n<span style=\"font-family: Georgia, Times New Roman, serif\"><b><u>SUB-14<\/u><\/b><\/span><\/div>\n<div style=\"text-align: center\">\n<b style=\"font-family: Georgia, 'Times New Roman', serif\"><span style=\"color: #274e13\">Iv\u00e1n Valencia<\/span>, campe\u00f3n<\/b><\/div>\n<div style=\"text-align: center\">\n<b style=\"font-family: Georgia, 'Times New Roman', serif\"><span style=\"color: #274e13\">Irene Sim\u00f3n<\/span>, campeona<\/b><\/div>\n<div style=\"text-align: center\">\n<span style=\"font-family: Georgia, Times New Roman, serif\"><b><span style=\"color: #274e13\">Diego Carrero<\/span>, 8\u00ba clasificado<\/b><\/span><\/div>\n<div style=\"text-align: center\">\n<span style=\"font-family: Georgia, Times New Roman, serif\"><b><u>SUB-12<\/u><\/b><\/span><\/div>\n<div style=\"text-align: center\">\n<span style=\"font-family: Georgia, Times New Roman, serif\"><b><span style=\"color: #274e13\">Mar\u00eda Oliver<\/span>, campeona<\/b><\/span><\/div>\n<table cellpadding=\"0\" cellspacing=\"0\" class=\"tr-caption-container\" style=\"float: left;text-align: center\">\n<tbody>\n<tr>\n<td style=\"text-align: center\"><a href=\"https:\/\/www.bfv.cloud\/ajedrezeuropa\/wp-content\/uploads\/2014\/02\/FOTOSESCOLARTOLEDO2014027.jpg\" style=\"clear: right;margin-bottom: 1em;margin-left: auto;margin-right: auto\"><img loading=\"lazy\" decoding=\"async\" border=\"0\" src=\"https:\/\/www.bfv.cloud\/ajedrezeuropa\/wp-content\/uploads\/2014\/02\/FOTOSESCOLARTOLEDO2014027.jpg\" height=\"320\" width=\"289\" \/><\/a><\/td>\n<\/tr>\n<tr>\n<td class=\"tr-caption\" style=\"text-align: center\">Iv\u00e1n Valencia, campe\u00f3n sub-14<\/td>\n<\/tr>\n<\/tbody>\n<\/table>\n<div style=\"text-align: center\">\n<span style=\"font-family: Georgia, Times New Roman, serif\"><b><span style=\"color: #274e13\">\u00d3scar Roncero<\/span>, 8\u00ba clasificado<\/b><\/span><\/div>\n<div style=\"text-align: center\">\n<span style=\"font-family: Georgia, Times New Roman, serif\"><b><u>SUB-10<\/u><\/b><\/span><\/div>\n<div style=\"text-align: center\">\n<span style=\"font-family: Georgia, Times New Roman, serif\"><b><span style=\"color: #274e13\">Juan Francisco Mar\u00edn<\/span>, 4\u00ba clasificado<\/b><\/span><\/div>\n<div style=\"text-align: center\">\n<span style=\"font-family: Georgia, Times New Roman, serif\"><b><span style=\"color: #274e13\">Hector Nieves<\/span>, 2,5 puntos<\/b><\/span><\/div>\n<div style=\"text-align: center\">\n<span style=\"font-family: Georgia, Times New Roman, serif\"><b><u>SUB-8<\/u><\/b><\/span><\/div>\n<div style=\"text-align: center\">\n<span style=\"font-family: Georgia, Times New Roman, serif\"><b><span style=\"color: #274e13\">\u00c1lvaro Alberca<\/span>, 2 puntos<\/b><\/span><\/div>\n<p><span style=\"font-family: Georgia, Times New Roman, serif\"><b><u><br \/><\/u><\/b><\/span><\/p>\n","protected":false},"excerpt":{"rendered":"<p>Los 12 participantes de la escuela de Villafranca en losprovinciales de Toledo La fase regional del CRDEE tendr\u00e1 2 nuevas jugadoras de nuestras escuelas Irene Sim\u00f3n como campeona del escolar infantil toledano, con 1,5 puntos de ventaja sobre la segunda clasificada, y Silvia Toribio como subcampeona del escolar cadete, igualada a puntos con la 1\u00aa [&hellip;]<\/p>\n","protected":false},"author":1,"featured_media":1839,"comment_status":"open","ping_status":"closed","sticky":false,"template":"","format":"standard","meta":{"footnotes":""},"categories":[1],"tags":[],"class_list":["post-1838","post","type-post","status-publish","format-standard","has-post-thumbnail","hentry","category-noticias"],"_links":{"self":[{"href":"https:\/\/www.bfv.cloud\/ajedrezeuropa\/wp-json\/wp\/v2\/posts\/1838","targetHints":{"allow":["GET"]}}],"collection":[{"href":"https:\/\/www.bfv.cloud\/ajedrezeuropa\/wp-json\/wp\/v2\/posts"}],"about":[{"href":"https:\/\/www.bfv.cloud\/ajedrezeuropa\/wp-json\/wp\/v2\/types\/post"}],"author":[{"embeddable":true,"href":"https:\/\/www.bfv.cloud\/ajedrezeuropa\/wp-json\/wp\/v2\/users\/1"}],"replies":[{"embeddable":true,"href":"https:\/\/www.bfv.cloud\/ajedrezeuropa\/wp-json\/wp\/v2\/comments?post=1838"}],"version-history":[{"count":1,"href":"https:\/\/www.bfv.cloud\/ajedrezeuropa\/wp-json\/wp\/v2\/posts\/1838\/revisions"}],"predecessor-version":[{"id":1845,"href":"https:\/\/www.bfv.cloud\/ajedrezeuropa\/wp-json\/wp\/v2\/posts\/1838\/revisions\/1845"}],"wp:featuredmedia":[{"embeddable":true,"href":"https:\/\/www.bfv.cloud\/ajedrezeuropa\/wp-json\/wp\/v2\/media\/1839"}],"wp:attachment":[{"href":"https:\/\/www.bfv.cloud\/ajedrezeuropa\/wp-json\/wp\/v2\/media?parent=1838"}],"wp:term":[{"taxonomy":"category","embeddable":true,"href":"https:\/\/www.bfv.cloud\/ajedrezeuropa\/wp-json\/wp\/v2\/categories?post=1838"},{"taxonomy":"post_tag","embeddable":true,"href":"https:\/\/www.bfv.cloud\/ajedrezeuropa\/wp-json\/wp\/v2\/tags?post=1838"}],"curies":[{"name":"wp","href":"https:\/\/api.w.org\/{rel}","templated":true}]}}