{"id":1846,"date":"2013-12-07T00:39:00","date_gmt":"2013-12-07T00:39:00","guid":{"rendered":"https:\/\/www.bfv.cloud\/ajedrezeuropa\/index.php\/2013\/12\/07\/nuestros-equipos-en-la-final-del-ceclub-sub-16\/"},"modified":"2025-11-20T10:39:09","modified_gmt":"2025-11-20T10:39:09","slug":"nuestros-equipos-en-la-final-del-ceclub-sub-16","status":"publish","type":"post","link":"https:\/\/www.bfv.cloud\/ajedrezeuropa\/nuestros-equipos-en-la-final-del-ceclub-sub-16\/","title":{"rendered":"NUESTROS EQUIPOS EN LA FINAL DEL CECLUB SUB-16"},"content":{"rendered":"<table cellpadding=\"0\" cellspacing=\"0\" class=\"tr-caption-container\" style=\"float: right;margin-left: 1em;text-align: right\">\n<tbody>\n<tr>\n<td style=\"text-align: center\"><a href=\"https:\/\/www.bfv.cloud\/ajedrezeuropa\/wp-content\/uploads\/2013\/12\/FOTOSCECLUB2013001.jpg\" style=\"clear: right;margin-bottom: 1em;margin-left: auto;margin-right: auto\"><img fetchpriority=\"high\" decoding=\"async\" border=\"0\" src=\"https:\/\/www.bfv.cloud\/ajedrezeuropa\/wp-content\/uploads\/2013\/12\/FOTOSCECLUB2013001.jpg\" height=\"392\" width=\"640\" \/><\/a><\/td>\n<\/tr>\n<tr>\n<td class=\"tr-caption\" style=\"text-align: center\">Todos los jugadores de la expedici\u00f3n del proyecto en el hall del hotel Torre Dorada de Benidorm<\/td>\n<\/tr>\n<\/tbody>\n<\/table>\n<div class=\"separator\" style=\"clear: both;text-align: center\">\n<a href=\"https:\/\/www.bfv.cloud\/ajedrezeuropa\/wp-content\/uploads\/2013\/12\/FOTOSCECLUB2013017.jpg\" style=\"clear: left;float: left;margin-bottom: 1em;margin-right: 1em\"><\/a><\/div>\n<div class=\"separator\" style=\"clear: both;text-align: left\">\n<span style=\"color: #274e13;font-family: Verdana, sans-serif\"><b>Disputadas 3 rondas del Campeonato de Espa\u00f1a por Equipos sub-16, programado a un total de 6, el club Nuestro Ajedrez en Europa ha logrado 3 puntos y 6 partidas ganadas lo que le coloca en la 15\u00aa plaza de la clasificaci\u00f3n provisional. Tres id\u00e9nticos resultados de 2-2 frente a los equipos 4\u00ba, 12\u00ba y 19\u00ba del ranking inicial le mantiene sin ninguna derrota llegada la mitad del torneo. Ma\u00f1ana, los jugadores de \u00abEuropa\u00bb, se enfrentar\u00e1n al club navarro de Santa Ana Siglo XXI, dentro de una ronda decisiva para la definici\u00f3n de los candidatos a encabezar esta final nacional.<\/b><\/span><\/div>\n<div class=\"separator\" style=\"clear: both;text-align: center\">\n<img decoding=\"async\" border=\"0\" src=\"https:\/\/www.bfv.cloud\/ajedrezeuropa\/wp-content\/uploads\/2013\/12\/FOTOSCECLUB2013017.jpg\" height=\"300\" width=\"400\" \/><\/div>\n<div class=\"separator\" style=\"clear: both;text-align: center\">\n<\/div>\n<div class=\"separator\" style=\"clear: both;text-align: center\">\n<\/div>\n<div class=\"separator\" style=\"clear: both;text-align: center\">\n<a href=\"https:\/\/www.bfv.cloud\/ajedrezeuropa\/wp-content\/uploads\/2013\/12\/FOTOSCECLUB2013018.jpg\" style=\"clear: right;float: right;margin-bottom: 1em;margin-left: 1em\"><img decoding=\"async\" border=\"0\" src=\"https:\/\/www.bfv.cloud\/ajedrezeuropa\/wp-content\/uploads\/2013\/12\/FOTOSCECLUB2013018.jpg\" height=\"240\" width=\"320\" \/><\/a><\/div>\n<p><span style=\"color: #274e13;font-family: Verdana, sans-serif\"><b>Entretanto, el equipo que representa al club Nuestro Ajedrez por la Igualdad, ha estado a punto de empatar en la 3\u00aa ronda jugada en la tarde de ayer viernes, aunque tras varias posibilidades de hacerlo el resultado se decant\u00f3 a favor del club alicantino de Xavia por un tanteo de &nbsp;2,5 a 1,5. Por el momento, los objetivos trazados para estos jugadores se est\u00e1n cumpliendo con gran solvencia.<\/b><\/span><\/p>\n<div class=\"separator\" style=\"clear: both;text-align: center\">\n<a href=\"https:\/\/www.bfv.cloud\/ajedrezeuropa\/wp-content\/uploads\/2013\/12\/FOTOSCECLUB2013013.jpg\" style=\"clear: left;float: left;margin-bottom: 1em;margin-right: 1em\"><img loading=\"lazy\" decoding=\"async\" border=\"0\" src=\"https:\/\/www.bfv.cloud\/ajedrezeuropa\/wp-content\/uploads\/2013\/12\/FOTOSCECLUB2013013.jpg\" height=\"240\" width=\"320\" \/><\/a><\/div>\n<p><span style=\"color: #274e13;font-family: Verdana, sans-serif\">Tambi\u00e9n los torneos de Nuevas Generaciones, organizados por el hotel Bali, est\u00e1n consiguiendo una amplia participaci\u00f3n. Os recordamos que en la categor\u00eda sub-12 Julia Meza es nuestra jugadora, mientras que en la cub-10 es Mar\u00eda Oliver. En el d\u00eda de ayer las dos jugaron 3 partidas, 1 en horario matinal y las otras 2 por la tarde, lo que hizo posible una larga jornada de lucha sobre el tablero para ambas. M\u00e1s all\u00e1 de las clasificaciones, nuestro inter\u00e9s se centra en darles la experiencia de disfrutar de una competici\u00f3n donde<\/span><\/p>\n<div class=\"separator\" style=\"clear: both;text-align: center\">\n<a href=\"https:\/\/www.bfv.cloud\/ajedrezeuropa\/wp-content\/uploads\/2013\/12\/FOTOSCECLUB2013014.jpg\" style=\"clear: left;float: left;margin-bottom: 1em;margin-right: 1em\"><img loading=\"lazy\" decoding=\"async\" border=\"0\" src=\"https:\/\/www.bfv.cloud\/ajedrezeuropa\/wp-content\/uploads\/2013\/12\/FOTOSCECLUB2013014.jpg\" height=\"240\" width=\"320\" \/><\/a><\/div>\n<p><span style=\"color: #274e13;font-family: Verdana, sans-serif\">puedan adquirir el ritmo de juego propio de las partidas denominadas \u00ablentas\u00bb. Con este objetivo central, solamente podemos a\u00f1adir el empe\u00f1o puesto por las dos en mejorar su concentraci\u00f3n y la calidad de su juego, llegando a estar durante cerca de 5 horas en el tablero durante las rondas del d\u00eda de la Constituci\u00f3n.<\/span><br \/>\n<span style=\"color: #274e13;font-family: Verdana, sans-serif\"><br \/><\/span><br \/>\n<span style=\"color: #274e13;font-family: Verdana, sans-serif\"><b>\u00a1\u00a1 MUCHO \u00c1NIMO PARA TODOS !!<\/b><\/span><\/p>\n","protected":false},"excerpt":{"rendered":"<p>Todos los jugadores de la expedici\u00f3n del proyecto en el hall del hotel Torre Dorada de Benidorm Disputadas 3 rondas del Campeonato de Espa\u00f1a por Equipos sub-16, programado a un total de 6, el club Nuestro Ajedrez en Europa ha logrado 3 puntos y 6 partidas ganadas lo que le coloca en la 15\u00aa plaza [&hellip;]<\/p>\n","protected":false},"author":1,"featured_media":1847,"comment_status":"open","ping_status":"closed","sticky":false,"template":"","format":"standard","meta":{"footnotes":""},"categories":[1],"tags":[],"class_list":["post-1846","post","type-post","status-publish","format-standard","has-post-thumbnail","hentry","category-noticias"],"_links":{"self":[{"href":"https:\/\/www.bfv.cloud\/ajedrezeuropa\/wp-json\/wp\/v2\/posts\/1846","targetHints":{"allow":["GET"]}}],"collection":[{"href":"https:\/\/www.bfv.cloud\/ajedrezeuropa\/wp-json\/wp\/v2\/posts"}],"about":[{"href":"https:\/\/www.bfv.cloud\/ajedrezeuropa\/wp-json\/wp\/v2\/types\/post"}],"author":[{"embeddable":true,"href":"https:\/\/www.bfv.cloud\/ajedrezeuropa\/wp-json\/wp\/v2\/users\/1"}],"replies":[{"embeddable":true,"href":"https:\/\/www.bfv.cloud\/ajedrezeuropa\/wp-json\/wp\/v2\/comments?post=1846"}],"version-history":[{"count":1,"href":"https:\/\/www.bfv.cloud\/ajedrezeuropa\/wp-json\/wp\/v2\/posts\/1846\/revisions"}],"predecessor-version":[{"id":1852,"href":"https:\/\/www.bfv.cloud\/ajedrezeuropa\/wp-json\/wp\/v2\/posts\/1846\/revisions\/1852"}],"wp:featuredmedia":[{"embeddable":true,"href":"https:\/\/www.bfv.cloud\/ajedrezeuropa\/wp-json\/wp\/v2\/media\/1847"}],"wp:attachment":[{"href":"https:\/\/www.bfv.cloud\/ajedrezeuropa\/wp-json\/wp\/v2\/media?parent=1846"}],"wp:term":[{"taxonomy":"category","embeddable":true,"href":"https:\/\/www.bfv.cloud\/ajedrezeuropa\/wp-json\/wp\/v2\/categories?post=1846"},{"taxonomy":"post_tag","embeddable":true,"href":"https:\/\/www.bfv.cloud\/ajedrezeuropa\/wp-json\/wp\/v2\/tags?post=1846"}],"curies":[{"name":"wp","href":"https:\/\/api.w.org\/{rel}","templated":true}]}}