{"id":1858,"date":"2011-01-31T23:13:00","date_gmt":"2011-01-31T23:13:00","guid":{"rendered":"https:\/\/www.bfv.cloud\/ajedrezeuropa\/index.php\/2011\/01\/31\/sigue-la-competicion-en-ciudad-real-y-toledo\/"},"modified":"2025-11-20T10:39:15","modified_gmt":"2025-11-20T10:39:15","slug":"sigue-la-competicion-en-ciudad-real-y-toledo","status":"publish","type":"post","link":"https:\/\/www.bfv.cloud\/ajedrezeuropa\/sigue-la-competicion-en-ciudad-real-y-toledo\/","title":{"rendered":"SIGUE LA COMPETICI\u00d3N EN CIUDAD REAL Y TOLEDO"},"content":{"rendered":"<table align=\"center\" cellpadding=\"0\" cellspacing=\"0\" class=\"tr-caption-container\" style=\"margin-left: auto;margin-right: auto;text-align: center\">\n<tbody>\n<tr>\n<td style=\"text-align: center\"><a href=\"https:\/\/www.bfv.cloud\/ajedrezeuropa\/wp-content\/uploads\/2011\/01\/CAMPEONATODEESPA25C32591ACLUBS-16010.jpg\" style=\"margin-left: auto;margin-right: auto\"><img fetchpriority=\"high\" decoding=\"async\" border=\"0\" height=\"300\" src=\"https:\/\/blogger.googleusercontent.com\/img\/b\/R29vZ2xl\/AVvXsEiVXWbpcrlPGNa7Bgb5LjcyraAOjrUOeTG2XPdll4o5MkkDs5A4Tp7y5r8nYuWhs-qdWulOeI5i2GhGtFz2sfcX0831lvfAj5pRecs6zeVM1G8u7Sz1IG6_hYFk5ifW0JX2YJ2mmyLfDhU\/s400\/CAMPEONATO+DE+ESPA%25C3%2591A+CLUB+S-16+010.jpg\" width=\"400\" \/><\/a><\/td>\n<\/tr>\n<tr>\n<td class=\"tr-caption\" style=\"text-align: center\">Santiago Talavera lidera en solitario la categor\u00eda cadete<\/td>\n<\/tr>\n<\/tbody>\n<\/table>\n<p>&nbsp;<em><span style=\"font-family: Verdana, sans-serif\">Durante el pasado s\u00e1bado se han seguido disputando las distintas competiciones provinciales donde se encuentran representadas las escuelas de Alc\u00e1zar y Villafranca, obteniendo resultados dispares en sus respectivas rondas. <\/span><\/em><\/p>\n<div style=\"border-bottom: medium none;border-left: medium none;border-right: medium none;border-top: medium none\"><em><span style=\"font-family: Verdana\">En la liga de escuelas de Ciudad Real, el equipo formado por los chicos de la EDM de Alc\u00e1zar ca\u00eda derrotado 1-3 frente al Club de Ajedrez Almagro, lo que les desplaza, moment\u00e1neamente, a la 2\u00aa plaza de la clasificaci\u00f3n provisional con una suma de 6,5 puntos por detr\u00e1s del Club de Ciudad Real con 7. Este campeonato queda parado hasta su reanudaci\u00f3n el pr\u00f3ximo 30 de abril, a causa del inicio del Escolar y del federado por Edades.<\/span><\/em><\/div>\n<div style=\"border-bottom: medium none;border-left: medium none;border-right: medium none;border-top: medium none\"><em><span style=\"font-family: Verdana\">Enlace en chess-results: <a href=\"http:\/\/chess-results.com\/tnr43219.aspx?lan=2\">http:\/\/chess-results.com\/tnr43219.aspx?lan=2<\/a><\/span><\/em><\/div>\n<div style=\"border-bottom: medium none;border-left: medium none;border-right: medium none;border-top: medium none\">\n<\/div>\n<p><em><span style=\"font-family: Verdana\">En Toledo se celebr\u00f3 una jornada m\u00e1s del Escolar y del sub-18, quedando sus clasificaciones intermedias del siguiente modo:<\/span><\/em><\/p>\n<p><em><span style=\"font-family: Verdana\">&#8211; <u>Escolar Cadete:<\/u> Despu\u00e9s de las importantes victorias en la&nbsp;4\u00aa ronda&nbsp;de Santiago Talavera, Daniel P\u00edriz y Jes\u00fas Mar\u00eda Bricio; de las tablas de Jorge Sim\u00f3n y de la derrota de Sergio Valencia, los chicos se sit\u00faan en las siguientes posiciones: 1\u00ba.- Santiago con 3,5 puntos; 4\u00ba y 5\u00ba.- Daniel y Jorge con 3 puntos, empatados con otros tres jugadores; 10\u00ba.- Jes\u00fas Mar\u00eda con 2,5 puntos y 11\u00ba.- Sergio con 2.<\/span><\/em><\/p>\n<div style=\"border-bottom: medium none;border-left: medium none;border-right: medium none;border-top: medium none\"><span style=\"font-family: Verdana\">Enlace con web de chess-results: <a href=\"http:\/\/chess-results.com\/tnr43698.aspx?art=1&amp;lan=2&amp;m=-1&amp;wi=1000\">http:\/\/chess-results.com\/tnr43698.aspx?art=1&amp;lan=2&amp;m=-1&amp;wi=1000<\/a><\/span><\/div>\n<div style=\"border-bottom: medium none;border-left: medium none;border-right: medium none;border-top: medium none\">\n<\/div>\n<div style=\"border-bottom: medium none;border-left: medium none;border-right: medium none;border-top: medium none\">&#8211; <em><span style=\"font-family: Verdana, sans-serif\"><u>Escolar Infantil:<\/u> A falta de las 3 decisivas \u00faltimas rondas, los chicos y chicas de Villafranca, mantienen sus opciones para clasificarse en las distintas categor\u00edas a las que da paso este torneo, a pesar de no haber sido una buena jornada para los nuestros en l\u00edneas generales. As\u00ed han quedado:<\/span><\/em><\/div>\n<div style=\"border-bottom: medium none;border-left: medium none;border-right: medium none;border-top: medium none\"><em><span style=\"font-family: Verdana\">9\u00aa.- Irene Sim\u00f3n, 4 puntos; 16\u00ba.-&nbsp;Ra\u00fal D\u00edaz, 3,5 puntos; Con 3 puntos: 20\u00ba.- Jos\u00e9 Luis D\u00edaz, 21\u00aa.- Silvia Toribio, 25\u00aa.- Alba P\u00edriz; Con 2 puntos: Alex Cristian Roman, Iv\u00e1n Valencia, Mar\u00eda Oliver y Andrea S\u00e1nchez en los puestos 50\u00ba, 52\u00ba, 64\u00ba y 66\u00ba, respectivamente; Con 1 punto: Eva S\u00e1nchez (79\u00ba), \u00d3scar Roncero (89\u00ba) y Paula Velasco (91\u00ba).<\/span><\/em><\/div>\n<div style=\"border-bottom: medium none;border-left: medium none;border-right: medium none;border-top: medium none\"><em><span style=\"font-family: Verdana\">Enlace en chess-results: <a href=\"http:\/\/chess-results.com\/tnr43695.aspx?art=1&amp;lan=2&amp;m=-1&amp;wi=1000\">http:\/\/chess-results.com\/tnr43695.aspx?art=1&amp;lan=2&amp;m=-1&amp;wi=1000<\/a><\/span><\/em><\/div>\n<div style=\"border-bottom: medium none;border-left: medium none;border-right: medium none;border-top: medium none\">\n<\/div>\n<div style=\"border-bottom: medium none;border-left: medium none;border-right: medium none;border-top: medium none\"><em><span style=\"font-family: Verdana\">Finalmente, en el provincial sub-18, Blanca Y\u00e9benes ocupa la 5\u00aa plaza con 2 puntos despu\u00e9s de 3 rondas.<\/span><\/em><\/div>\n<div style=\"border-bottom: medium none;border-left: medium none;border-right: medium none;border-top: medium none\"><em><span style=\"font-family: Verdana\">Enlace: <a href=\"http:\/\/chess-results.com\/tnr43622.aspx?art=1&amp;rd=3&amp;lan=2&amp;m=-1&amp;wi=1000\">http:\/\/chess-results.com\/tnr43622.aspx?art=1&amp;rd=3&amp;lan=2&amp;m=-1&amp;wi=1000<\/a><\/span><\/em><\/div>\n<div style=\"border-bottom: medium none;border-left: medium none;border-right: medium none;border-top: medium none\">\n<\/div>\n<div style=\"border-bottom: medium none;border-left: medium none;border-right: medium none;border-top: medium none\"><em><span style=\"font-family: Verdana\">Hay dos circunstancias que ha llegado la hora de aclarar y puntualizar:<\/span><\/em><\/div>\n<div style=\"border-bottom: medium none;border-left: medium none;border-right: medium none;border-top: medium none\"><em><span style=\"font-family: Verdana\">1\u00aa) En cuanto a la publicaci\u00f3n de noticias en las p\u00e1ginas web de la delegaci\u00f3n de ajedrez de Toledo y de la Federaci\u00f3n de Ajedrez de Castilla-La Mancha, queremos manifestar, desde nuestra absoluta independencia y falta de vinculaci\u00f3n con ning\u00fan sector federativo, la necesidad de que los redactores de las informaciones sean objetivos e imparciales, ya que desde una p\u00e1gina oficial no se puede ni se debe sesgar o tergiversar las&nbsp;noticias a conveniencia de nadie.<\/span><\/em><\/div>\n<div style=\"border-bottom: medium none;border-left: medium none;border-right: medium none;border-top: medium none\"><em><span style=\"font-family: Verdana\">2\u00aa) Deseamos hacer p\u00fablico nuestro apoyo al premio entregado a Esperanza Su\u00e1rez en la reciente gala del deporte organizada por la Diputaci\u00f3n de Toledo, ya que una trayectoria como la suya merece ser reconocida por el propio mundo del ajedrez y por las instituciones que lo financian. Tambi\u00e9n&nbsp;felicitamos a Laura Alonso por su menci\u00f3n, obtenida gracias al resultado en el \u00faltimo Campeonato de Espa\u00f1a sub-12, y la hacemos extensiva al maestro Herminio Herr\u00e1iz que fue su preparador el pasado a\u00f1o. <\/span><\/em><\/div>\n<div style=\"border-bottom: medium none;border-left: medium none;border-right: medium none;border-top: medium none\"><em><span style=\"font-family: Verdana\">Aunque lo que no comprendemos son los rumores insistentes de la existencia de vetos, por parte de algunos federativos y allegados, a que en alg\u00fan momento el premiado sea un chico o una chica perteneciente a nuestros clubes o&nbsp;a la escuela. Por suerte para el ajedrez, en Villafranca y otros pueblos toledanos,&nbsp;tenemos brillantes jugadores cuyos resultados son merecedores de premios y distinciones, aunque hasta ahora no se les haya reconocido. <\/span><\/em><\/div>\n<table align=\"center\" cellpadding=\"0\" cellspacing=\"0\" class=\"tr-caption-container\" style=\"margin-left: auto;margin-right: auto;text-align: center\">\n<tbody>\n<tr>\n<td style=\"text-align: center\"><a href=\"https:\/\/www.bfv.cloud\/ajedrezeuropa\/wp-content\/uploads\/2011\/01\/PIC_0012.jpg\" style=\"margin-left: auto;margin-right: auto\"><img decoding=\"async\" border=\"0\" height=\"300\" src=\"https:\/\/blogger.googleusercontent.com\/img\/b\/R29vZ2xl\/AVvXsEhE_m6XWDFA0UHMpwy_-mZUNb6vhUg-qN9P0vvEm-Ql5L53kjxNBnfs0JUQsZcOjncjdRjKApqe7sQ7ugo6H5qhvU97iPDYeaDPdIm9SX9c2t7cqY7dDqLIq9-XxGys87cjSK-sh-9OHKA\/s400\/PIC_0012.JPG\" width=\"400\" \/><\/a><\/td>\n<\/tr>\n<tr>\n<td class=\"tr-caption\" style=\"text-align: center\">Comienza el juego en el encuentro Alc\u00e1zar-Almagro<\/td>\n<\/tr>\n<\/tbody>\n<\/table>\n","protected":false},"excerpt":{"rendered":"<p>Santiago Talavera lidera en solitario la categor\u00eda cadete &nbsp;Durante el pasado s\u00e1bado se han seguido disputando las distintas competiciones provinciales donde se encuentran representadas las escuelas de Alc\u00e1zar y Villafranca, obteniendo resultados dispares en sus respectivas rondas. En la liga de escuelas de Ciudad Real, el equipo formado por los chicos de la EDM de [&hellip;]<\/p>\n","protected":false},"author":1,"featured_media":1859,"comment_status":"open","ping_status":"closed","sticky":false,"template":"","format":"standard","meta":{"footnotes":""},"categories":[1],"tags":[],"class_list":["post-1858","post","type-post","status-publish","format-standard","has-post-thumbnail","hentry","category-noticias"],"_links":{"self":[{"href":"https:\/\/www.bfv.cloud\/ajedrezeuropa\/wp-json\/wp\/v2\/posts\/1858","targetHints":{"allow":["GET"]}}],"collection":[{"href":"https:\/\/www.bfv.cloud\/ajedrezeuropa\/wp-json\/wp\/v2\/posts"}],"about":[{"href":"https:\/\/www.bfv.cloud\/ajedrezeuropa\/wp-json\/wp\/v2\/types\/post"}],"author":[{"embeddable":true,"href":"https:\/\/www.bfv.cloud\/ajedrezeuropa\/wp-json\/wp\/v2\/users\/1"}],"replies":[{"embeddable":true,"href":"https:\/\/www.bfv.cloud\/ajedrezeuropa\/wp-json\/wp\/v2\/comments?post=1858"}],"version-history":[{"count":1,"href":"https:\/\/www.bfv.cloud\/ajedrezeuropa\/wp-json\/wp\/v2\/posts\/1858\/revisions"}],"predecessor-version":[{"id":1861,"href":"https:\/\/www.bfv.cloud\/ajedrezeuropa\/wp-json\/wp\/v2\/posts\/1858\/revisions\/1861"}],"wp:featuredmedia":[{"embeddable":true,"href":"https:\/\/www.bfv.cloud\/ajedrezeuropa\/wp-json\/wp\/v2\/media\/1859"}],"wp:attachment":[{"href":"https:\/\/www.bfv.cloud\/ajedrezeuropa\/wp-json\/wp\/v2\/media?parent=1858"}],"wp:term":[{"taxonomy":"category","embeddable":true,"href":"https:\/\/www.bfv.cloud\/ajedrezeuropa\/wp-json\/wp\/v2\/categories?post=1858"},{"taxonomy":"post_tag","embeddable":true,"href":"https:\/\/www.bfv.cloud\/ajedrezeuropa\/wp-json\/wp\/v2\/tags?post=1858"}],"curies":[{"name":"wp","href":"https:\/\/api.w.org\/{rel}","templated":true}]}}