{"id":186,"date":"2021-12-20T11:10:00","date_gmt":"2021-12-20T11:10:00","guid":{"rendered":"https:\/\/www.bfv.cloud\/ajedrezeuropa\/index.php\/2021\/12\/20\/xvi-torneo-ajedrez-por-la-igualdad-el-domingo-2-de-enero-por-la-manana\/"},"modified":"2025-11-20T10:14:21","modified_gmt":"2025-11-20T10:14:21","slug":"xvi-torneo-ajedrez-por-la-igualdad-el-domingo-2-de-enero-por-la-manana","status":"publish","type":"post","link":"https:\/\/www.bfv.cloud\/ajedrezeuropa\/xvi-torneo-ajedrez-por-la-igualdad-el-domingo-2-de-enero-por-la-manana\/","title":{"rendered":"XVI TORNEO AJEDREZ POR LA IGUALDAD EL DOMINGO 2 DE ENERO POR LA MA\u00d1ANA"},"content":{"rendered":"<p>&nbsp;<\/p>\n<div class=\"separator\" style=\"clear: both;text-align: center\"><a href=\"https:\/\/blogger.googleusercontent.com\/img\/a\/AVvXsEiD_I7PEpIDOx6dBQIf37iWnEHTFQzhJOfD6UNTBKA8z0ggzQn_9g87V-j-L0xEhPjqH0gx2Ohegq9jaQeyrsbi4wTmZtaxz7KpfE5MxLqByX_dPzIuJabMe2LZJNnbm8ZWS7EPJPNGd76r2ziL-r0N-wfyK6AjxUX1jYxlsGcGOfsxtx_4c3MyglTk=s3495\" style=\"margin-left: 1em;margin-right: 1em\"><img fetchpriority=\"high\" decoding=\"async\" border=\"0\" data-original-height=\"3495\" data-original-width=\"2508\" height=\"640\" src=\"https:\/\/blogger.googleusercontent.com\/img\/a\/AVvXsEiD_I7PEpIDOx6dBQIf37iWnEHTFQzhJOfD6UNTBKA8z0ggzQn_9g87V-j-L0xEhPjqH0gx2Ohegq9jaQeyrsbi4wTmZtaxz7KpfE5MxLqByX_dPzIuJabMe2LZJNnbm8ZWS7EPJPNGd76r2ziL-r0N-wfyK6AjxUX1jYxlsGcGOfsxtx_4c3MyglTk=w460-h640\" width=\"460\" \/><\/a><\/div>\n<p><span style=\"font-family: helvetica;font-size: large\"><b><\/p>\n<div><span style=\"font-family: helvetica;font-size: large\"><b><br \/><\/b><\/span><\/div>\n<p>El domingo 2 de enero de 2022 se celebrar\u00e1 el Torneo de Navidad Ajedrez por la Igualdad en el sal\u00f3n de actos de la casa de la cultura de Villafranca de los Caballeros. Ser\u00e1 la XVI edici\u00f3n y estar\u00e1 dividido en dos torneos distintos: uno para los chicos y chicas m\u00e1s peque\u00f1os hasta la&nbsp; categor\u00eda sub-12 y en el otro donde jugar\u00e1n el resto de categor\u00edas desde la sub-14 a la absoluta. En esta ocasi\u00f3n, las condiciones sanitarias exigen inscribirse antes del torneo y como m\u00e1ximo el 31 de diciembre. Las instrucciones para la inscripci\u00f3n y las bases de ambos torneos las publicamos a continuaci\u00f3n:<\/b><\/span><\/p>\n<div><span style=\"font-family: helvetica;font-size: large\"><\/p>\n<div class=\"separator\" style=\"clear: both;text-align: center\"><a href=\"https:\/\/blogger.googleusercontent.com\/img\/a\/AVvXsEhPwHYEHHM2Zk7yCo21W9gKEfxYzTZieDCqtjL1L89aAbM4NxwLTut7YHycpUKIv7cs6m-TIcGC5RHDb6tQdCPsxHCH1jtU-OOt4hMGaq80GY8Jy53sSMUhHOEyj20K-mTMl0cowwAcz4m-jXff5kEGSj71bLA2Wv5_u7QmHIElixLtXy2YbWc77AZf=s3508\" style=\"margin-left: 1em;margin-right: 1em\"><img decoding=\"async\" border=\"0\" data-original-height=\"3508\" data-original-width=\"2479\" height=\"685\" src=\"https:\/\/blogger.googleusercontent.com\/img\/a\/AVvXsEhPwHYEHHM2Zk7yCo21W9gKEfxYzTZieDCqtjL1L89aAbM4NxwLTut7YHycpUKIv7cs6m-TIcGC5RHDb6tQdCPsxHCH1jtU-OOt4hMGaq80GY8Jy53sSMUhHOEyj20K-mTMl0cowwAcz4m-jXff5kEGSj71bLA2Wv5_u7QmHIElixLtXy2YbWc77AZf=w484-h685\" width=\"484\" \/><\/a><\/div>\n<p><\/p>\n<div class=\"separator\" style=\"clear: both;text-align: center\"><a href=\"https:\/\/blogger.googleusercontent.com\/img\/a\/AVvXsEgYGRalu0NEH6zLFNOnbNWl79gmL282a7f2De4bdKCl05v3x8UhC62Mi6-D2PqPa4cWXm3eoNMnlXcWfE0w_pJYEoPX6CkJnFONff3EcOeBu3hZjwz1844Jca23-RzdZ3q109gkpJTu1AVldtnHG4OwiUvMSE-DBV1lAGn-rLF-Koi3-pTINrpAEuQ4=s3508\" style=\"margin-left: 1em;margin-right: 1em\"><img decoding=\"async\" border=\"0\" data-original-height=\"3508\" data-original-width=\"2479\" height=\"689\" src=\"https:\/\/blogger.googleusercontent.com\/img\/a\/AVvXsEgYGRalu0NEH6zLFNOnbNWl79gmL282a7f2De4bdKCl05v3x8UhC62Mi6-D2PqPa4cWXm3eoNMnlXcWfE0w_pJYEoPX6CkJnFONff3EcOeBu3hZjwz1844Jca23-RzdZ3q109gkpJTu1AVldtnHG4OwiUvMSE-DBV1lAGn-rLF-Koi3-pTINrpAEuQ4=w487-h689\" width=\"487\" \/><\/a><\/div>\n<p><b><br \/><\/b><\/span><\/div>\n<div><span style=\"font-family: helvetica;font-size: large\"><b><br \/><\/b><\/span><\/div>\n","protected":false},"excerpt":{"rendered":"<p>&nbsp; El domingo 2 de enero de 2022 se celebrar\u00e1 el Torneo de Navidad Ajedrez por la Igualdad en el sal\u00f3n de actos de la casa de la cultura de Villafranca de los Caballeros. Ser\u00e1 la XVI edici\u00f3n y estar\u00e1 dividido en dos torneos distintos: uno para los chicos y chicas m\u00e1s peque\u00f1os hasta la&nbsp; [&hellip;]<\/p>\n","protected":false},"author":1,"featured_media":0,"comment_status":"open","ping_status":"closed","sticky":false,"template":"","format":"standard","meta":{"footnotes":""},"categories":[1],"tags":[],"class_list":["post-186","post","type-post","status-publish","format-standard","hentry","category-noticias"],"_links":{"self":[{"href":"https:\/\/www.bfv.cloud\/ajedrezeuropa\/wp-json\/wp\/v2\/posts\/186","targetHints":{"allow":["GET"]}}],"collection":[{"href":"https:\/\/www.bfv.cloud\/ajedrezeuropa\/wp-json\/wp\/v2\/posts"}],"about":[{"href":"https:\/\/www.bfv.cloud\/ajedrezeuropa\/wp-json\/wp\/v2\/types\/post"}],"author":[{"embeddable":true,"href":"https:\/\/www.bfv.cloud\/ajedrezeuropa\/wp-json\/wp\/v2\/users\/1"}],"replies":[{"embeddable":true,"href":"https:\/\/www.bfv.cloud\/ajedrezeuropa\/wp-json\/wp\/v2\/comments?post=186"}],"version-history":[{"count":1,"href":"https:\/\/www.bfv.cloud\/ajedrezeuropa\/wp-json\/wp\/v2\/posts\/186\/revisions"}],"predecessor-version":[{"id":187,"href":"https:\/\/www.bfv.cloud\/ajedrezeuropa\/wp-json\/wp\/v2\/posts\/186\/revisions\/187"}],"wp:attachment":[{"href":"https:\/\/www.bfv.cloud\/ajedrezeuropa\/wp-json\/wp\/v2\/media?parent=186"}],"wp:term":[{"taxonomy":"category","embeddable":true,"href":"https:\/\/www.bfv.cloud\/ajedrezeuropa\/wp-json\/wp\/v2\/categories?post=186"},{"taxonomy":"post_tag","embeddable":true,"href":"https:\/\/www.bfv.cloud\/ajedrezeuropa\/wp-json\/wp\/v2\/tags?post=186"}],"curies":[{"name":"wp","href":"https:\/\/api.w.org\/{rel}","templated":true}]}}