{"id":1862,"date":"2012-03-12T01:08:00","date_gmt":"2012-03-12T01:08:00","guid":{"rendered":"https:\/\/www.bfv.cloud\/ajedrezeuropa\/index.php\/2012\/03\/12\/dos-campeones-provinciales-junto-a-otros-dos-subcampeones-y-dos-bronces-avalan-un-nuevo-exito-de-la-escuela-alcazarena-de-nuestro-ajedrez-en-europa\/"},"modified":"2025-11-20T10:39:22","modified_gmt":"2025-11-20T10:39:22","slug":"dos-campeones-provinciales-junto-a-otros-dos-subcampeones-y-dos-bronces-avalan-un-nuevo-exito-de-la-escuela-alcazarena-de-nuestro-ajedrez-en-europa","status":"publish","type":"post","link":"https:\/\/www.bfv.cloud\/ajedrezeuropa\/dos-campeones-provinciales-junto-a-otros-dos-subcampeones-y-dos-bronces-avalan-un-nuevo-exito-de-la-escuela-alcazarena-de-nuestro-ajedrez-en-europa\/","title":{"rendered":"DOS CAMPEONES PROVINCIALES, JUNTO A OTROS DOS SUBCAMPEONES Y DOS BRONCES, AVALAN UN NUEVO \u00c9XITO DE LA ESCUELA ALCAZARE\u00d1A DE NUESTRO AJEDREZ EN EUROPA"},"content":{"rendered":"<p>\ufeff <\/p>\n<table cellpadding=\"0\" cellspacing=\"0\" class=\"tr-caption-container\" style=\"float: left;margin-right: 1em;text-align: left\">\n<tbody>\n<tr>\n<td style=\"text-align: center\"><a href=\"https:\/\/www.bfv.cloud\/ajedrezeuropa\/wp-content\/uploads\/2012\/03\/FOTOSPROVINCIALEDADESCIUDADREAL2012029.jpg\" style=\"clear: left;margin-bottom: 1em;margin-left: auto;margin-right: auto\"><img fetchpriority=\"high\" decoding=\"async\" border=\"0\" height=\"300\" src=\"https:\/\/blogger.googleusercontent.com\/img\/b\/R29vZ2xl\/AVvXsEj0zcut0rjH9yyPPBac66JqanGZSG0XmztBjElA-tsjVwwBYa9HCHFcwUINnh8essysGHQtltj6nX-wM1w6rSroNZ820Bsc41Uo_wIaEKyMNpCiQC7zqD3TtGSUw0U8QFyIDU86xO_ZD9U\/s400\/FOTOS+PROVINCIAL+EDADES+CIUDAD+REAL+2012+029.jpg\" width=\"400\" \/><\/a><\/td>\n<\/tr>\n<tr>\n<td class=\"tr-caption\" style=\"text-align: center\">Jos\u00e9 \u00c1ngel Vela, Daniel Salas y Manuel Marcos-Alberca, han <br \/>\nocupado las 3 primeras plazas en el sub-18 de Ciudad Real<\/td>\n<\/tr>\n<\/tbody>\n<\/table>\n<p>\ufeff <span style=\"font-family: Arial, Helvetica, sans-serif\">El pasado fin de semana ha finalizado en Tomelloso&nbsp;el Campeonato Provincial por Edades de Ciudad Real de esta temporada. Los 18 participantes de la escuela de ajedrez de Alc\u00e1zar han logrado 6 puestos de honor en la clasificaci\u00f3n final de las distintas categor\u00edas. Comenzando por&nbsp;el provincial juvenil (sub-18), donde nuestros jugadores han alcanzado las 4 primeras posiciones gracias a los resultados de Jos\u00e9 \u00c1ngel Vela Horcajada, campe\u00f3n despu\u00e9s de sumar&nbsp;el 100% de &nbsp;los puntos en juego&nbsp;(6&nbsp;de 6)&nbsp;, Daniel Salas Lloret, subcampe\u00f3n, Manuel Lorenzo Marcos- Alberca, 3\u00ba clasificado, y a Antonio S\u00e1nchez-Beato, 4\u00ba; continuando por el sub-16, con la victoria de Carlos&nbsp;\u00c1lvarez, tras lograr 5 puntos; o&nbsp; siguiendo con las magn\u00edficas actuaciones de Javier Valdepe\u00f1as en el sub-14, alcanzando la 5\u00aa plaza despu\u00e9s de conseguir sendas tablas con los 2 primeros clasificados, o de Julio M\u00e9rida en el sub-12&nbsp;con su 4\u00aa posici\u00f3n, debemos dejar constancia de nuestra m\u00e1s sincera felicitaci\u00f3n para todos nuestros alumnos y alumnas por haber demostrado,&nbsp;de nuevo, que el esfuerzo casi siempre tiene una recompensa adecuada.&nbsp;&nbsp;&nbsp;<\/span><br \/>\n\ufeff <br \/>\n\ufeff\ufeff <\/p>\n<table cellpadding=\"0\" cellspacing=\"0\" class=\"tr-caption-container\" style=\"float: right;margin-left: 1em;text-align: right\">\n<tbody>\n<tr>\n<td style=\"text-align: center\"><a href=\"https:\/\/www.bfv.cloud\/ajedrezeuropa\/wp-content\/uploads\/2012\/03\/FOTOSPROVINCIALEDADESCIUDADREAL2012026.jpg\" style=\"clear: right;margin-bottom: 1em;margin-left: auto;margin-right: auto\"><img decoding=\"async\" border=\"0\" height=\"400\" src=\"https:\/\/blogger.googleusercontent.com\/img\/b\/R29vZ2xl\/AVvXsEgFT1n6BWHgjleuZGbi9jYmn648ii6OoV3kqvFnm-iQQNVScWVvyu9vFC_xnexQlhzBwG5jyVo3zvHu__UkNIINg0VkXYoNM_witUopLmcYyQxPrNRyukBHVoETUxSZ6ykwoNqiSSGp900\/s400\/FOTOS+PROVINCIAL+EDADES+CIUDAD+REAL+2012+026.jpg\" width=\"273\" \/><\/a><\/td>\n<\/tr>\n<tr>\n<td class=\"tr-caption\" style=\"text-align: center\">Carlos \u00c1lvarez, campe\u00f3n sub-16<\/td>\n<\/tr>\n<\/tbody>\n<\/table>\n<p>\ufeff\ufeff \ufeff\ufeff <br \/>\n\ufeff\ufeff <\/p>\n<table cellpadding=\"0\" cellspacing=\"0\" class=\"tr-caption-container\" style=\"float: left;margin-right: 1em;text-align: left\">\n<tbody>\n<tr>\n<td style=\"text-align: center\"><a href=\"https:\/\/www.bfv.cloud\/ajedrezeuropa\/wp-content\/uploads\/2012\/03\/FOTOSPROVINCIALEDADESCIUDADREAL2012024.jpg\" style=\"clear: left;margin-bottom: 1em;margin-left: auto;margin-right: auto\"><img decoding=\"async\" border=\"0\" height=\"400\" src=\"https:\/\/blogger.googleusercontent.com\/img\/b\/R29vZ2xl\/AVvXsEg4oBZq5OTufVneQk94ADY3ywP2CFMMP-ks_5MOZiZTZ8uMw8-jjtGtqFzgrBTO5WDPXZm1D2o5fdwciNqNmKw9rETCk_QMdER3ijZZuIoNc1PYKcmiPt1fo5NWhFuvy8WYecRWVZkIwNw\/s400\/FOTOS+PROVINCIAL+EDADES+CIUDAD+REAL+2012+024.jpg\" width=\"225\" \/><\/a><\/td>\n<\/tr>\n<tr>\n<td class=\"tr-caption\" style=\"text-align: center\">Isabel y Julia, 2\u00aa y 3\u00aa clasificadas<br \/>\nen la categor\u00eda sub-10 femenina<\/td>\n<\/tr>\n<\/tbody>\n<\/table>\n<p>\ufeff\ufeff \ufeff <\/p>\n<p>\ufeff <\/p>\n<table cellpadding=\"0\" cellspacing=\"0\" class=\"tr-caption-container\" style=\"float: left;margin-right: 1em;text-align: left\">\n<tbody>\n<tr>\n<td style=\"text-align: center\"><a href=\"https:\/\/www.bfv.cloud\/ajedrezeuropa\/wp-content\/uploads\/2012\/03\/FOTOSPROVINCIALEDADESCIUDADREAL2012020.jpg\" style=\"clear: left;margin-bottom: 1em;margin-left: auto;margin-right: auto\"><img loading=\"lazy\" decoding=\"async\" border=\"0\" height=\"300\" src=\"https:\/\/blogger.googleusercontent.com\/img\/b\/R29vZ2xl\/AVvXsEgsSXklEL0dWhPLWmlzM-cHgvPedTGdWqoZlsnTyvlMkbd1bZMkvPVe2hY2JBplxOZ13DzotGVamR0PJq5SHHwKhr5vtaIWv1OmzpevdO4gkmWa7VjkBnNW_Gp8SopRJ5-o7bT0Mr1i-oA\/s400\/FOTOS+PROVINCIAL+EDADES+CIUDAD+REAL+2012+020.jpg\" width=\"400\" \/><\/a><\/td>\n<\/tr>\n<tr>\n<td class=\"tr-caption\" style=\"text-align: center\">Julio M\u00e9rida, 4\u00ba clasificado en el sub-12<\/td>\n<\/tr>\n<\/tbody>\n<\/table>\n<p>\ufeff &nbsp;<span style=\"font-family: Arial, Helvetica, sans-serif\">Para completar este breve repaso por todas las categor\u00edas,&nbsp;queremos destacar especialmente&nbsp;la participaci\u00f3n de los chicos y chicas del sub-10&nbsp;que nos han ofrecido una competici\u00f3n muy animada y disputada. El resultado final ha llevado a Isabel Marcos-Alberca a la 2\u00aa posici\u00f3n y a Julia Meza a la 3\u00aa de la clasificaci\u00f3n femenina.<\/span><br \/>\n<span style=\"font-family: Arial\">La presencia de nuestros ajedrecistas en este provincial ha culminado con estos magn\u00edficos resultados, aunque adem\u00e1s queremos mencionar al resto de jugadores, que han sido:<\/span><br \/>\n<span style=\"font-family: Arial\">&nbsp;Mario Rubio, Fernando Marcos-Alberca, Leo de Giorgi, Samuel Ortiz, Gonzalo Meco, Pablo Vela, Enrique Velasco, Arturo Mate y Alejandro de Bruguera.<\/span><br \/>\n\ufeff <\/p>\n<table cellpadding=\"0\" cellspacing=\"0\" class=\"tr-caption-container\" style=\"float: right;margin-left: 1em;text-align: right\">\n<tbody>\n<tr>\n<td style=\"text-align: center\"><a href=\"https:\/\/www.bfv.cloud\/ajedrezeuropa\/wp-content\/uploads\/2012\/03\/FOTOSPROVINCIALEDADESCIUDADREAL2012019.jpg\" style=\"clear: right;margin-bottom: 1em;margin-left: auto;margin-right: auto\"><img loading=\"lazy\" decoding=\"async\" border=\"0\" height=\"240\" src=\"https:\/\/blogger.googleusercontent.com\/img\/b\/R29vZ2xl\/AVvXsEjohuMeQfWs5Ca5R3mQRonq2qdh0cALfhuIkMAhSjW3qiwuF7uERS1SxmA1ZwxdidUnO0mY2SIU96jzjJll0Ag77mFx5tgIFNvJXyMNrMfVLVhnhTHIC6nnEAFIW5IP6btY6ax8CYX2Zj0\/s320\/FOTOS+PROVINCIAL+EDADES+CIUDAD+REAL+2012+019.jpg\" width=\"320\" \/><\/a><\/td>\n<\/tr>\n<tr>\n<td class=\"tr-caption\" style=\"text-align: center\">Javier Valdepe\u00f1as ha ocupado la 5\u00aa plaza de una muy<br \/>\ndisputada categor\u00eda sub-14<\/td>\n<\/tr>\n<\/tbody>\n<\/table>\n<p>\ufeff <span style=\"font-family: Arial, Helvetica, sans-serif\">A partir del d\u00eda 30 en Almansa, 13 de estos chicos y chicas de la escuela de Alc\u00e1zar, que han tomado parte en este provincial, intervendr\u00e1n en el regional por edades junto a 10 m\u00e1s de la escuela de Villafranca, completando la representaci\u00f3n m\u00e1s numerosa de Nuestro Ajedrez en Europa en este campeonato de Castilla-La Mancha.<\/span><\/p>\n","protected":false},"excerpt":{"rendered":"<p>\ufeff Jos\u00e9 \u00c1ngel Vela, Daniel Salas y Manuel Marcos-Alberca, han ocupado las 3 primeras plazas en el sub-18 de Ciudad Real \ufeff El pasado fin de semana ha finalizado en Tomelloso&nbsp;el Campeonato Provincial por Edades de Ciudad Real de esta temporada. Los 18 participantes de la escuela de ajedrez de Alc\u00e1zar han logrado 6 puestos [&hellip;]<\/p>\n","protected":false},"author":1,"featured_media":1863,"comment_status":"open","ping_status":"closed","sticky":false,"template":"","format":"standard","meta":{"footnotes":""},"categories":[1],"tags":[],"class_list":["post-1862","post","type-post","status-publish","format-standard","has-post-thumbnail","hentry","category-noticias"],"_links":{"self":[{"href":"https:\/\/www.bfv.cloud\/ajedrezeuropa\/wp-json\/wp\/v2\/posts\/1862","targetHints":{"allow":["GET"]}}],"collection":[{"href":"https:\/\/www.bfv.cloud\/ajedrezeuropa\/wp-json\/wp\/v2\/posts"}],"about":[{"href":"https:\/\/www.bfv.cloud\/ajedrezeuropa\/wp-json\/wp\/v2\/types\/post"}],"author":[{"embeddable":true,"href":"https:\/\/www.bfv.cloud\/ajedrezeuropa\/wp-json\/wp\/v2\/users\/1"}],"replies":[{"embeddable":true,"href":"https:\/\/www.bfv.cloud\/ajedrezeuropa\/wp-json\/wp\/v2\/comments?post=1862"}],"version-history":[{"count":1,"href":"https:\/\/www.bfv.cloud\/ajedrezeuropa\/wp-json\/wp\/v2\/posts\/1862\/revisions"}],"predecessor-version":[{"id":1868,"href":"https:\/\/www.bfv.cloud\/ajedrezeuropa\/wp-json\/wp\/v2\/posts\/1862\/revisions\/1868"}],"wp:featuredmedia":[{"embeddable":true,"href":"https:\/\/www.bfv.cloud\/ajedrezeuropa\/wp-json\/wp\/v2\/media\/1863"}],"wp:attachment":[{"href":"https:\/\/www.bfv.cloud\/ajedrezeuropa\/wp-json\/wp\/v2\/media?parent=1862"}],"wp:term":[{"taxonomy":"category","embeddable":true,"href":"https:\/\/www.bfv.cloud\/ajedrezeuropa\/wp-json\/wp\/v2\/categories?post=1862"},{"taxonomy":"post_tag","embeddable":true,"href":"https:\/\/www.bfv.cloud\/ajedrezeuropa\/wp-json\/wp\/v2\/tags?post=1862"}],"curies":[{"name":"wp","href":"https:\/\/api.w.org\/{rel}","templated":true}]}}