{"id":1869,"date":"2012-08-12T19:39:00","date_gmt":"2012-08-12T19:39:00","guid":{"rendered":"https:\/\/www.bfv.cloud\/ajedrezeuropa\/index.php\/2012\/08\/12\/nuestra-escuela-de-alcazar-colabora-en-la-noche-del-patrimonio\/"},"modified":"2025-11-20T10:39:24","modified_gmt":"2025-11-20T10:39:24","slug":"nuestra-escuela-de-alcazar-colabora-en-la-noche-del-patrimonio","status":"publish","type":"post","link":"https:\/\/www.bfv.cloud\/ajedrezeuropa\/nuestra-escuela-de-alcazar-colabora-en-la-noche-del-patrimonio\/","title":{"rendered":"NUESTRA ESCUELA DE ALC\u00c1ZAR COLABORA EN LA NOCHE DEL PATRIMONIO"},"content":{"rendered":"<div class=\"separator\" style=\"clear: both;text-align: center\"><a href=\"https:\/\/www.bfv.cloud\/ajedrezeuropa\/wp-content\/uploads\/2012\/08\/carteldelanoichedelpatrrimonio.jpg\" style=\"clear: left;float: left;margin-bottom: 1em;margin-right: 1em\"><img fetchpriority=\"high\" decoding=\"async\" border=\"0\" height=\"400\" src=\"https:\/\/blogger.googleusercontent.com\/img\/b\/R29vZ2xl\/AVvXsEj5XyZk002M50FzF_B29idk4w3Vc4UvsvZV1RJlYWzUS_23piXo3QrUXuh8eSA-AxppFSviv-HuSSrx_y1kasCP1mZEVSuwYvl9EnV1XSOZBFggQOfTQkGKFqrI4u3riy09ZqTPsM4xRkQ\/s400\/cartel+de+la+noiche+del+patrrimonio.JPG\" width=\"282\" \/><\/a><\/div>\n<p><span style=\", sans-serif\">Una nueva actividad en la que vamos a participar este a\u00f1o es la \u00abNOCHE DEL PATRIMONIO\u00bb que se celebrar\u00e1 este jueves, 16 de agosto, en Alc\u00e1zar de San Juan. Este acontecimiento cultural quiere resaltar y&nbsp;dar a conocer&nbsp;el patrimonio hist\u00f3rico alcazare\u00f1o, ofreciendo&nbsp;la posibilidad de visitar su conjunto monumental durante gran parte de la noche. Los chicos y las chicas de nuestras escuelas de Alc\u00e1zar y Villafranca han sido invitados a participar en este acontecimiento por la concejal\u00eda de cultura y de ah\u00ed nuestra presencia en los actos que se desarrollar\u00e1n desde las 10 de la noche hasta las 2 de la madrugada. Tan s\u00f3lo recordaros que el lugar de encuentro de los ajedrecistas ser\u00e1 el&nbsp; Torre\u00f3n de D. Juan de Austria de 9,30 a 9,45 de esta noche del jueves.<\/span><br \/>\n<span style=\"font-family: Trebuchet MS\">Gracias a todos por vuestra colaboraci\u00f3n.<\/span><\/p>\n","protected":false},"excerpt":{"rendered":"<p>Una nueva actividad en la que vamos a participar este a\u00f1o es la \u00abNOCHE DEL PATRIMONIO\u00bb que se celebrar\u00e1 este jueves, 16 de agosto, en Alc\u00e1zar de San Juan. Este acontecimiento cultural quiere resaltar y&nbsp;dar a conocer&nbsp;el patrimonio hist\u00f3rico alcazare\u00f1o, ofreciendo&nbsp;la posibilidad de visitar su conjunto monumental durante gran parte de la noche. Los chicos [&hellip;]<\/p>\n","protected":false},"author":1,"featured_media":1870,"comment_status":"open","ping_status":"closed","sticky":false,"template":"","format":"standard","meta":{"footnotes":""},"categories":[1],"tags":[],"class_list":["post-1869","post","type-post","status-publish","format-standard","has-post-thumbnail","hentry","category-noticias"],"_links":{"self":[{"href":"https:\/\/www.bfv.cloud\/ajedrezeuropa\/wp-json\/wp\/v2\/posts\/1869","targetHints":{"allow":["GET"]}}],"collection":[{"href":"https:\/\/www.bfv.cloud\/ajedrezeuropa\/wp-json\/wp\/v2\/posts"}],"about":[{"href":"https:\/\/www.bfv.cloud\/ajedrezeuropa\/wp-json\/wp\/v2\/types\/post"}],"author":[{"embeddable":true,"href":"https:\/\/www.bfv.cloud\/ajedrezeuropa\/wp-json\/wp\/v2\/users\/1"}],"replies":[{"embeddable":true,"href":"https:\/\/www.bfv.cloud\/ajedrezeuropa\/wp-json\/wp\/v2\/comments?post=1869"}],"version-history":[{"count":1,"href":"https:\/\/www.bfv.cloud\/ajedrezeuropa\/wp-json\/wp\/v2\/posts\/1869\/revisions"}],"predecessor-version":[{"id":1871,"href":"https:\/\/www.bfv.cloud\/ajedrezeuropa\/wp-json\/wp\/v2\/posts\/1869\/revisions\/1871"}],"wp:featuredmedia":[{"embeddable":true,"href":"https:\/\/www.bfv.cloud\/ajedrezeuropa\/wp-json\/wp\/v2\/media\/1870"}],"wp:attachment":[{"href":"https:\/\/www.bfv.cloud\/ajedrezeuropa\/wp-json\/wp\/v2\/media?parent=1869"}],"wp:term":[{"taxonomy":"category","embeddable":true,"href":"https:\/\/www.bfv.cloud\/ajedrezeuropa\/wp-json\/wp\/v2\/categories?post=1869"},{"taxonomy":"post_tag","embeddable":true,"href":"https:\/\/www.bfv.cloud\/ajedrezeuropa\/wp-json\/wp\/v2\/tags?post=1869"}],"curies":[{"name":"wp","href":"https:\/\/api.w.org\/{rel}","templated":true}]}}