{"id":1872,"date":"2012-03-26T23:29:00","date_gmt":"2012-03-26T23:29:00","guid":{"rendered":"https:\/\/www.bfv.cloud\/ajedrezeuropa\/index.php\/2012\/03\/26\/el-viernes-comienza-el-regional-por-edades\/"},"modified":"2025-11-20T10:39:26","modified_gmt":"2025-11-20T10:39:26","slug":"el-viernes-comienza-el-regional-por-edades","status":"publish","type":"post","link":"https:\/\/www.bfv.cloud\/ajedrezeuropa\/el-viernes-comienza-el-regional-por-edades\/","title":{"rendered":"EL VIERNES COMIENZA EL REGIONAL POR EDADES"},"content":{"rendered":"<table cellpadding=\"0\" cellspacing=\"0\" class=\"tr-caption-container\" style=\"float: left;margin-right: 1em;text-align: left\">\n<tbody>\n<tr>\n<td style=\"text-align: center\"><a href=\"https:\/\/www.bfv.cloud\/ajedrezeuropa\/wp-content\/uploads\/2012\/03\/fotosdehorche031.jpg\" style=\"clear: left;margin-bottom: 1em;margin-left: auto;margin-right: auto\"><img fetchpriority=\"high\" decoding=\"async\" border=\"0\" height=\"240\" src=\"https:\/\/blogger.googleusercontent.com\/img\/b\/R29vZ2xl\/AVvXsEg3SrPaix_nFBzB76nLTuso4Pr16yb3PWoimKG7DXCeo831SOCwd8EpDWlJigncEOKDdIY471UkzAKDF6JUZI-JnM02Gck2c2OQRbfe_E7mlnKfart6UMuwB0WVZiU4ONcGgOpvsMAO5y4\/s320\/fotos+de+horche+031.jpg\" width=\"320\" \/><\/a><\/td>\n<\/tr>\n<tr>\n<td class=\"tr-caption\" style=\"text-align: center\">Una foto del regional de edades del a\u00f1o pasado en Horche<\/td>\n<\/tr>\n<\/tbody>\n<\/table>\n<p><span style=\"color: blue;font-family: Verdana, sans-serif\">Todo est\u00e1 listo para que el viernes comience el Campeonato de Castilla-La Mancha por Edades en la poblaci\u00f3n albacete\u00f1a de Almansa. La expedici\u00f3n de nuestras escuelas estar\u00e1 compuesta por 16 chicos y 6 chicas distribuidos por categor\u00edas de esta forma:<\/span><\/p>\n<div align=\"center\">\n<\/div>\n<div align=\"center\"><strong><em><u><span style=\"color: blue;font-family: Verdana\">Sub-18<\/span><\/u><\/em><\/strong><\/div>\n<div align=\"center\"><strong><em><span style=\"color: blue;font-family: Verdana\">Blanca Y\u00e9benes Toribio<\/span><\/em><\/strong><\/div>\n<div align=\"center\"><strong><em><span style=\"color: blue;font-family: Verdana\">Antonio S\u00e1nchez-Beato Andrade<\/span><\/em><\/strong><\/div>\n<div align=\"center\"><strong><em><span style=\"color: blue;font-family: Verdana\">Daniel P\u00edriz Fern\u00e1ndez<\/span><\/em><\/strong><\/div>\n<div align=\"center\"><strong><em><span style=\"color: blue;font-family: Verdana\">Sergio Valencia de Loma<\/span><\/em><\/strong><\/div>\n<div align=\"center\"><strong><em><span style=\"color: blue;font-family: Verdana\">Jorge Sim\u00f3n Escalona<\/span><\/em><\/strong><\/div>\n<div align=\"center\"><strong><em><span style=\"color: blue;font-family: Verdana\">Santiago Talavera Garc\u00eda<\/span><\/em><\/strong><\/div>\n<div align=\"center\"><strong><em><span style=\"color: blue;font-family: Verdana\">Manuel Marcos-Alberca Lizcano<\/span><\/em><\/strong><\/div>\n<div align=\"center\"><strong><em><span style=\"color: blue;font-family: Verdana\">Jos\u00e9 \u00c1ngel Vela Horcajada<\/span><\/em><\/strong><\/div>\n<div align=\"center\">\n<\/div>\n<div align=\"center\"><a href=\"http:\/\/chess-results.com\/tnr66752.aspx?lan=2\"><span style=\"background-color: white;color: #cc0000\">Resultados y emparejamientos sub-18<\/span><\/a><\/div>\n<div align=\"center\">\n<\/div>\n<div align=\"center\"><strong><em><u><span style=\"color: blue;font-family: Verdana\">Sub-16<\/span><\/u><\/em><\/strong><\/div>\n<div align=\"center\"><strong><em><span style=\"color: blue;font-family: Verdana\">Carlos \u00c1lvarez Serrano<\/span><\/em><\/strong><\/div>\n<div align=\"center\"><strong><em><span style=\"color: blue;font-family: Verdana\">Jes\u00fas M\u00aa Bricio G\u00aa de la Torre<\/span><\/em><\/strong><\/div>\n<div align=\"center\"><strong><em><span style=\"color: blue;font-family: Verdana\">Mario Rubio Alberca<\/span><\/em><\/strong><\/div>\n<div align=\"center\"><strong><em><span style=\"color: blue;font-family: Verdana\">Leo de Giorgi Benavent<\/span><\/em><\/strong><\/div>\n<div align=\"center\"><strong><em><span style=\"color: blue;font-family: Verdana\">Fernando Marcos-Alberca Lizcano<\/span><\/em><\/strong><\/div>\n<div align=\"center\"><strong><em><span style=\"color: blue;font-family: Verdana\">Isaac Lozano Osorio<\/span><\/em><\/strong><\/div>\n<div align=\"center\">\n<\/div>\n<div align=\"center\"><a href=\"http:\/\/chess-results.com\/tnr66751.aspx?art=0&amp;lan=2\"><span style=\"color: #cc0000\">Resultados y emparejamientos sub-16<\/span><\/a><\/div>\n<div align=\"center\">\n<\/div>\n<div align=\"center\"><strong><em><span style=\"color: blue;font-family: Verdana\"><u>Sub-14<\/u><\/span><\/em><\/strong><\/div>\n<div align=\"center\"><strong><em><span style=\"color: blue;font-family: Verdana\">Javier Valdepe\u00f1as Octavio<\/span><\/em><\/strong><\/div>\n<div align=\"center\"><strong><em><span style=\"color: blue;font-family: Verdana\">Silvia Toribio Camu\u00f1as<\/span><\/em><\/strong><\/div>\n<div align=\"center\">\n<\/div>\n<div align=\"center\"><a href=\"http:\/\/chess-results.com\/tnr66750.aspx?art=0&amp;lan=2\"><span style=\"color: #cc0000\">Resultados y emparejamientos sub-14<\/span><\/a><\/div>\n<div align=\"center\">\n<\/div>\n<div align=\"center\"><strong><em><u><span style=\"color: blue;font-family: Verdana\">Sub-12<\/span><\/u><\/em><\/strong><\/div>\n<div align=\"center\"><strong><em><span style=\"color: blue;font-family: Verdana\">Irene Sim\u00f3n Escalona<\/span><\/em><\/strong><\/div>\n<div align=\"center\"><strong><em><span style=\"color: blue;font-family: Verdana\">Julio M\u00e9rida Ortiz<\/span><\/em><\/strong><\/div>\n<div align=\"center\">\n<\/div>\n<div align=\"center\"><a href=\"http:\/\/chess-results.com\/tnr66749.aspx?art=0&amp;lan=2\"><span style=\"color: #cc0000\">Resultados y emparejamientos sub-12<\/span><\/a><\/div>\n<div align=\"center\">\n<\/div>\n<div align=\"center\"><strong><em><u><span style=\"color: blue;font-family: Verdana\">Sub-10<\/span><\/u><\/em><\/strong><\/div>\n<div align=\"center\"><strong><em><span style=\"color: blue;font-family: Verdana\">Julia Meza Osorio<\/span><\/em><\/strong><\/div>\n<div align=\"center\"><strong><em><span style=\"color: blue;font-family: Verdana\">Mar\u00eda Oliver Ropero<\/span><\/em><\/strong><\/div>\n<div align=\"center\"><strong><em><span style=\"color: blue;font-family: Verdana\">Isabel Marcos-Alberca Lizcano<\/span><\/em><\/strong><\/div>\n<div align=\"center\"><strong><em><span style=\"color: blue;font-family: Verdana\">Enrique Velasco Aragon\u00e9s<\/span><\/em><\/strong><\/div>\n<div align=\"center\">\n<\/div>\n<div align=\"center\"><a href=\"http:\/\/chess-results.com\/tnr66748.aspx?art=0&amp;lan=2\"><span style=\"color: #cc0000\">Resultados y emparejamientos sub-10<\/span><\/a><\/div>\n<div align=\"center\">\n<\/div>\n<div align=\"left\"><span style=\"color: blue;font-family: Verdana\">Los enlaces para poder seguir los resultados se encuentran debajo de cada relaci\u00f3n de jugadores. Ahora, pasamos a falicitaros algunos datos relevantes:<\/span><\/div>\n<div align=\"left\"><span style=\"color: blue;font-family: Verdana\">&#8211; El n\u00famero total de participantes rondar\u00e1 los 140, siendo la categor\u00eda sub-14 la de mayor n\u00famero de jugadores con 31. <\/span><\/div>\n<div align=\"left\"><span style=\"color: blue;font-family: Verdana\">&#8211; La competici\u00f3n se iniciar\u00e1 el viernes 30 de marzo a las 5 de la tarde y finalizar\u00e1 el lunes 2 de abril sobre las 2 de la tarde. <\/span><\/div>\n<div align=\"left\"><span style=\"color: blue;font-family: Verdana\">&#8211; El hotel Marquesado&nbsp;servir\u00e1 de&nbsp;sede&nbsp;para esta nueva&nbsp;edici\u00f3n del&nbsp;campeonato&nbsp;auton\u00f3mico que clasificar\u00e1 al&nbsp;primero&nbsp;masculino y a la&nbsp;primera&nbsp;femenina de cada categor\u00eda para su respectivo Campeonato de Espa\u00f1a.&nbsp;<\/span><\/div>\n<div align=\"left\"><span style=\"color: blue;font-family: Verdana\">&#8211; Recientemente, la Federaci\u00f3n Espa\u00f1ola de Ajedrez, designaba a la&nbsp;localidad granadina de Salobre\u00f1a como sede de estos nacionales, fijando las fechas de juego&nbsp;durante&nbsp;el mes de julio, como ya es habitual.&nbsp;<\/span><\/div>\n<div align=\"left\"><span style=\"color: blue;font-family: Verdana\">No queremos finalizar sin expresar nuestro agradecimiento a los familiares que acompa\u00f1ar\u00e1n a&nbsp;estos chicos y chicas, as\u00ed como a todos los padres y madres que&nbsp;est\u00e1n colaborando&nbsp;en la organizaci\u00f3n y desplazamientos&nbsp;para este regional y&nbsp;para el resto de competiciones provinciales.<\/span><\/div>\n<div align=\"left\"><span style=\"color: blue;font-family: Verdana\">Deseamos a todos una feliz estancia en Almansa y un magn\u00edfico juego para nuestra numerosa representaci\u00f3n que,&nbsp;adem\u00e1s, se convierte&nbsp;en la mayor de cuantas hemos presentado a lo largo de los a\u00f1os.<\/span>&nbsp;<\/div>\n<div align=\"center\">\ufeff<\/div>\n","protected":false},"excerpt":{"rendered":"<p>Una foto del regional de edades del a\u00f1o pasado en Horche Todo est\u00e1 listo para que el viernes comience el Campeonato de Castilla-La Mancha por Edades en la poblaci\u00f3n albacete\u00f1a de Almansa. La expedici\u00f3n de nuestras escuelas estar\u00e1 compuesta por 16 chicos y 6 chicas distribuidos por categor\u00edas de esta forma: Sub-18 Blanca Y\u00e9benes Toribio [&hellip;]<\/p>\n","protected":false},"author":1,"featured_media":1873,"comment_status":"open","ping_status":"closed","sticky":false,"template":"","format":"standard","meta":{"footnotes":""},"categories":[1],"tags":[],"class_list":["post-1872","post","type-post","status-publish","format-standard","has-post-thumbnail","hentry","category-noticias"],"_links":{"self":[{"href":"https:\/\/www.bfv.cloud\/ajedrezeuropa\/wp-json\/wp\/v2\/posts\/1872","targetHints":{"allow":["GET"]}}],"collection":[{"href":"https:\/\/www.bfv.cloud\/ajedrezeuropa\/wp-json\/wp\/v2\/posts"}],"about":[{"href":"https:\/\/www.bfv.cloud\/ajedrezeuropa\/wp-json\/wp\/v2\/types\/post"}],"author":[{"embeddable":true,"href":"https:\/\/www.bfv.cloud\/ajedrezeuropa\/wp-json\/wp\/v2\/users\/1"}],"replies":[{"embeddable":true,"href":"https:\/\/www.bfv.cloud\/ajedrezeuropa\/wp-json\/wp\/v2\/comments?post=1872"}],"version-history":[{"count":1,"href":"https:\/\/www.bfv.cloud\/ajedrezeuropa\/wp-json\/wp\/v2\/posts\/1872\/revisions"}],"predecessor-version":[{"id":1874,"href":"https:\/\/www.bfv.cloud\/ajedrezeuropa\/wp-json\/wp\/v2\/posts\/1872\/revisions\/1874"}],"wp:featuredmedia":[{"embeddable":true,"href":"https:\/\/www.bfv.cloud\/ajedrezeuropa\/wp-json\/wp\/v2\/media\/1873"}],"wp:attachment":[{"href":"https:\/\/www.bfv.cloud\/ajedrezeuropa\/wp-json\/wp\/v2\/media?parent=1872"}],"wp:term":[{"taxonomy":"category","embeddable":true,"href":"https:\/\/www.bfv.cloud\/ajedrezeuropa\/wp-json\/wp\/v2\/categories?post=1872"},{"taxonomy":"post_tag","embeddable":true,"href":"https:\/\/www.bfv.cloud\/ajedrezeuropa\/wp-json\/wp\/v2\/tags?post=1872"}],"curies":[{"name":"wp","href":"https:\/\/api.w.org\/{rel}","templated":true}]}}