{"id":1875,"date":"2018-07-27T11:09:00","date_gmt":"2018-07-27T11:09:00","guid":{"rendered":"https:\/\/www.bfv.cloud\/ajedrezeuropa\/index.php\/2018\/07\/27\/alonso-isabel-y-alfredo-en-los-campeonatos-de-espana-por-edades\/"},"modified":"2025-11-20T10:39:31","modified_gmt":"2025-11-20T10:39:31","slug":"alonso-isabel-y-alfredo-en-los-campeonatos-de-espana-por-edades","status":"publish","type":"post","link":"https:\/\/www.bfv.cloud\/ajedrezeuropa\/alonso-isabel-y-alfredo-en-los-campeonatos-de-espana-por-edades\/","title":{"rendered":"ALONSO, ISABEL Y ALFREDO EN LOS CAMPEONATOS DE ESPA\u00d1A POR EDADES"},"content":{"rendered":"<table cellpadding=\"0\" cellspacing=\"0\" class=\"tr-caption-container\" style=\"float: left;margin-right: 1em;text-align: left\">\n<tbody>\n<tr>\n<td style=\"text-align: center\"><a href=\"https:\/\/www.bfv.cloud\/ajedrezeuropa\/wp-content\/uploads\/2018\/07\/ALONSOENUNAPARTIDA.jpg\" style=\"clear: left;margin-bottom: 1em;margin-left: auto;margin-right: auto\"><img fetchpriority=\"high\" decoding=\"async\" border=\"0\" data-original-height=\"664\" data-original-width=\"861\" height=\"306\" src=\"https:\/\/blogger.googleusercontent.com\/img\/b\/R29vZ2xl\/AVvXsEhvTPtva00edwihmFUOzPmuZDGlpzNts2wUUcq9tADPyn28HkidL8NUala6ZDuuI5cu9A-mrBryOkH6PoC026Fv0xzfP1XASMfRDJAapRLpy1I_V3RU9uBVbf1P2z-HJuJJ6pbV_Wz-nOk\/s400\/ALONSO+EN+UNA+PARTIDA.jpg\" width=\"400\" \/><\/a><\/td>\n<\/tr>\n<tr>\n<td class=\"tr-caption\" style=\"text-align: center\">Alonso durante una de sus partidas<br \/>&nbsp;Foto de Patricia Claros (FEDA)<\/td>\n<\/tr>\n<\/tbody>\n<\/table>\n<p><span style=\"font-family: Verdana, sans-serif;font-size: large\"><b>Durante todo este mes de julio se est\u00e1n celebrando en Salobre\u00f1a (Granada) los campeonatos de Espa\u00f1a por edades. Este a\u00f1o, Alfredo Amador e Isabel Marcos-Alberca en la categor\u00eda sub-16 y Alonso L\u00f3pez en sub-12, han sido los protagonistas de acercar nuestro ajedrez a la m\u00e1xima competici\u00f3n nacional.<\/b><\/span><\/p>\n<table cellpadding=\"0\" cellspacing=\"0\" class=\"tr-caption-container\" style=\"float: right;text-align: right\">\n<tbody>\n<tr>\n<td style=\"text-align: center\"><a href=\"https:\/\/www.bfv.cloud\/ajedrezeuropa\/wp-content\/uploads\/2018\/07\/ISABELS16SALOB2018.jpg\" style=\"clear: right;margin-bottom: 1em;margin-left: auto;margin-right: auto\"><img decoding=\"async\" border=\"0\" data-original-height=\"789\" data-original-width=\"960\" height=\"327\" src=\"https:\/\/blogger.googleusercontent.com\/img\/b\/R29vZ2xl\/AVvXsEjLBH_9ljUZaS6pZOBBOTW5zvpq6cBt5BHzS0h48uDX8G92Zcw5SSMSHhER971jm09hPwKzyLVJ1c7Hmj6pxzHKITYiglAHsp609cyt21MurytbgEj5vdB32yG__dtO4-maph-zhyphenhyphenlUxiM\/s400\/ISABEL+S16+SALOB+2018.jpg\" width=\"400\" \/><\/a><\/td>\n<\/tr>\n<tr>\n<td class=\"tr-caption\" style=\"text-align: center\">Isabel una vez m\u00e1s en los campeonatos de Espa\u00f1a<br \/>(Foto de Patricia Claros FEDA)<\/td>\n<\/tr>\n<\/tbody>\n<\/table>\n<table cellpadding=\"0\" cellspacing=\"0\" class=\"tr-caption-container\" style=\"float: right;text-align: right\">\n<tbody>\n<tr>\n<td style=\"text-align: center\"><a href=\"https:\/\/www.bfv.cloud\/ajedrezeuropa\/wp-content\/uploads\/2018\/07\/alfredoamador2018.jpg\" style=\"clear: right;margin-bottom: 1em;margin-left: auto;margin-right: auto\"><img decoding=\"async\" border=\"0\" data-original-height=\"640\" data-original-width=\"960\" height=\"266\" src=\"https:\/\/blogger.googleusercontent.com\/img\/b\/R29vZ2xl\/AVvXsEjFP29Srrqcu0eltr8_KzpsId36nELetPe3IZNw93R-vx6PaLEtp8VS8ZKg6v7cizcLqe9A7sdCtI4gW2qOlCo5aqWBmhwirtV4i4-k_Ky7DpP26FuH9Tbqp3eh9ovIBe-GZ-NHytyEV04\/s400\/alfredo+amador+2018.jpg\" width=\"400\" \/><\/a><\/td>\n<\/tr>\n<tr>\n<td class=\"tr-caption\" style=\"text-align: center\">Alfredo en el sub-16 de Salobre\u00f1a 2018<br \/>Foto de Patricia Claros (FEDA)<\/td>\n<\/tr>\n<\/tbody>\n<\/table>\n<div>\n<span style=\"font-family: Verdana, sans-serif;font-size: large\"><b><br \/><\/b><\/span><\/div>\n<div>\n<span style=\"font-family: Verdana, sans-serif;font-size: large\"><b>El sub-12 se disput\u00f3 en la semana del 9 al 15 de julio con una cifra record de participaci\u00f3n: 213 chicos y chicas. Alonso finaliz\u00f3 con 5,5 puntos en el puesto 47, siendo el primer clasificado de Castilla-La Mancha en esta categor\u00eda. Posteriormente, en el campeonato sub-12 de r\u00e1pidas, finalizar\u00eda en la posici\u00f3n 38\u00aa tras sumar tambi\u00e9n 5,5 puntos.<\/b><\/span><\/div>\n<table cellpadding=\"0\" cellspacing=\"0\" class=\"tr-caption-container\" style=\"float: left;margin-right: 1em;text-align: left\">\n<tbody>\n<tr>\n<td style=\"text-align: center\"><a href=\"https:\/\/www.bfv.cloud\/ajedrezeuropa\/wp-content\/uploads\/2018\/07\/ALFREDOOBSERVASALB2018.jpg\" style=\"clear: left;margin-bottom: 1em;margin-left: auto;margin-right: auto\"><img loading=\"lazy\" decoding=\"async\" border=\"0\" data-original-height=\"748\" data-original-width=\"502\" height=\"400\" src=\"https:\/\/blogger.googleusercontent.com\/img\/b\/R29vZ2xl\/AVvXsEhQLigIV6Muqlv9DlXTuoUPk_eX78ztCy869ho5_W8U4K9e-yGjZzAXwve_zate8OgCKxdFI1HCY_lWbd3-N9-waUHebOmFCwGkJ1h4VmyxHaU9xqK0VQSdPR8tMvvIWERPNM8VdKPIB9c\/s400\/ALFREDO+OBSERVA+SALB+2018.jpg\" width=\"268\" \/><\/a><\/td>\n<\/tr>\n<tr>\n<td class=\"tr-caption\" style=\"text-align: center\">Analizando desde otra perspectiva<\/td>\n<\/tr>\n<\/tbody>\n<\/table>\n<div>\n<span style=\"font-family: Verdana, sans-serif;font-size: large\"><b><br \/><\/b><\/span><\/div>\n<div>\n<span style=\"font-family: Verdana, sans-serif;font-size: large\"><b>En estos momentos se est\u00e1 jugando la pen\u00faltima ronda del sub-16, donde se encuentran Isabel y Alfredo. Esperamos que sigan disfrutando del ajedrez y que les acompa\u00f1en los resultados.&nbsp;<\/b><\/span><\/div>\n<div>\n<span style=\"font-family: Verdana, sans-serif;font-size: large\"><b><br \/><\/b><\/span><\/div>\n<div>\n<span style=\"font-family: Verdana, sans-serif;font-size: large\"><b><br \/><\/b><\/span><\/div>\n<div>\n<span style=\"font-family: Verdana, sans-serif;font-size: large\"><b>En pocos d\u00edas todos estar\u00e1n reunidos en el campus de verano para seguir trabajando y mejorando.<\/b><\/span><\/div>\n<div>\n<span style=\"font-family: Verdana, sans-serif;font-size: large\"><b>\u00a1\u00a1Enhorabuena!!<\/b><\/span><\/div>\n<table align=\"center\" cellpadding=\"0\" cellspacing=\"0\" class=\"tr-caption-container\" style=\"margin-left: auto;margin-right: auto;text-align: center\">\n<tbody>\n<tr>\n<td style=\"text-align: center\"><a href=\"https:\/\/www.bfv.cloud\/ajedrezeuropa\/wp-content\/uploads\/2018\/07\/ELARTEDELACOMBINACION.jpg\" style=\"margin-left: auto;margin-right: auto\"><img loading=\"lazy\" decoding=\"async\" border=\"0\" data-original-height=\"720\" data-original-width=\"1080\" height=\"426\" src=\"https:\/\/blogger.googleusercontent.com\/img\/b\/R29vZ2xl\/AVvXsEiiAjvI9Ux7OluroPv5uVXR6ztRem9K3oRe-6HRaH30tBmvtvY_4NA0DVK0xn-5XjV_DgEhCMyuwBT-iNrB4rJN0rcbKlyjQ5sb3TGTWTVmZRJm_hhh853IdrwQhFdQ8aQRAllN-c9PlwI\/s640\/EL+ARTE+DE+LA+COMBINACION.jpg\" width=\"640\" \/><\/a><\/td>\n<\/tr>\n<tr>\n<td class=\"tr-caption\" style=\"text-align: center\">Alonso en una estupenda foto&nbsp; en blanco y negro de Patricia Claros (FEDA)<\/td>\n<\/tr>\n<\/tbody>\n<\/table>\n<div>\n<span style=\"font-family: Verdana, sans-serif;font-size: large\"><b><br \/><\/b><\/span><\/div>\n","protected":false},"excerpt":{"rendered":"<p>Alonso durante una de sus partidas&nbsp;Foto de Patricia Claros (FEDA) Durante todo este mes de julio se est\u00e1n celebrando en Salobre\u00f1a (Granada) los campeonatos de Espa\u00f1a por edades. Este a\u00f1o, Alfredo Amador e Isabel Marcos-Alberca en la categor\u00eda sub-16 y Alonso L\u00f3pez en sub-12, han sido los protagonistas de acercar nuestro ajedrez a la m\u00e1xima [&hellip;]<\/p>\n","protected":false},"author":1,"featured_media":1876,"comment_status":"open","ping_status":"closed","sticky":false,"template":"","format":"standard","meta":{"footnotes":""},"categories":[1],"tags":[],"class_list":["post-1875","post","type-post","status-publish","format-standard","has-post-thumbnail","hentry","category-noticias"],"_links":{"self":[{"href":"https:\/\/www.bfv.cloud\/ajedrezeuropa\/wp-json\/wp\/v2\/posts\/1875","targetHints":{"allow":["GET"]}}],"collection":[{"href":"https:\/\/www.bfv.cloud\/ajedrezeuropa\/wp-json\/wp\/v2\/posts"}],"about":[{"href":"https:\/\/www.bfv.cloud\/ajedrezeuropa\/wp-json\/wp\/v2\/types\/post"}],"author":[{"embeddable":true,"href":"https:\/\/www.bfv.cloud\/ajedrezeuropa\/wp-json\/wp\/v2\/users\/1"}],"replies":[{"embeddable":true,"href":"https:\/\/www.bfv.cloud\/ajedrezeuropa\/wp-json\/wp\/v2\/comments?post=1875"}],"version-history":[{"count":1,"href":"https:\/\/www.bfv.cloud\/ajedrezeuropa\/wp-json\/wp\/v2\/posts\/1875\/revisions"}],"predecessor-version":[{"id":1881,"href":"https:\/\/www.bfv.cloud\/ajedrezeuropa\/wp-json\/wp\/v2\/posts\/1875\/revisions\/1881"}],"wp:featuredmedia":[{"embeddable":true,"href":"https:\/\/www.bfv.cloud\/ajedrezeuropa\/wp-json\/wp\/v2\/media\/1876"}],"wp:attachment":[{"href":"https:\/\/www.bfv.cloud\/ajedrezeuropa\/wp-json\/wp\/v2\/media?parent=1875"}],"wp:term":[{"taxonomy":"category","embeddable":true,"href":"https:\/\/www.bfv.cloud\/ajedrezeuropa\/wp-json\/wp\/v2\/categories?post=1875"},{"taxonomy":"post_tag","embeddable":true,"href":"https:\/\/www.bfv.cloud\/ajedrezeuropa\/wp-json\/wp\/v2\/tags?post=1875"}],"curies":[{"name":"wp","href":"https:\/\/api.w.org\/{rel}","templated":true}]}}