{"id":1882,"date":"2011-06-21T12:21:00","date_gmt":"2011-06-21T12:21:00","guid":{"rendered":"https:\/\/www.bfv.cloud\/ajedrezeuropa\/index.php\/2011\/06\/21\/presentacion-del-iv-campus-ante-padres-madres-y-autoridades-municipales\/"},"modified":"2025-11-20T10:39:36","modified_gmt":"2025-11-20T10:39:36","slug":"presentacion-del-iv-campus-ante-padres-madres-y-autoridades-municipales","status":"publish","type":"post","link":"https:\/\/www.bfv.cloud\/ajedrezeuropa\/presentacion-del-iv-campus-ante-padres-madres-y-autoridades-municipales\/","title":{"rendered":"PRESENTACI\u00d3N DEL IV CAMPUS ANTE PADRES, MADRES Y AUTORIDADES MUNICIPALES"},"content":{"rendered":"<p>\ufeff <\/p>\n<table cellpadding=\"0\" cellspacing=\"0\" class=\"tr-caption-container\" style=\"float: right;margin-left: 1em;text-align: right\">\n<tbody>\n<tr>\n<td style=\"text-align: center\"><a href=\"https:\/\/www.bfv.cloud\/ajedrezeuropa\/wp-content\/uploads\/2011\/06\/presentaciondelcampusconlospadres007.jpg\" style=\"clear: right;margin-bottom: 1em;margin-left: auto;margin-right: auto\"><img decoding=\"async\" border=\"0\" height=\"300px\" src=\"https:\/\/blogger.googleusercontent.com\/img\/b\/R29vZ2xl\/AVvXsEjhUYSNvEU0K2yxwK7DwSoHTTZNBSaXBjeOW2hDHdwL7h7Z8jgKqKeorVQoaMdnHbbip1XM4gXVE6s3UxwU48yUBJPSOc6pHpLZ2ifBC20fQDLgNH_wQAjd-huPd6FO4Pv5oEFrc7B6OHs\/s400\/presentacion+del+campus+con+los+padres+007.jpg\" width=\"400px\" \/><\/a><\/td>\n<\/tr>\n<tr>\n<td class=\"tr-caption\" style=\"text-align: center\">En primer plano de la foto aparece<br \/>\nManolo de la Gu\u00eda, concejal de deportes de Alc\u00e1zar, <br \/>\njunto a algunos padres y madres asistentes a la reuni\u00f3n del campus<\/td>\n<\/tr>\n<\/tbody>\n<\/table>\n<p>\ufeff <span style=\", sans-serif\"><strong>Coincidiendo con la clausura de la temporada 2010\/2011 en las escuelas deportivas municipales de ajedrez de Alc\u00e1zar y Villafranca, se present\u00f3 el IV CAMPUS DE PERFECCIONAMIENTO DE VERANO ante los padres y madres de los alumnos pertenecientes a ellas.&nbsp;Adem\u00e1s, en este acto, se aprovech\u00f3 para dar a conocer las&nbsp;actividades que el proyecto tiene preparadas para el resto del a\u00f1o.<\/strong><\/span><\/p>\n<table cellpadding=\"0\" cellspacing=\"0\" class=\"tr-caption-container\" style=\"float: left;margin-right: 1em;text-align: left\">\n<tbody>\n<tr>\n<td style=\"text-align: center\"><a href=\"https:\/\/www.bfv.cloud\/ajedrezeuropa\/wp-content\/uploads\/2011\/06\/presentaciondelcampusconlospadres003.jpg\" style=\"clear: left;margin-bottom: 1em;margin-left: auto;margin-right: auto\"><img decoding=\"async\" border=\"0\" height=\"300px\" src=\"https:\/\/blogger.googleusercontent.com\/img\/b\/R29vZ2xl\/AVvXsEhDxTNuu0pTBIlGJUT5ldcXGSPx7goFoZDlvTU_I9ZIbwXiPp1u05aC7R5jgBnMF3_2hkrHkaW9rZQ6ECRHG0ZzdtaGMe3NQ6hxSawkFTbnDYvvRVZRGEOgJsO04w3BLbMN5zAwmPwUW9o\/s400\/presentacion+del+campus+con+los+padres+003.jpg\" width=\"400px\" \/><\/a><\/td>\n<\/tr>\n<tr>\n<td class=\"tr-caption\" style=\"text-align: center\">En Villafranca acudieron a la reuni\u00f3n el alcalde Andr\u00e9s Beldad, <br \/>\nen el centro de la foto, y el concejal de deportes Juanjo Marchante, <br \/>\nque aparece a la izquierda de la imagen<\/td>\n<\/tr>\n<\/tbody>\n<\/table>\n<p><span style=\", sans-serif\"><strong>El s\u00e1bado por la tarde se realiz\u00f3 la presentaci\u00f3n en Villafranca con la participaci\u00f3n de los nuevos responsables del gobierno municipal. Ante&nbsp;un numeroso grupo de madres y padres se cambiaron impresiones sobre las caracter\u00edsticas del campus de este a\u00f1o,&nbsp;reafirm\u00e1ndose el apoyo del ayuntamiento al desarrollo del proyecto \u00abNuestro Ajedrez en Europa\u00bb.<\/strong><\/span><br \/>\n\ufeff\ufeff\ufeff <\/p>\n<table cellpadding=\"0\" cellspacing=\"0\" class=\"tr-caption-container\" style=\"float: left;margin-right: 1em;text-align: left\">\n<tbody>\n<tr>\n<td style=\"text-align: center\"><a href=\"https:\/\/www.bfv.cloud\/ajedrezeuropa\/wp-content\/uploads\/2011\/06\/presentaciondelcampusconlospadres008.jpg\" style=\"clear: left;margin-bottom: 1em;margin-left: auto;margin-right: auto\"><img decoding=\"async\" border=\"0\" height=\"240px\" src=\"https:\/\/blogger.googleusercontent.com\/img\/b\/R29vZ2xl\/AVvXsEhSujQRwVAmutBJRXXkR-oG0-Kab4pnwklTC60AWnGJge28t0g8zuPy2qAuHdkDHV6LC9s04BErmEyjfbRYGY_886F9Cz1NuhAA8C3_PipBEkUDOlXxAFrVbkUF_Sc5I_0X2-MmBAQJrqU\/s320\/presentacion+del+campus+con+los+padres+008.jpg\" width=\"320px\" \/><\/a><\/td>\n<\/tr>\n<tr>\n<td class=\"tr-caption\" style=\"text-align: center\">Una visi\u00f3n de parte de la sala donde se desarroll\u00f3<br \/>\n&nbsp;la reuni\u00f3n en Alc\u00e1zar de San Juan<\/td>\n<\/tr>\n<\/tbody>\n<\/table>\n<p>\ufeff\ufeff\ufeff <span style=\", sans-serif\"><strong>En la ma\u00f1ana del domingo, la sede de la escuela de ajedrez de Alc\u00e1zar, &nbsp;recib\u00eda a todos los interesados en el campus, contando con la&nbsp;presencia de Manolo de la Gu\u00eda,&nbsp;teniente de alcalde y concejal de deportes del ayuntamiento alcazare\u00f1o. Durante la charla se habl\u00f3 de la trayectoria del proyecto \u00abNuestro Ajedrez en Europa\u00bb desde su nacimiento hasta el presente,&nbsp;aunque fueron las propuestas para el futuro las que m\u00e1s destacaron. En su intervenci\u00f3n Manolo de la Gu\u00eda elogi\u00f3 la&nbsp;labor hasta ahora realizada y dej\u00f3 un mensaje de confianza en el crecimiento y la proyecci\u00f3n del proyecto, a la vez que asegur\u00f3 el inter\u00e9s del ayuntamiento por el desarrollo del ajedrez en&nbsp;el \u00e1mbito escolar.<\/strong><\/span><\/p>\n<table cellpadding=\"0\" cellspacing=\"0\" class=\"tr-caption-container\" style=\"float: right;margin-left: 1em;text-align: right\">\n<tbody>\n<tr>\n<td style=\"text-align: center\"><a href=\"https:\/\/www.bfv.cloud\/ajedrezeuropa\/wp-content\/uploads\/2011\/06\/presentaciondelcampusconlospadres002.jpg\" style=\"clear: right;margin-bottom: 1em;margin-left: auto;margin-right: auto\"><img decoding=\"async\" border=\"0\" height=\"240px\" src=\"https:\/\/blogger.googleusercontent.com\/img\/b\/R29vZ2xl\/AVvXsEgfyBl1EE8KB9a7QrT2aoFmPO5E8lzN8mF38y02VZDgQ4-VMetC-S5HV85woTrsvFahLn1u8JS82ZIIstMgMfH0JF894ghbERc_aHmTdMOk2bKO8mppTt5bGnlRl_BO7FknEANUkcHRsEI\/s320\/presentacion+del+campus+con+los+padres+002.jpg\" width=\"320px\" \/><\/a><\/td>\n<\/tr>\n<tr>\n<td class=\"tr-caption\" style=\"text-align: center\">Aspecto de la sala de conferencias de <br \/>\nVillafranca de los Caballeros <br \/>\nantes de comenzar la reuni\u00f3n<\/td>\n<\/tr>\n<\/tbody>\n<\/table>\n<p>\ufeff<br \/>\n<strong><span style=\", sans-serif\">El balance de ambas reuniones es muy positivo, no s\u00f3lo por la masiva asistencia de padres, madres, alumnos y personas interesadas en conocer nuestro proyecto, sino por la implicaci\u00f3n&nbsp;que existe por parte de todos. La direcci\u00f3n de las escuelas tambi\u00e9n desea manifestar su agradecimiento a los anteriores y a los nuevos responsables municipales de Alc\u00e1zar y Villafranca, a los&nbsp;anteriores por su apuesta&nbsp;y confianza en nuestro trabajo desde 2008&nbsp;hasta 2011, y a los nuevos&nbsp;por su compromiso con el presente y el futuro de&nbsp;\u00abNuestro Ajedrez en Europa\u00bb.<\/span><\/strong><\/p>\n","protected":false},"excerpt":{"rendered":"<p>\ufeff En primer plano de la foto aparece Manolo de la Gu\u00eda, concejal de deportes de Alc\u00e1zar, junto a algunos padres y madres asistentes a la reuni\u00f3n del campus \ufeff Coincidiendo con la clausura de la temporada 2010\/2011 en las escuelas deportivas municipales de ajedrez de Alc\u00e1zar y Villafranca, se present\u00f3 el IV CAMPUS DE [&hellip;]<\/p>\n","protected":false},"author":1,"featured_media":1883,"comment_status":"open","ping_status":"closed","sticky":false,"template":"","format":"standard","meta":{"footnotes":""},"categories":[1],"tags":[],"class_list":["post-1882","post","type-post","status-publish","format-standard","has-post-thumbnail","hentry","category-noticias"],"_links":{"self":[{"href":"https:\/\/www.bfv.cloud\/ajedrezeuropa\/wp-json\/wp\/v2\/posts\/1882","targetHints":{"allow":["GET"]}}],"collection":[{"href":"https:\/\/www.bfv.cloud\/ajedrezeuropa\/wp-json\/wp\/v2\/posts"}],"about":[{"href":"https:\/\/www.bfv.cloud\/ajedrezeuropa\/wp-json\/wp\/v2\/types\/post"}],"author":[{"embeddable":true,"href":"https:\/\/www.bfv.cloud\/ajedrezeuropa\/wp-json\/wp\/v2\/users\/1"}],"replies":[{"embeddable":true,"href":"https:\/\/www.bfv.cloud\/ajedrezeuropa\/wp-json\/wp\/v2\/comments?post=1882"}],"version-history":[{"count":1,"href":"https:\/\/www.bfv.cloud\/ajedrezeuropa\/wp-json\/wp\/v2\/posts\/1882\/revisions"}],"predecessor-version":[{"id":1887,"href":"https:\/\/www.bfv.cloud\/ajedrezeuropa\/wp-json\/wp\/v2\/posts\/1882\/revisions\/1887"}],"wp:featuredmedia":[{"embeddable":true,"href":"https:\/\/www.bfv.cloud\/ajedrezeuropa\/wp-json\/wp\/v2\/media\/1883"}],"wp:attachment":[{"href":"https:\/\/www.bfv.cloud\/ajedrezeuropa\/wp-json\/wp\/v2\/media?parent=1882"}],"wp:term":[{"taxonomy":"category","embeddable":true,"href":"https:\/\/www.bfv.cloud\/ajedrezeuropa\/wp-json\/wp\/v2\/categories?post=1882"},{"taxonomy":"post_tag","embeddable":true,"href":"https:\/\/www.bfv.cloud\/ajedrezeuropa\/wp-json\/wp\/v2\/tags?post=1882"}],"curies":[{"name":"wp","href":"https:\/\/api.w.org\/{rel}","templated":true}]}}