{"id":1892,"date":"2015-04-29T21:58:00","date_gmt":"2015-04-29T21:58:00","guid":{"rendered":"https:\/\/www.bfv.cloud\/ajedrezeuropa\/index.php\/2015\/04\/29\/buenos-resultados-en-los-torneos-y-campeonatos-de-ajedrez-rapido-celebrados-el-fin-de-semana\/"},"modified":"2025-11-20T10:39:43","modified_gmt":"2025-11-20T10:39:43","slug":"buenos-resultados-en-los-torneos-y-campeonatos-de-ajedrez-rapido-celebrados-el-fin-de-semana","status":"publish","type":"post","link":"https:\/\/www.bfv.cloud\/ajedrezeuropa\/buenos-resultados-en-los-torneos-y-campeonatos-de-ajedrez-rapido-celebrados-el-fin-de-semana\/","title":{"rendered":"BUENOS RESULTADOS EN LOS TORNEOS Y CAMPEONATOS DE AJEDREZ R\u00c1PIDO CELEBRADOS EL FIN DE SEMANA"},"content":{"rendered":"<p><\/p>\n<table cellpadding=\"0\" cellspacing=\"0\" class=\"tr-caption-container\" style=\"float: left;margin-right: 1em;text-align: left\">\n<tbody>\n<tr>\n<td style=\"text-align: center\"><a href=\"https:\/\/www.bfv.cloud\/ajedrezeuropa\/wp-content\/uploads\/2015\/04\/SAM_1275.jpg\" style=\"clear: left;margin-bottom: 1em;margin-left: auto;margin-right: auto\"><img fetchpriority=\"high\" decoding=\"async\" border=\"0\" src=\"https:\/\/www.bfv.cloud\/ajedrezeuropa\/wp-content\/uploads\/2015\/04\/SAM_1275.jpg\" height=\"300\" width=\"400\" \/><\/a><\/td>\n<\/tr>\n<tr>\n<td class=\"tr-caption\" style=\"text-align: center\">Alfredo y Roberto, en primer plano, en el CECLUB SUB 16<br \/>del Bali de diciembre del a\u00f1o pasado<\/td>\n<\/tr>\n<\/tbody>\n<\/table>\n<p><\/p>\n<table cellpadding=\"0\" cellspacing=\"0\" class=\"tr-caption-container\" style=\"float: left;margin-right: 1em;text-align: left\">\n<tbody>\n<tr>\n<td style=\"text-align: center\"><a href=\"https:\/\/www.bfv.cloud\/ajedrezeuropa\/wp-content\/uploads\/2015\/04\/SAM_1696.jpg\" style=\"clear: left;margin-bottom: 1em;margin-left: auto;margin-right: auto\"><img decoding=\"async\" border=\"0\" src=\"https:\/\/www.bfv.cloud\/ajedrezeuropa\/wp-content\/uploads\/2015\/04\/SAM_1696.jpg\" height=\"240\" width=\"320\" \/><\/a><\/td>\n<\/tr>\n<tr>\n<td class=\"tr-caption\" style=\"text-align: center\">Alonso en Horche<\/td>\n<\/tr>\n<\/tbody>\n<\/table>\n<table cellpadding=\"0\" cellspacing=\"0\" class=\"tr-caption-container\" style=\"float: right;margin-left: 1em;text-align: right\">\n<tbody>\n<tr>\n<td style=\"text-align: center\"><a href=\"https:\/\/www.bfv.cloud\/ajedrezeuropa\/wp-content\/uploads\/2015\/04\/SAM_1266.jpg\" style=\"clear: right;margin-bottom: 1em;margin-left: auto;margin-right: auto\"><img decoding=\"async\" border=\"0\" src=\"https:\/\/www.bfv.cloud\/ajedrezeuropa\/wp-content\/uploads\/2015\/04\/SAM_1266.jpg\" height=\"240\" width=\"320\" \/><\/a><\/td>\n<\/tr>\n<tr>\n<td class=\"tr-caption\" style=\"text-align: center\">Gabriel en el torneo de NNGG del Bali<\/td>\n<\/tr>\n<\/tbody>\n<\/table>\n<div style=\"margin-bottom: .0001pt;margin: 0cm;text-align: justify\">\n<span style=\"font-family: Arial, sans-serif\">El<br \/>\npasado fin de semana se han disputado los campeonatos oficiales de r\u00e1pidas<br \/>\nvalederos para los t\u00edtulos de campe\u00f3n de Castilla-La Mancha y campe\u00f3n<br \/>\nprovincial de Toledo. El s\u00e1bado, en la localidad de El Bonillo, se celebraba el<br \/>\nRegional de Ajedrez R\u00e1pido con la participaci\u00f3n de nuestro joven jugador<br \/>\nAlfredo Amador And\u00fajar, concretamente en el Torneo B donde hubo 23<br \/>\najedrecistas. Finaliz\u00f3 con 4 puntos en la 11\u00aa plaza tras obtener varios<br \/>\nresultados positivos ante rivales directos. Para el domingo quedaba el<br \/>\nCampeonato Provincial de Toledo de Ajedrez R\u00e1pido, que acog\u00eda Sonseca<br \/>\ncoincidiendo con su tradicional torneo de San Juan, en el que por tercer a\u00f1o se<br \/>\nhonraba la&nbsp; memoria de la ajedrecista<br \/>\nEsperanza Su\u00e1rez. Fueron 4 los jugadores de la escuela de Villafranca que<br \/>\nparticiparon entre los 3 torneos paralelos organizados. En el propio campeonato<br \/>\nde r\u00e1pidas, Roberto L\u00f3pez N\u00fa\u00f1ez, sumaba 2,5 puntos obteniendo la 18\u00aa posici\u00f3n,<br \/>\nquedando por delante del resto de chicos sub-14. El resultado m\u00e1s destacado fue<br \/>\npara Alfredo Amador al obtener la 1\u00aa plaza de todos los participantes sub-12 y<br \/>\nsub-14, despu\u00e9s de conseguir 3,5 puntos. En el torneo denominado de Promoci\u00f3n,<br \/>\nreservado para chicos y chicas de la categor\u00eda sub-10 y para los sub-12 que no<br \/>\nparticipaban en la competici\u00f3n provincial de r\u00e1pidas, tambi\u00e9n compitieron 2<br \/>\njovenc\u00edsimas promesas de nuestro ajedrez: Alonso L\u00f3pez N\u00fa\u00f1ez que termin\u00f3<br \/>\nvenciendo con 6 puntos sobre 7, y Gabriel Amador And\u00fajar que qued\u00f3 12\u00ba&nbsp; con 3 puntos. Seg\u00fan los datos facilitados por<br \/>\nel organizador de Sonseca el total de participantes fue de 68.<\/span><\/div>\n","protected":false},"excerpt":{"rendered":"<p>Alfredo y Roberto, en primer plano, en el CECLUB SUB 16del Bali de diciembre del a\u00f1o pasado Alonso en Horche Gabriel en el torneo de NNGG del Bali El pasado fin de semana se han disputado los campeonatos oficiales de r\u00e1pidas valederos para los t\u00edtulos de campe\u00f3n de Castilla-La Mancha y campe\u00f3n provincial de Toledo. [&hellip;]<\/p>\n","protected":false},"author":1,"featured_media":1893,"comment_status":"open","ping_status":"closed","sticky":false,"template":"","format":"standard","meta":{"footnotes":""},"categories":[1],"tags":[],"class_list":["post-1892","post","type-post","status-publish","format-standard","has-post-thumbnail","hentry","category-noticias"],"_links":{"self":[{"href":"https:\/\/www.bfv.cloud\/ajedrezeuropa\/wp-json\/wp\/v2\/posts\/1892","targetHints":{"allow":["GET"]}}],"collection":[{"href":"https:\/\/www.bfv.cloud\/ajedrezeuropa\/wp-json\/wp\/v2\/posts"}],"about":[{"href":"https:\/\/www.bfv.cloud\/ajedrezeuropa\/wp-json\/wp\/v2\/types\/post"}],"author":[{"embeddable":true,"href":"https:\/\/www.bfv.cloud\/ajedrezeuropa\/wp-json\/wp\/v2\/users\/1"}],"replies":[{"embeddable":true,"href":"https:\/\/www.bfv.cloud\/ajedrezeuropa\/wp-json\/wp\/v2\/comments?post=1892"}],"version-history":[{"count":1,"href":"https:\/\/www.bfv.cloud\/ajedrezeuropa\/wp-json\/wp\/v2\/posts\/1892\/revisions"}],"predecessor-version":[{"id":1896,"href":"https:\/\/www.bfv.cloud\/ajedrezeuropa\/wp-json\/wp\/v2\/posts\/1892\/revisions\/1896"}],"wp:featuredmedia":[{"embeddable":true,"href":"https:\/\/www.bfv.cloud\/ajedrezeuropa\/wp-json\/wp\/v2\/media\/1893"}],"wp:attachment":[{"href":"https:\/\/www.bfv.cloud\/ajedrezeuropa\/wp-json\/wp\/v2\/media?parent=1892"}],"wp:term":[{"taxonomy":"category","embeddable":true,"href":"https:\/\/www.bfv.cloud\/ajedrezeuropa\/wp-json\/wp\/v2\/categories?post=1892"},{"taxonomy":"post_tag","embeddable":true,"href":"https:\/\/www.bfv.cloud\/ajedrezeuropa\/wp-json\/wp\/v2\/tags?post=1892"}],"curies":[{"name":"wp","href":"https:\/\/api.w.org\/{rel}","templated":true}]}}