{"id":1897,"date":"2019-08-05T19:33:00","date_gmt":"2019-08-05T19:33:00","guid":{"rendered":"https:\/\/www.bfv.cloud\/ajedrezeuropa\/index.php\/2019\/08\/05\/concluye-el-campus-de-verano-en-villafranca\/"},"modified":"2025-11-20T10:39:51","modified_gmt":"2025-11-20T10:39:51","slug":"concluye-el-campus-de-verano-en-villafranca","status":"publish","type":"post","link":"https:\/\/www.bfv.cloud\/ajedrezeuropa\/concluye-el-campus-de-verano-en-villafranca\/","title":{"rendered":"CONCLUYE EL CAMPUS DE VERANO EN VILLAFRANCA"},"content":{"rendered":"<table align=\"center\" cellpadding=\"0\" cellspacing=\"0\" class=\"tr-caption-container\" style=\"margin-left: auto;margin-right: auto;text-align: center\">\n<tbody>\n<tr>\n<td style=\"text-align: center\"><a href=\"https:\/\/www.bfv.cloud\/ajedrezeuropa\/wp-content\/uploads\/2019\/08\/PLANOGENERALCLAUSURA.jpg\" style=\"margin-left: auto;margin-right: auto\"><img fetchpriority=\"high\" decoding=\"async\" border=\"0\" data-original-height=\"449\" data-original-width=\"1600\" height=\"174\" src=\"https:\/\/blogger.googleusercontent.com\/img\/b\/R29vZ2xl\/AVvXsEjN6wJlrbnlw3_xcWzLrV1kQoJwJiH4Jlj8M77YH6WKECtBCrzITFLdEnP-1sZs-enqGbd3Okoxif5XM7JP_vwxGYtg-Xr56IDgdqUA2TD9emY6QqpKUJxPzayFdb_FJI8b3kVEcs3g_48\/s640\/PLANO+GENERAL+CLAUSURA.jpg\" width=\"640\" \/><\/a><\/td>\n<\/tr>\n<tr>\n<td class=\"tr-caption\" style=\"text-align: center\">Imagen de la clausura en la casa de la cultura de Villafranca de los Caballeros<\/td>\n<\/tr>\n<\/tbody>\n<\/table>\n<p><span style=\"font-family: Verdana, sans-serif;font-size: large\"><b>La edici\u00f3n de 2019 del campus de tecnificaci\u00f3n de Nuestro Ajedrez en Europa finalizaba el pasado s\u00e1bado en Villafranca de los Caballeros.<\/b><\/span><\/p>\n<table cellpadding=\"0\" cellspacing=\"0\" class=\"tr-caption-container\" style=\"float: right;margin-left: 1em;text-align: right\">\n<tbody>\n<tr>\n<td style=\"text-align: center\"><a href=\"https:\/\/www.bfv.cloud\/ajedrezeuropa\/wp-content\/uploads\/2019\/08\/MESACALAUSURA.jpg\" style=\"clear: right;margin-bottom: 1em;margin-left: auto;margin-right: auto\"><img decoding=\"async\" border=\"0\" data-original-height=\"1271\" data-original-width=\"1600\" height=\"317\" src=\"https:\/\/blogger.googleusercontent.com\/img\/b\/R29vZ2xl\/AVvXsEjnMiCKGboxqD9LI49B_w9UUqNb1kWXE3Iz6v-0ZJu9j4EJoLIplk9JTnS1LD7fBMtYDnSTA2FX01GEFUzxKtT66kjLi77oDU86KDU0TtmDkj5ZMuC0R1cbjGTt_lV3Htt1cw6oyHNq9tg\/s400\/MESA+CALAUSURA.jpg\" width=\"400\" \/><\/a><\/td>\n<\/tr>\n<tr>\n<td class=\"tr-caption\" style=\"text-align: center\">Intervinientes en el acto de clausura del campus<\/td>\n<\/tr>\n<\/tbody>\n<\/table>\n<p><span style=\"font-family: Verdana, sans-serif;font-size: large\"><b>A la clausura asistieron responsables de los dos ayuntamientos que trabajan conjuntamente en el proyecto: Juli\u00e1n Bola\u00f1os, alcalde de Villafranca, y los concejales de Alc\u00e1zar de San Juan, Amparo Bremard y Antonio Rub\u00e9n Cano.<\/b><\/span><\/p>\n<table cellpadding=\"0\" cellspacing=\"0\" class=\"tr-caption-container\" style=\"float: left;margin-right: 1em;text-align: left\">\n<tbody>\n<tr>\n<td style=\"text-align: center\"><a href=\"https:\/\/www.bfv.cloud\/ajedrezeuropa\/wp-content\/uploads\/2019\/08\/IMG_20190803_194959.jpg\" style=\"clear: left;margin-bottom: 1em;margin-left: auto;margin-right: auto\"><img decoding=\"async\" border=\"0\" data-original-height=\"1511\" data-original-width=\"1600\" height=\"377\" src=\"https:\/\/blogger.googleusercontent.com\/img\/b\/R29vZ2xl\/AVvXsEiAPFFEq6KGQD0eWTOZ2kIzPxP2za01_2FMxvHyYjCxaBI_dp27tkBGe_vi6Mwg2n66yE0xnPPdk4QxFXPKUhrLqSO9Hegi8aTMwJ759wHUD4LTYWGOygTNHSMBYbh6B3mFLX1LkAjnhug\/s400\/IMG_20190803_194959.jpg\" width=\"400\" \/><\/a><\/td>\n<\/tr>\n<tr>\n<td class=\"tr-caption\" style=\"text-align: center\">Alumnos durante la clausura<\/td>\n<\/tr>\n<\/tbody>\n<\/table>\n<p><span style=\"font-family: Verdana, sans-serif;font-size: large\"><b>Los 12 a\u00f1os de existencia de Nuestro Ajedrez en Europa han tenido como referente formativo los campus de verano y las concentraciones de Navidad, con la participaci\u00f3n de dos de los mejores entrenadores del mundo al frente de los grupos de tecnificaci\u00f3n: Elizbar Ubilava y Herminio Herr\u00e1iz. Junto a ellos siempre han estado preparadores y monitores unidos al proyecto desde su creaci\u00f3n. En esta ocasi\u00f3n, Ana Isabel Gonz\u00e1lez, Antonio Albo y Silvia Toribio, han completado el trabajo con los grupos de perfeccionamiento e iniciaci\u00f3n.<\/b><\/span><\/p>\n<table cellpadding=\"0\" cellspacing=\"0\" class=\"tr-caption-container\" style=\"float: right;margin-left: 1em;text-align: right\">\n<tbody>\n<tr>\n<td style=\"text-align: center\"><a href=\"https:\/\/www.bfv.cloud\/ajedrezeuropa\/wp-content\/uploads\/2019\/08\/IMG_20190802_171318_resized_20190804_084229748.jpg\" style=\"clear: right;margin-bottom: 1em;margin-left: auto;margin-right: auto\"><img loading=\"lazy\" decoding=\"async\" border=\"0\" data-original-height=\"916\" data-original-width=\"1600\" height=\"228\" src=\"https:\/\/blogger.googleusercontent.com\/img\/b\/R29vZ2xl\/AVvXsEi0-w_u91t2svCfnGkI5nnMoliBdIUcnkGEA3O5ciRJm6h3UtpghMX9KqhRD8VS8XbOPvubilvX3oTgqRZdxW-waDObz6ZAFm2-MDicInn2Lio00aD8XlGL5Ke3PHg7yOAyRUfVaSWrWws\/s400\/IMG_20190802_171318_resized_20190804_084229748.jpg\" width=\"400\" \/><\/a><\/td>\n<\/tr>\n<tr>\n<td class=\"tr-caption\" style=\"text-align: center\">Grupo de tecnificaci\u00f3n A<\/td>\n<\/tr>\n<\/tbody>\n<\/table>\n<p><span style=\"font-family: Verdana, sans-serif;font-size: large\"><b>La evoluci\u00f3n del proyecto en los \u00faltimos a\u00f1os ha enriquecido las clases de ajedrez impartidas desde las escuelas deportivas y en las actividades formativas espec\u00edficas como el campus y las concentraciones, incorporando para los grupos de iniciaci\u00f3n herramientas puestas en marcha en la educaci\u00f3n: ejercicios en ingl\u00e9s, juegos sobre el tablero gigante del suelo, apoyo a la integraci\u00f3n de ni\u00f1os y ni\u00f1as con capacidades diferentes, etc.<\/b><\/span><\/p>\n<table align=\"center\" cellpadding=\"0\" cellspacing=\"0\" class=\"tr-caption-container\" style=\"margin-left: auto;margin-right: auto;text-align: center\">\n<tbody>\n<tr>\n<td style=\"text-align: center\"><a href=\"https:\/\/www.bfv.cloud\/ajedrezeuropa\/wp-content\/uploads\/2019\/08\/AJEDREZENCONSUEGRA2019.jpg\" style=\"margin-left: auto;margin-right: auto\"><img loading=\"lazy\" decoding=\"async\" border=\"0\" data-original-height=\"829\" data-original-width=\"1556\" height=\"340\" src=\"https:\/\/blogger.googleusercontent.com\/img\/b\/R29vZ2xl\/AVvXsEjoVsoo10VBVdxs6039WelZtX3UYgi3IHcu6vH30WYSP7nal6bzhAxs3bDsnWxnGOJC2ITv9ye-wzQcdbXAvOhUy7QmU_xqSmkKqet_UxEdpYR1M1zgjqa23kn-0OmGzFa68yo_dgBaoYI\/s640\/AJEDREZ+EN+CONSUEGRA+2019.jpg\" width=\"640\" \/><\/a><\/td>\n<\/tr>\n<tr>\n<td class=\"tr-caption\" style=\"text-align: center\"><\/td>\n<\/tr>\n<\/tbody>\n<\/table>\n<p><b style=\"font-family: Verdana, sans-serif;font-size: x-large\">De esta forma se ha logrado que bajo un mismo nombre se encuentren varios proyectos desarrollados en el \u00e1mbito de la educaci\u00f3n de la cultura o del deporte. En este aspecto, tambi\u00e9n cabe destacar la apertura de las actividades formativas a adultos y mayores dentro de una estrategia social de ampliaci\u00f3n de los conocimientos b\u00e1sicos ajedrec\u00edsticos y de relaciones intergeneracionales.&nbsp;<\/b><\/p>\n<table align=\"center\" cellpadding=\"0\" cellspacing=\"0\" class=\"tr-caption-container\" style=\"margin-left: auto;margin-right: auto;text-align: center\">\n<tbody>\n<tr>\n<td style=\"text-align: center\"><a href=\"https:\/\/www.bfv.cloud\/ajedrezeuropa\/wp-content\/uploads\/2019\/08\/ACTOINAUGURACIONCAMPUS2.jpg\" style=\"margin-left: auto;margin-right: auto\"><img loading=\"lazy\" decoding=\"async\" border=\"0\" data-original-height=\"601\" data-original-width=\"1600\" height=\"240\" src=\"https:\/\/blogger.googleusercontent.com\/img\/b\/R29vZ2xl\/AVvXsEhw3AocLm3b9DhR-gGYwILvyNhfVHsZ3KBU3JmUhAPNO2FDX0BYn-ZwQTaVJ6bti0ATvT6G_0FdZtQxVTeixkrAUlTQlUfLMRjurcrIpc9D9k3ofuzPgfyzjq_3sZbhRXa0_d6K-0Ib9lo\/s640\/ACTO+INAUGURACION+CAMPUS+2.jpg\" width=\"640\" \/><\/a><\/td>\n<\/tr>\n<tr>\n<td class=\"tr-caption\" style=\"text-align: center\">Imagen del acto inaugural en el CIJ Covadonga de Alc\u00e1zar de San Juan<\/td>\n<\/tr>\n<\/tbody>\n<\/table>\n<p><b style=\"font-family: Verdana, sans-serif;font-size: x-large\">El acto de clausura destac\u00f3 por su ambiente distendido y participativo. Se recordaron los \u00e9xitos deportivos cosechados durante toda la temporada y concluy\u00f3 con la entrega de diplomas a todos los participantes.<\/b><br \/>\n<span style=\"font-family: Verdana, sans-serif;font-size: large\"><b>Esta edici\u00f3n se clausuraba destacando estos y otros objetivos del proyecto, que nacido de la colaboraci\u00f3n entre dos poblaciones tan distintas como Alc\u00e1zar y Villafranca, ha conseguido aunar programas sociales, culturales, educativos y deportivos, con el ajedrez como elemento unificador.<\/b><\/span><\/p>\n<table align=\"center\" cellpadding=\"0\" cellspacing=\"0\" class=\"tr-caption-container\" style=\"margin-left: auto;margin-right: auto;text-align: center\">\n<tbody>\n<tr>\n<td style=\"text-align: center\"><a href=\"https:\/\/www.bfv.cloud\/ajedrezeuropa\/wp-content\/uploads\/2019\/08\/IMG-20190803-WA0051.jpg\" style=\"margin-left: auto;margin-right: auto\"><img loading=\"lazy\" decoding=\"async\" border=\"0\" data-original-height=\"554\" data-original-width=\"1600\" height=\"220\" src=\"https:\/\/blogger.googleusercontent.com\/img\/b\/R29vZ2xl\/AVvXsEgfpT9Y7oUUVUj44xpO0WlvL5RXw81YAob5IYcTb_RJI57HFtxyp8MQ1gZ6HfJMkpd9uiCS-65xywcrlAEDgZS2SlYilhCZhua0WvTZTxbbqPbHuq1Ud3tlvMSCQrvsGVMmQlvW87-zMpY\/s640\/IMG-20190803-WA0051.jpg\" width=\"640\" \/><\/a><\/td>\n<\/tr>\n<tr>\n<td class=\"tr-caption\" style=\"text-align: center\">Algunos de los alumnos del campus acompa\u00f1ados de sus entrenadores y del <br \/>alcalde de Villafranca tras la entrega de diplomas<\/td>\n<\/tr>\n<\/tbody>\n<\/table>\n<p><span style=\"font-family: Verdana, sans-serif;font-size: large\"><b><br \/><\/b><\/span><\/p>\n","protected":false},"excerpt":{"rendered":"<p>Imagen de la clausura en la casa de la cultura de Villafranca de los Caballeros La edici\u00f3n de 2019 del campus de tecnificaci\u00f3n de Nuestro Ajedrez en Europa finalizaba el pasado s\u00e1bado en Villafranca de los Caballeros. Intervinientes en el acto de clausura del campus A la clausura asistieron responsables de los dos ayuntamientos que [&hellip;]<\/p>\n","protected":false},"author":1,"featured_media":1898,"comment_status":"open","ping_status":"closed","sticky":false,"template":"","format":"standard","meta":{"footnotes":""},"categories":[1],"tags":[],"class_list":["post-1897","post","type-post","status-publish","format-standard","has-post-thumbnail","hentry","category-noticias"],"_links":{"self":[{"href":"https:\/\/www.bfv.cloud\/ajedrezeuropa\/wp-json\/wp\/v2\/posts\/1897","targetHints":{"allow":["GET"]}}],"collection":[{"href":"https:\/\/www.bfv.cloud\/ajedrezeuropa\/wp-json\/wp\/v2\/posts"}],"about":[{"href":"https:\/\/www.bfv.cloud\/ajedrezeuropa\/wp-json\/wp\/v2\/types\/post"}],"author":[{"embeddable":true,"href":"https:\/\/www.bfv.cloud\/ajedrezeuropa\/wp-json\/wp\/v2\/users\/1"}],"replies":[{"embeddable":true,"href":"https:\/\/www.bfv.cloud\/ajedrezeuropa\/wp-json\/wp\/v2\/comments?post=1897"}],"version-history":[{"count":1,"href":"https:\/\/www.bfv.cloud\/ajedrezeuropa\/wp-json\/wp\/v2\/posts\/1897\/revisions"}],"predecessor-version":[{"id":1905,"href":"https:\/\/www.bfv.cloud\/ajedrezeuropa\/wp-json\/wp\/v2\/posts\/1897\/revisions\/1905"}],"wp:featuredmedia":[{"embeddable":true,"href":"https:\/\/www.bfv.cloud\/ajedrezeuropa\/wp-json\/wp\/v2\/media\/1898"}],"wp:attachment":[{"href":"https:\/\/www.bfv.cloud\/ajedrezeuropa\/wp-json\/wp\/v2\/media?parent=1897"}],"wp:term":[{"taxonomy":"category","embeddable":true,"href":"https:\/\/www.bfv.cloud\/ajedrezeuropa\/wp-json\/wp\/v2\/categories?post=1897"},{"taxonomy":"post_tag","embeddable":true,"href":"https:\/\/www.bfv.cloud\/ajedrezeuropa\/wp-json\/wp\/v2\/tags?post=1897"}],"curies":[{"name":"wp","href":"https:\/\/api.w.org\/{rel}","templated":true}]}}