{"id":1906,"date":"2015-08-23T12:25:00","date_gmt":"2015-08-23T12:25:00","guid":{"rendered":"https:\/\/www.bfv.cloud\/ajedrezeuropa\/index.php\/2015\/08\/23\/entre-simultaneas-juegos-y-felicitaciones\/"},"modified":"2025-11-20T10:39:55","modified_gmt":"2025-11-20T10:39:55","slug":"entre-simultaneas-juegos-y-felicitaciones","status":"publish","type":"post","link":"https:\/\/www.bfv.cloud\/ajedrezeuropa\/entre-simultaneas-juegos-y-felicitaciones\/","title":{"rendered":"\u00a1\u00a1ENTRE SIMULT\u00c1NEAS, JUEGOS Y FELICITACIONES!!"},"content":{"rendered":"<h4 style=\"text-align: center\">\n<span style=\"color: #660000;font-family: Helvetica Neue, Arial, Helvetica, sans-serif\"><u>COLABORACI\u00d3N EN &nbsp;LA I JORNADA SOLIDARIA<\/p>\n<table cellpadding=\"0\" cellspacing=\"0\" class=\"tr-caption-container\" style=\"float: right;margin-left: 1em;text-align: right\">\n<tbody>\n<tr>\n<td style=\"text-align: center\"><a href=\"https:\/\/www.bfv.cloud\/ajedrezeuropa\/wp-content\/uploads\/2015\/08\/SAM_2075.jpg\" style=\"clear: right;margin-bottom: 1em;margin-left: auto;margin-right: auto\"><img fetchpriority=\"high\" decoding=\"async\" border=\"0\" height=\"300\" src=\"https:\/\/blogger.googleusercontent.com\/img\/b\/R29vZ2xl\/AVvXsEh0cWoT8QEdr8Vq4DGrpTuowDnW2aJ1-gvNjI7r02CUQ3ze4-1p6_7fQ1mNRkzdbAkc7GTofokkXnlIFmTZ1zBqBl47mUZfxpU6MqEzyoWKoe7auKApVWEp222moW8IOF2c2qRBxNvIQ-I\/s400\/SAM_2075.JPG\" width=\"400\" \/><\/a><\/td>\n<\/tr>\n<tr>\n<td class=\"tr-caption\" style=\"text-align: center\">Una imagen del ajedrez \u00aben movimiento\u00bb<\/td>\n<\/tr>\n<\/tbody>\n<\/table>\n<p><\/u><\/span><\/h4>\n<div>\n<span style=\"color: #660000;font-family: Helvetica Neue, Arial, Helvetica, sans-serif\">El viernes por la noche un numeroso grupo de chicos y chicas de las escuelas de ajedrez de Alc\u00e1zar y Villafranca se reun\u00edan en el complejo polideportivo de Alc\u00e1zar para demostrar que, aunque todav\u00eda muy j\u00f3venes, ellos tambi\u00e9n apoyan activamente causas solidarias. Durante m\u00e1s de dos horas nuestros alumnos jugaron al ajedrez, disfrutaron de otras actividades &nbsp;y convivieron con otros ni\u00f1os y ni\u00f1as que se acercaron a practicar su deporte preferido y, a la vez, echar una mano a Luis Eduardo Asensio. Una vez m\u00e1s se demuestra que el ajedrez tambi\u00e9n puede y debe estar cerca de las preocupaciones y necesidades sociales. &nbsp;<\/span><\/div>\n<table cellpadding=\"0\" cellspacing=\"0\" class=\"tr-caption-container\" style=\"float: right;text-align: left\">\n<tbody>\n<tr>\n<td style=\"text-align: center\"><a href=\"https:\/\/www.bfv.cloud\/ajedrezeuropa\/wp-content\/uploads\/2015\/08\/IMG-20150821-WA005.jpg\" style=\"clear: left;margin-bottom: 1em;margin-left: auto;margin-right: auto\"><img decoding=\"async\" border=\"0\" height=\"320\" src=\"https:\/\/blogger.googleusercontent.com\/img\/b\/R29vZ2xl\/AVvXsEj-aOGOjmbJ6421y5IOm8WVufVOQ1mcViaTgn7W7alFfW4__No0NL4f-MY6bsXsWGGg8AeLbT4vFPIC29oT6WU5DRUMhJaQDMOW2ceTpwJQtuvuiii2E9iHAXsUQdM5bv97UvLfwpUGRLM\/s320\/IMG-20150821-WA005.jpg\" width=\"240\" \/><\/a><\/td>\n<\/tr>\n<tr>\n<td class=\"tr-caption\" style=\"text-align: center\">Un instante de la simult\u00e1nea ofrecida<br \/>por Isaac<\/td>\n<\/tr>\n<\/tbody>\n<\/table>\n<h4>\n<span style=\"color: #0b5394;font-family: Helvetica Neue, Arial, Helvetica, sans-serif\"><u><br \/><\/u><\/span><\/h4>\n<h4>\n<span style=\"color: #0b5394;font-family: Helvetica Neue, Arial, Helvetica, sans-serif\"><u><br \/><\/u><\/span><\/h4>\n<h4>\n<span style=\"color: #0b5394;font-family: Helvetica Neue, Arial, Helvetica, sans-serif\"><u>ISAAC LOZANO OFRECE UNA SIMULT\u00c1NEA EN LA FERIA DE QUINTANAR DE LA ORDEN<\/u><\/span><\/h4>\n<div>\n<span style=\"color: #0b5394;font-family: Helvetica Neue, Arial, Helvetica, sans-serif\">Dentro de las distintas actividades desarrolladas durante la feria del pueblo toledano de Quntanar de la Orden cabe destacar la simult\u00e1nea ofrecida por nuestro jugador, Isaac Lozano Osorio. Es la primera ocasi\u00f3n en &nbsp;la que Isaac ha disputado una simult\u00e1nea en el marco de las fiestas de su pueblo y queremos felicitarle por ello.<\/span><\/div>\n<div style=\"text-align: center\">\n<\/div>\n<div style=\"text-align: center\">\n<\/div>\n<table cellpadding=\"0\" cellspacing=\"0\" class=\"tr-caption-container\" style=\"float: left;margin-right: 1em;text-align: left\">\n<tbody>\n<tr>\n<td style=\"text-align: center\"><a href=\"https:\/\/www.bfv.cloud\/ajedrezeuropa\/wp-content\/uploads\/2015\/08\/UBILAVACONSOLVAY2015.jpg\" style=\"clear: right;margin-bottom: 1em;margin-left: auto;margin-right: auto\"><img decoding=\"async\" border=\"0\" height=\"225\" src=\"https:\/\/blogger.googleusercontent.com\/img\/b\/R29vZ2xl\/AVvXsEhGNVSrKfGxLJcI3dW6qfWZQtkFzBY3sMGwu94Jh8Sz2qx83Azwc-6faTxSQsU3vNqY6mt5x8BqVRhNAnu02OTAFgrTyEQaNfMXDLs4to33wQFRbD5ccx2D_NQSKazozd7NFoeyNAMyS1g\/s400\/UBILAVA+CON+SOLVAY+2015.jpg\" width=\"400\" \/><\/a><\/td>\n<\/tr>\n<tr>\n<td class=\"tr-caption\" style=\"text-align: center\">Foto de Juan Antonio Montero para CHESSBASE con Ubilava<br \/>frente al tablero, sentado a la derecha<\/td>\n<\/tr>\n<\/tbody>\n<\/table>\n<h4 style=\"text-align: center\">\n<span style=\"color: #38761d;font-family: Georgia, Times New Roman, serif\"><u><br \/><\/u><\/span><\/h4>\n<h4 style=\"text-align: center\">\n<span style=\"color: #38761d;font-family: Georgia, Times New Roman, serif\"><u><br \/><\/u><\/span><\/h4>\n<h4 style=\"text-align: center\">\n<span style=\"color: #38761d;font-family: Georgia, Times New Roman, serif\"><u>\u00a1\u00a1ENHORABUENA A NUESTRO AMIGO UBILAVA!!<\/u><\/span><\/h4>\n<div>\n<span style=\"color: #38761d;font-family: Georgia, Times New Roman, serif\">Ha finalizado en Linares el Campeonato de Espa\u00f1a por Equipos de Divisi\u00f3n de Honor de ajedrez con la victoria del equipo c\u00e1ntabro de Solvay, donde desde hace a\u00f1os milita uno de los m\u00e1s prestigiosos entrenadores del mundo y preparador de nuestros jugadores en los campus de verano: Elizbar Ubilava. Por la parte tan importante que \u00e9l tiene en esta gran victoria, queremos expresarle nuestra felicitaci\u00f3n m\u00e1s sentida.<\/span><\/div>\n","protected":false},"excerpt":{"rendered":"<p>COLABORACI\u00d3N EN &nbsp;LA I JORNADA SOLIDARIA Una imagen del ajedrez \u00aben movimiento\u00bb El viernes por la noche un numeroso grupo de chicos y chicas de las escuelas de ajedrez de Alc\u00e1zar y Villafranca se reun\u00edan en el complejo polideportivo de Alc\u00e1zar para demostrar que, aunque todav\u00eda muy j\u00f3venes, ellos tambi\u00e9n apoyan activamente causas solidarias. Durante [&hellip;]<\/p>\n","protected":false},"author":1,"featured_media":1907,"comment_status":"open","ping_status":"closed","sticky":false,"template":"","format":"standard","meta":{"footnotes":""},"categories":[1],"tags":[],"class_list":["post-1906","post","type-post","status-publish","format-standard","has-post-thumbnail","hentry","category-noticias"],"_links":{"self":[{"href":"https:\/\/www.bfv.cloud\/ajedrezeuropa\/wp-json\/wp\/v2\/posts\/1906","targetHints":{"allow":["GET"]}}],"collection":[{"href":"https:\/\/www.bfv.cloud\/ajedrezeuropa\/wp-json\/wp\/v2\/posts"}],"about":[{"href":"https:\/\/www.bfv.cloud\/ajedrezeuropa\/wp-json\/wp\/v2\/types\/post"}],"author":[{"embeddable":true,"href":"https:\/\/www.bfv.cloud\/ajedrezeuropa\/wp-json\/wp\/v2\/users\/1"}],"replies":[{"embeddable":true,"href":"https:\/\/www.bfv.cloud\/ajedrezeuropa\/wp-json\/wp\/v2\/comments?post=1906"}],"version-history":[{"count":1,"href":"https:\/\/www.bfv.cloud\/ajedrezeuropa\/wp-json\/wp\/v2\/posts\/1906\/revisions"}],"predecessor-version":[{"id":1910,"href":"https:\/\/www.bfv.cloud\/ajedrezeuropa\/wp-json\/wp\/v2\/posts\/1906\/revisions\/1910"}],"wp:featuredmedia":[{"embeddable":true,"href":"https:\/\/www.bfv.cloud\/ajedrezeuropa\/wp-json\/wp\/v2\/media\/1907"}],"wp:attachment":[{"href":"https:\/\/www.bfv.cloud\/ajedrezeuropa\/wp-json\/wp\/v2\/media?parent=1906"}],"wp:term":[{"taxonomy":"category","embeddable":true,"href":"https:\/\/www.bfv.cloud\/ajedrezeuropa\/wp-json\/wp\/v2\/categories?post=1906"},{"taxonomy":"post_tag","embeddable":true,"href":"https:\/\/www.bfv.cloud\/ajedrezeuropa\/wp-json\/wp\/v2\/tags?post=1906"}],"curies":[{"name":"wp","href":"https:\/\/api.w.org\/{rel}","templated":true}]}}