{"id":1911,"date":"2013-03-06T07:45:00","date_gmt":"2013-03-06T07:45:00","guid":{"rendered":"https:\/\/www.bfv.cloud\/ajedrezeuropa\/index.php\/2013\/03\/06\/provincial-por-edades-de-ciudad-real\/"},"modified":"2025-11-20T10:40:00","modified_gmt":"2025-11-20T10:40:00","slug":"provincial-por-edades-de-ciudad-real","status":"publish","type":"post","link":"https:\/\/www.bfv.cloud\/ajedrezeuropa\/provincial-por-edades-de-ciudad-real\/","title":{"rendered":"PROVINCIAL POR EDADES DE CIUDAD REAL"},"content":{"rendered":"<table cellpadding=\"0\" cellspacing=\"0\" class=\"tr-caption-container\" style=\"float: right;margin-left: 1em;text-align: right\">\n<tbody>\n<tr>\n<td style=\"text-align: center\"><a href=\"https:\/\/www.bfv.cloud\/ajedrezeuropa\/wp-content\/uploads\/2013\/03\/PROVINCIALPOREDADESCIUDADREAL2013007.jpg\" style=\"clear: right;margin-bottom: 1em;margin-left: auto;margin-right: auto\"><img fetchpriority=\"high\" decoding=\"async\" border=\"0\" height=\"240\" src=\"https:\/\/blogger.googleusercontent.com\/img\/b\/R29vZ2xl\/AVvXsEjzfKyM0V-Ve6uPpG_udX5Tu5TlVMmH0HQfnCPSg3_QYTGlwXgb8T0j8vfGkf2VgAUi28cmuJVGG-Ixg30-6qqIjapetgsEJQdySHr5RHElIhYMgwTK3yoOeHreZZydIPn6v1XI8XmcH-k\/s320\/PROVINCIAL+POR+EDADES+CIUDAD+REAL+2013+007.jpg\" width=\"320\" \/><\/a><\/td>\n<\/tr>\n<tr>\n<td class=\"tr-caption\" style=\"text-align: center\">Nuria Lozano disputa su primer campeonato en<br \/>la categor\u00eda sub-8<\/td>\n<\/tr>\n<\/tbody>\n<\/table>\n<p>&nbsp;<span style=\"font-family: Arial, Helvetica, sans-serif\">Ha comenzado en Tomelloso el Campeonato Provincial por Edades. Un total de 89 ajedrecistas disputaron las rondas iniciales, siendo 12 los jugadores que asistieron representando a nuestros clubes. Los alumnos y alumnas de la EDM de ajedrez de Alc\u00e1zar est\u00e1n presentes en todas las categor\u00edas desde la sub-8 a la sub-18. Despu\u00e9s de esta 1\u00aa jornada de competici\u00f3n destacan las actuaciones de Jos\u00e9 \u00c1ngel Vela en el sub-18, de Enrique Velasco en el sub-12 y de Nuria Lozano en el sub-8.&nbsp;<\/span><br \/>\n<span style=\"font-family: Arial, Helvetica, sans-serif\">Estos son los enlaces para poder seguir los resultados y clasificaciones:&nbsp;<\/span><\/p>\n<table cellpadding=\"0\" cellspacing=\"0\" class=\"tr-caption-container\" style=\"float: left;margin-right: 1em;text-align: left\">\n<tbody>\n<tr>\n<td style=\"text-align: center\"><a href=\"https:\/\/www.bfv.cloud\/ajedrezeuropa\/wp-content\/uploads\/2013\/03\/PROVINCIALPOREDADESCIUDADREAL2013003.jpg\" style=\"clear: left;margin-bottom: 1em;margin-left: auto;margin-right: auto\"><img decoding=\"async\" border=\"0\" height=\"240\" src=\"https:\/\/blogger.googleusercontent.com\/img\/b\/R29vZ2xl\/AVvXsEiwKQ0BtNLuRPR6dNLxyQ_Fp858e374vNMfgsyAzEamMp3Fj9Zu_EHwWWuSFefGCdu8gUH3Jac2M3igqGIdsf3zlT3V4WP1vVG9q0j6gXd9l9QprhMMjkgcMPrVzj75ofxnsv1s-TyI6ao\/s320\/PROVINCIAL+POR+EDADES+CIUDAD+REAL+2013+003.jpg\" width=\"320\" \/><\/a><\/td>\n<\/tr>\n<tr>\n<td class=\"tr-caption\" style=\"text-align: center\">Enrique se enfrent\u00f3 con Isabel en la 1\u00aa ronda<br \/>del sub-12<\/td>\n<\/tr>\n<\/tbody>\n<\/table>\n<p><\/p>\n<table cellpadding=\"0\" cellspacing=\"0\" class=\"tr-caption-container\" style=\"float: right;margin-left: 1em;text-align: right\">\n<tbody>\n<tr>\n<td style=\"text-align: center\"><a href=\"https:\/\/www.bfv.cloud\/ajedrezeuropa\/wp-content\/uploads\/2013\/03\/PROVINCIALPOREDADESCIUDADREAL2013009.jpg\" style=\"clear: right;margin-bottom: 1em;margin-left: auto;margin-right: auto\"><img decoding=\"async\" border=\"0\" height=\"240\" src=\"https:\/\/blogger.googleusercontent.com\/img\/b\/R29vZ2xl\/AVvXsEi5vQVSqDksKXBGIzlc0YMc8oIU8Akyuz1xVgsG-2FrcEvboQLaSD5DLGHCgZ0akCjL4LeN5cFhsGQ3a-iFAYHUFbxjrjvTBkdlAX2cCdvbTdVucispDJGa3EdTWEODFDhmj33e6NOAOpI\/s320\/PROVINCIAL+POR+EDADES+CIUDAD+REAL+2013+009.jpg\" width=\"320\" \/><\/a><\/td>\n<\/tr>\n<tr>\n<td class=\"tr-caption\" style=\"text-align: center\">Horacio del Barco jugando su partida en el<br \/>pabell\u00f3n de Tomelloso<\/td>\n<\/tr>\n<\/tbody>\n<\/table>\n<div style=\"text-align: center\">\n<b><a href=\"http:\/\/chess-results.com\/tnr92941.aspx?art=1&amp;rd=3&amp;lan=2&amp;wi=821\">Categor\u00eda sub-8<\/a><\/b><\/div>\n<div style=\"text-align: center\">\n<b><a href=\"http:\/\/chess-results.com\/tnr92940.aspx?art=1&amp;rd=3&amp;lan=2&amp;wi=821\">Categor\u00eda sub-10<\/a><\/b><\/div>\n<div style=\"text-align: center\">\n<b><a href=\"http:\/\/chess-results.com\/tnr92939.aspx?art=1&amp;rd=2&amp;lan=2&amp;wi=821\">Categor\u00eda sub-12<\/a><\/b><\/div>\n<div style=\"text-align: center\">\n<b><a href=\"http:\/\/chess-results.com\/tnr92938.aspx?art=1&amp;rd=2&amp;lan=2&amp;wi=821\">Categor\u00eda sub-14<\/a><\/b><\/div>\n<div style=\"text-align: center\">\n<b><a href=\"http:\/\/chess-results.com\/tnr92937.aspx?art=1&amp;rd=2&amp;lan=2&amp;wi=821\">Categor\u00eda sub-16<\/a><\/b><\/div>\n<div style=\"text-align: center\">\n<b><a href=\"http:\/\/chess-results.com\/tnr92903.aspx?art=1&amp;lan=2&amp;wi=821\">Categor\u00eda sub-18<\/a><\/b><\/div>\n<div style=\"text-align: center\">\n<\/div>\n","protected":false},"excerpt":{"rendered":"<p>Nuria Lozano disputa su primer campeonato enla categor\u00eda sub-8 &nbsp;Ha comenzado en Tomelloso el Campeonato Provincial por Edades. Un total de 89 ajedrecistas disputaron las rondas iniciales, siendo 12 los jugadores que asistieron representando a nuestros clubes. Los alumnos y alumnas de la EDM de ajedrez de Alc\u00e1zar est\u00e1n presentes en todas las categor\u00edas desde [&hellip;]<\/p>\n","protected":false},"author":1,"featured_media":1912,"comment_status":"open","ping_status":"closed","sticky":false,"template":"","format":"standard","meta":{"footnotes":""},"categories":[1],"tags":[],"class_list":["post-1911","post","type-post","status-publish","format-standard","has-post-thumbnail","hentry","category-noticias"],"_links":{"self":[{"href":"https:\/\/www.bfv.cloud\/ajedrezeuropa\/wp-json\/wp\/v2\/posts\/1911","targetHints":{"allow":["GET"]}}],"collection":[{"href":"https:\/\/www.bfv.cloud\/ajedrezeuropa\/wp-json\/wp\/v2\/posts"}],"about":[{"href":"https:\/\/www.bfv.cloud\/ajedrezeuropa\/wp-json\/wp\/v2\/types\/post"}],"author":[{"embeddable":true,"href":"https:\/\/www.bfv.cloud\/ajedrezeuropa\/wp-json\/wp\/v2\/users\/1"}],"replies":[{"embeddable":true,"href":"https:\/\/www.bfv.cloud\/ajedrezeuropa\/wp-json\/wp\/v2\/comments?post=1911"}],"version-history":[{"count":1,"href":"https:\/\/www.bfv.cloud\/ajedrezeuropa\/wp-json\/wp\/v2\/posts\/1911\/revisions"}],"predecessor-version":[{"id":1915,"href":"https:\/\/www.bfv.cloud\/ajedrezeuropa\/wp-json\/wp\/v2\/posts\/1911\/revisions\/1915"}],"wp:featuredmedia":[{"embeddable":true,"href":"https:\/\/www.bfv.cloud\/ajedrezeuropa\/wp-json\/wp\/v2\/media\/1912"}],"wp:attachment":[{"href":"https:\/\/www.bfv.cloud\/ajedrezeuropa\/wp-json\/wp\/v2\/media?parent=1911"}],"wp:term":[{"taxonomy":"category","embeddable":true,"href":"https:\/\/www.bfv.cloud\/ajedrezeuropa\/wp-json\/wp\/v2\/categories?post=1911"},{"taxonomy":"post_tag","embeddable":true,"href":"https:\/\/www.bfv.cloud\/ajedrezeuropa\/wp-json\/wp\/v2\/tags?post=1911"}],"curies":[{"name":"wp","href":"https:\/\/api.w.org\/{rel}","templated":true}]}}