{"id":1916,"date":"2013-05-10T22:36:00","date_gmt":"2013-05-10T22:36:00","guid":{"rendered":"https:\/\/www.bfv.cloud\/ajedrezeuropa\/index.php\/2013\/05\/10\/fase-regional-del-deporte-en-edad-escolar\/"},"modified":"2025-11-20T10:40:02","modified_gmt":"2025-11-20T10:40:02","slug":"fase-regional-del-deporte-en-edad-escolar","status":"publish","type":"post","link":"https:\/\/www.bfv.cloud\/ajedrezeuropa\/fase-regional-del-deporte-en-edad-escolar\/","title":{"rendered":"FASE REGIONAL DEL DEPORTE EN EDAD ESCOLAR"},"content":{"rendered":"<div class=\"separator\" style=\"clear: both;text-align: center\">\n<a href=\"https:\/\/www.bfv.cloud\/ajedrezeuropa\/wp-content\/uploads\/2013\/05\/logoJuventudCastilla-LaMancha.jpg\" style=\"clear: right;float: right;margin-bottom: 1em;margin-left: 1em\"><img fetchpriority=\"high\" decoding=\"async\" border=\"0\" height=\"181\" src=\"https:\/\/blogger.googleusercontent.com\/img\/b\/R29vZ2xl\/AVvXsEhiGfQbpQ6oHJIfWwrVF4d42-1BDCSSO4iGNLz3rx6LGUN13h7O_qXtiJmmzkxIpsaterfSMXiHHV3ua9mwEWn3p0AIksb1JuAkXwEDv6db2FkTNvtFIVpoz1A_gG3Uw4asWDW4GlPad-Q\/s400\/logo+Juventud+Castilla-La+Mancha.jpg\" width=\"400\" \/><\/a><\/div>\n<p><a href=\"https:\/\/www.bfv.cloud\/ajedrezeuropa\/wp-content\/uploads\/2013\/05\/fotoalbergueOssadeMontiel-1.jpg\" style=\"clear: right;float: right;margin-bottom: 1em;margin-left: 1em\"><img decoding=\"async\" border=\"0\" height=\"267\" src=\"https:\/\/blogger.googleusercontent.com\/img\/b\/R29vZ2xl\/AVvXsEiiRZmXeY0xwkU1jvopYFB7N3B7GKJtZ6ouOCIxynR6dAhb0TVi5q1K0SCIjXx-2XISeirnR6C1t5_rA_zKjer2sfnc_w2DL2TaP2Jbw7WgIuFJ2K-h7j5hv-3Y4ID67rLC21wfN1DpwiQ\/s400\/foto+albergue+Ossa+de+Montiel.jpg\" width=\"400\" \/><\/a><span style=\"font-family: Trebuchet MS, sans-serif\"><b>&nbsp;La Consejer\u00eda de Educaci\u00f3n de Castilla-La Mancha acaba de<br \/>\ncomunicar el cambio de sede para la celebraci\u00f3n de la fase regional del Deporte<br \/>\nen Edad Escolar. El cierre del albergue de Sese\u00f1a por parte de la Junta de<br \/>\nComunidades motiva el traslado al albergue juvenil \u201cAlonso Quijano\u201d (edificio<br \/>\n\u201cLa Colgada\u201d) en Ossa de Montiel (Albacete), siguiendo las fechas, horarios y<br \/>\nbases del Campeonato en las mismas condiciones. En el curso de las pr\u00f3ximas<br \/>\nsemanas se facilitar\u00e1 toda la informaci\u00f3n acerca de los desplazamientos y<br \/>\nparticipantes definitivos en las 4 categor\u00edas de juego. Como sab\u00e9is, esta<br \/>\ncompetici\u00f3n regional tiene un especial inter\u00e9s para nosotros, tras haber<br \/>\nclasificado a un total de 8 ajedrecistas para disputarla. Este n\u00famero de<br \/>\njugadores supone m\u00e1s de un 33% de la suma de 24 correspondientes a la<br \/>\nparticipaci\u00f3n con la que cuentan las provincias de Ciudad Real y Toledo.<\/b><\/span><\/p>\n","protected":false},"excerpt":{"rendered":"<p>&nbsp;La Consejer\u00eda de Educaci\u00f3n de Castilla-La Mancha acaba de comunicar el cambio de sede para la celebraci\u00f3n de la fase regional del Deporte en Edad Escolar. El cierre del albergue de Sese\u00f1a por parte de la Junta de Comunidades motiva el traslado al albergue juvenil \u201cAlonso Quijano\u201d (edificio \u201cLa Colgada\u201d) en Ossa de Montiel (Albacete), [&hellip;]<\/p>\n","protected":false},"author":1,"featured_media":1917,"comment_status":"open","ping_status":"closed","sticky":false,"template":"","format":"standard","meta":{"footnotes":""},"categories":[1],"tags":[],"class_list":["post-1916","post","type-post","status-publish","format-standard","has-post-thumbnail","hentry","category-noticias"],"_links":{"self":[{"href":"https:\/\/www.bfv.cloud\/ajedrezeuropa\/wp-json\/wp\/v2\/posts\/1916","targetHints":{"allow":["GET"]}}],"collection":[{"href":"https:\/\/www.bfv.cloud\/ajedrezeuropa\/wp-json\/wp\/v2\/posts"}],"about":[{"href":"https:\/\/www.bfv.cloud\/ajedrezeuropa\/wp-json\/wp\/v2\/types\/post"}],"author":[{"embeddable":true,"href":"https:\/\/www.bfv.cloud\/ajedrezeuropa\/wp-json\/wp\/v2\/users\/1"}],"replies":[{"embeddable":true,"href":"https:\/\/www.bfv.cloud\/ajedrezeuropa\/wp-json\/wp\/v2\/comments?post=1916"}],"version-history":[{"count":1,"href":"https:\/\/www.bfv.cloud\/ajedrezeuropa\/wp-json\/wp\/v2\/posts\/1916\/revisions"}],"predecessor-version":[{"id":1919,"href":"https:\/\/www.bfv.cloud\/ajedrezeuropa\/wp-json\/wp\/v2\/posts\/1916\/revisions\/1919"}],"wp:featuredmedia":[{"embeddable":true,"href":"https:\/\/www.bfv.cloud\/ajedrezeuropa\/wp-json\/wp\/v2\/media\/1917"}],"wp:attachment":[{"href":"https:\/\/www.bfv.cloud\/ajedrezeuropa\/wp-json\/wp\/v2\/media?parent=1916"}],"wp:term":[{"taxonomy":"category","embeddable":true,"href":"https:\/\/www.bfv.cloud\/ajedrezeuropa\/wp-json\/wp\/v2\/categories?post=1916"},{"taxonomy":"post_tag","embeddable":true,"href":"https:\/\/www.bfv.cloud\/ajedrezeuropa\/wp-json\/wp\/v2\/tags?post=1916"}],"curies":[{"name":"wp","href":"https:\/\/api.w.org\/{rel}","templated":true}]}}