{"id":1922,"date":"2015-10-27T21:38:00","date_gmt":"2015-10-27T21:38:00","guid":{"rendered":"https:\/\/www.bfv.cloud\/ajedrezeuropa\/index.php\/2015\/10\/27\/nuestros-equipos-en-el-provincial-de-clubes-de-toledo\/"},"modified":"2025-11-20T10:40:05","modified_gmt":"2025-11-20T10:40:05","slug":"nuestros-equipos-en-el-provincial-de-clubes-de-toledo","status":"publish","type":"post","link":"https:\/\/www.bfv.cloud\/ajedrezeuropa\/nuestros-equipos-en-el-provincial-de-clubes-de-toledo\/","title":{"rendered":"NUESTROS EQUIPOS EN EL PROVINCIAL DE CLUBES DE TOLEDO"},"content":{"rendered":"<table cellpadding=\"0\" cellspacing=\"0\" class=\"tr-caption-container\" style=\"float: right;margin-left: 1em;text-align: right\">\n<tbody>\n<tr>\n<td style=\"text-align: center\"><a href=\"https:\/\/www.bfv.cloud\/ajedrezeuropa\/wp-content\/uploads\/2015\/10\/SAM_1321.jpg\" style=\"clear: right;margin-bottom: 1em;margin-left: auto;margin-right: auto\"><img fetchpriority=\"high\" decoding=\"async\" border=\"0\" height=\"220\" src=\"https:\/\/blogger.googleusercontent.com\/img\/b\/R29vZ2xl\/AVvXsEiVDY3n-gz2J6ydVQI5ksEVCDGW0iPBuy4lK26aOVUt18TLqVTzMwt7yvO_TU5UWOQj5iJyBSs3BUkjYHaCTZuGhvbvHAknousINwojf7IdqKNStqNR3E0gzMbcLId3e9EG0Tk_jxmo6tU\/s400\/SAM_1321.JPG\" width=\"400\" \/><\/a><\/td>\n<\/tr>\n<tr>\n<td class=\"tr-caption\" style=\"text-align: center\">Algunos de nuestros jugadores al finalizar el campeonato por equipos<br \/>\ndel a\u00f1o pasado<\/td>\n<\/tr>\n<\/tbody>\n<\/table>\n<p>&nbsp;<span style=\"font-family: Arial, Helvetica, sans-serif\"><b>A menos de 15 d\u00edas para el comienzo del Campeonato Provincial por Equipos de Toledo valedero para la temporada 2016, ya tenemos preparadas las formaciones que nos representar\u00e1n en la 1\u00aa divisi\u00f3n y en el Torneo de Promoci\u00f3n Deportiva.<\/b><\/span><br \/>\n<span style=\"font-family: Arial, Helvetica, sans-serif\"><b>Aunque antes de dar a conocer los nombres de los jugadores y jugadoras que integran nuestros 4 equipos de 1\u00aa divisi\u00f3n y los 2 de promoci\u00f3n, debemos agradecer a todos su disposici\u00f3n y voluntad para acompa\u00f1arnos en esta importante competici\u00f3n. Los chicos y chicas de nuestras escuelas de Alc\u00e1zar y Villafranca, y los j\u00f3venes ajedrecistas de los clubes NUESTRO AJEDREZ EN EUROPA y NUESTRO AJEDREZ POR LA IGUALDAD, estar\u00e1n junto a magn\u00edficos y experimentados compa\u00f1eros que les ayudar\u00e1n a seguir creciendo en sus conocimientos t\u00e9cnicos y en su capacidad competitiva. &nbsp;<\/b><\/span><br \/>\n<span style=\"font-family: Arial, Helvetica, sans-serif\"><b><br \/><\/b><\/span><br \/>\n<\/p>\n<table cellpadding=\"0\" cellspacing=\"0\" class=\"tr-caption-container\" style=\"float: right;margin-left: 1em;text-align: right\">\n<tbody>\n<tr>\n<td style=\"text-align: center\"><a href=\"https:\/\/www.bfv.cloud\/ajedrezeuropa\/wp-content\/uploads\/2015\/10\/SAM_1323.jpg\" style=\"clear: right;margin-bottom: 1em;margin-left: auto;margin-right: auto\"><img decoding=\"async\" border=\"0\" height=\"320\" src=\"https:\/\/blogger.googleusercontent.com\/img\/b\/R29vZ2xl\/AVvXsEhyByeeJn3gyN9RLB9fV_4gWDVMSkm1UqlvOdPgoJ8xerC0Zxsl8SZlHhDfgbY5WO6EGE9O8fUr_-U7mSLLmx-9-YkjbJHrh4Z05INcoWWlPy8nTQmfR4eqkDtyy84f2Qj5EKqRxc4vPsQ\/s320\/SAM_1323.JPG\" width=\"240\" \/><\/a><\/td>\n<\/tr>\n<tr>\n<td class=\"tr-caption\" style=\"text-align: center\">NUESTRO AJEDREZ EN EUROPA se<br \/>\npresenta con el objetivo de revalidar<br \/>\n&nbsp;su titulo de campe\u00f3n provincial<\/td>\n<\/tr>\n<\/tbody>\n<\/table>\n<h4>\n<u><span style=\"font-size: large\">Aprendizaje y competici\u00f3n<\/span><\/u><\/h4>\n<div>\n<b><span style=\"font-family: Arial, Helvetica, sans-serif\">Para afrontar todos los objetivos que tenemos por delante durante la temporada 2016 hemos&nbsp;<\/span><\/b><b><span style=\"font-family: Arial, Helvetica, sans-serif\">decidido reforzar y potenciar los equipos absolutos, pero con una importante caracter\u00edstica distintiva: profesores del proyecto junto a sus propios alumnos, codo con codo, luchando por retos compartidos.<\/span><\/b><\/div>\n<div>\n<b><span style=\"font-family: Arial, Helvetica, sans-serif\"><br \/><\/span><\/b><\/div>\n<h4>\n<b style=\"text-align: center\"><span style=\"font-family: Arial, Helvetica, sans-serif\"><span style=\"font-size: large\"><u>Los 4 equipos de 1\u00aa divisi\u00f3n<\/u><\/span><\/span><\/b><\/h4>\n<div style=\"text-align: left\">\n<b style=\"text-align: center\"><span style=\"font-family: Arial, Helvetica, sans-serif\">Cada uno de los clubes del proyecto vuelve a presentar dos formaciones en la m\u00e1xima categor\u00eda provincial, teniendo que luchar por revalidar el t\u00edtulo de campe\u00f3n provincial que uno de ellos lograra el a\u00f1o pasado:<\/span><\/b><\/div>\n<div style=\"text-align: left\">\n<\/div>\n<div style=\"text-align: left\">\n<b style=\"text-align: center\"><span style=\"color: #274e13;font-family: Arial, Helvetica, sans-serif\"><u>NUESTRO AJEDREZ EN EUROPA \u00abA\u00bb<\/u><\/span><\/b><\/div>\n<div style=\"text-align: left\">\n<b style=\"text-align: center\"><span style=\"color: #274e13;font-family: Arial, Helvetica, sans-serif\"><i>1.- Carlos \u00c1lvarez Serrano; 2.- Santiago Talavera Garc\u00eda; 3.- Ana Isabel Gonz\u00e1lez Berruga; 4.- Isaac Lozano Osorio; 5.- Daniel P\u00edriz Fern\u00e1ndez; 6.- Luis Miguel Monreal Bejarano; 7.- Jorge Sim\u00f3n Escalona.<\/i><\/span><\/b><\/div>\n<div style=\"text-align: left\">\n<b style=\"text-align: center\"><span style=\"color: #274e13;font-family: Arial, Helvetica, sans-serif\"><i><br \/><\/i><\/span><\/b><\/div>\n<div style=\"text-align: left\">\n<b style=\"text-align: center\"><span style=\"color: #660000;font-family: Arial, Helvetica, sans-serif\"><i><u>NUESTRO AJEDREZ POR LA IGUALDAD \u00abA\u00bb<\/u><\/i><\/span><\/b><\/div>\n<div style=\"text-align: left\">\n<b style=\"text-align: center\"><span style=\"color: #660000;font-family: Arial, Helvetica, sans-serif\"><i>1.- Fernando Visier Segovia; 2.- Jos\u00e9 Mar\u00eda Redondo Mart\u00edn; 3.- Antonio Albo Maroto; 4.- Jos\u00e9 Mar\u00eda Pastrana Fern\u00e1ndez; 5.- Carlos Romo D\u00edaz-Alejo; 6.- Daniel Salas Lloret; 7.- Rub\u00e9n Escribano Alberca.<\/i><\/span><\/b><\/div>\n<div style=\"text-align: left\">\n<b style=\"text-align: center\"><span style=\"color: #660000;font-family: Arial, Helvetica, sans-serif\"><i><br \/><\/i><\/span><\/b><\/div>\n<div style=\"text-align: left\">\n<b style=\"text-align: center\"><span style=\"color: #274e13;font-family: Arial, Helvetica, sans-serif\"><i><u>NUESTRO AJEDREZ EN EUROPA \u00abB\u00bb<\/u><\/i><\/span><\/b><\/div>\n<div style=\"text-align: left\">\n<b style=\"text-align: center\"><span style=\"color: #274e13;font-family: Arial, Helvetica, sans-serif\"><i>1.- Javier Valdepe\u00f1as Octavio; 2.- Jos\u00e9 \u00c1ngel Vela Horcajada; 3.- Cosimo Leonardo de Giorgi Benavent; 4.- Jes\u00fas Mar\u00eda Bricio Garc\u00eda de la Torre; 5.- Irene Sim\u00f3n Escalona;&nbsp;<\/i><\/span><\/b><\/div>\n<div style=\"text-align: left\">\n<b style=\"text-align: center\"><span style=\"color: #274e13;font-family: Arial, Helvetica, sans-serif\"><i>6.- Alfredo Amador And\u00fajar; 7.- Silvia Toribio Camu\u00f1as; 8.- Roberto L\u00f3pez N\u00fa\u00f1ez;&nbsp;<\/i><\/span><\/b><\/div>\n<div style=\"text-align: left\">\n<b style=\"text-align: center\"><span style=\"color: #274e13;font-family: Arial, Helvetica, sans-serif\"><i>9.- Julio M\u00e9rida Ortiz; 10.- Arturo Mate Martin; 11.- Marta Espinosa Gil.<\/i><\/span><\/b><\/div>\n<div style=\"text-align: left\">\n<b style=\"text-align: center\"><span style=\"color: #274e13;font-family: Arial, Helvetica, sans-serif\"><i><br \/><\/i><\/span><\/b><\/div>\n<div style=\"text-align: left\">\n<b style=\"text-align: center\"><span style=\"color: #660000;font-family: Arial, Helvetica, sans-serif\"><i><u>NUESTRO AJEDREZ POR LA IGUALDAD \u00abB\u00bb<\/u><\/i><\/span><\/b><\/div>\n<div style=\"text-align: left\">\n<b style=\"text-align: center\"><span style=\"color: #660000;font-family: Arial, Helvetica, sans-serif\"><i>1.- Alba P\u00edriz Fern\u00e1ndez; 2.- Alonso L\u00f3pez N\u00fa\u00f1ez; 3.- Enrique Velasco Aragon\u00e9s;&nbsp;<\/i><\/span><\/b><\/div>\n<div style=\"text-align: left\">\n<b style=\"text-align: center\"><span style=\"color: #660000;font-family: Arial, Helvetica, sans-serif\"><i>4.- Julia Meza Osorio; 5.- Isabel Marcos-Alberca Lizcano; 6.- Nuria Lozano Serrano;&nbsp;<\/i><\/span><\/b><\/div>\n<div style=\"text-align: left\">\n<b style=\"text-align: center\"><span style=\"color: #660000;font-family: Arial, Helvetica, sans-serif\"><i>7.- Mar\u00eda Oliver Ropero; 8.- Gabriel Amador And\u00fajar.<\/i><\/span><\/b><\/div>\n<div style=\"text-align: left\">\n<b style=\"text-align: center\"><span style=\"color: #660000;font-family: Arial, Helvetica, sans-serif\"><i><br \/><\/i><\/span><\/b><\/div>\n<div style=\"text-align: left\">\n<h4>\n<b style=\"text-align: center\"><span style=\"font-family: Arial, Helvetica, sans-serif\"><span style=\"font-size: large\"><u>Los 2 equipos de promoci\u00f3n deportiva<\/u><\/span><\/span><\/b><\/h4>\n<div>\n<b style=\"text-align: center\"><span style=\"font-family: Arial, Helvetica, sans-serif\"><span style=\"font-size: large\"><u><br \/><\/u><\/span><\/span><\/b><\/div>\n<p><b style=\"text-align: center\"><span style=\"color: #0c343d;font-family: Arial, Helvetica, sans-serif\"><u><i>NUESTRO AJEDREZ EN EUROPA \u00abC\u00bb<\/i><\/u><\/span><\/b><br \/>\n<b style=\"text-align: center\"><span style=\"color: #0c343d;font-family: Arial, Helvetica, sans-serif\"><i>1.- Alfredo Amador And\u00fajar; 2.- Roberto L\u00f3pez N\u00fa\u00f1ez; 3.- Julio M\u00e9rida Ortiz; 4.- Arturo Mate Martin; 5.- Marta Espinosa Gil; 6.- Rub\u00e9n Monge Lara; 7.- Samuel Ortiz S\u00e1nchez; 8.- Daniel Climent Castillo; 9.- Arsenio L\u00f3pez Ochoa; 10.- \u00c1lvaro Alberca Ortuno.<\/i><\/span><\/b><br \/>\n<b style=\"text-align: center\"><span style=\"color: #0c343d;font-family: Arial, Helvetica, sans-serif\"><i><br \/><\/i><\/span><\/b><br \/>\n<b style=\"text-align: center\"><span style=\"color: #990000;font-family: Arial, Helvetica, sans-serif\"><i><u>NUESTRO AJEDREZ POR LA IGUALDAD \u00abC\u00bb<\/u><\/i><\/span><\/b><br \/>\n<b style=\"text-align: center\"><span style=\"color: #990000;font-family: Arial, Helvetica, sans-serif\"><i>1.- Alba P\u00edriz Fern\u00e1ndez; 2.- Alonso L\u00f3pez N\u00fa\u00f1ez; 3.- Enrique Velasco Aragon\u00e9s;&nbsp;<\/i><\/span><\/b><br \/>\n<b style=\"text-align: center\"><span style=\"color: #990000;font-family: Arial, Helvetica, sans-serif\"><i>4.- Julia Meza Osorio; 5.- Isabel Marcos-Alberca Lizcano; 6.- Nuria Lozano Serrano;<\/i><\/span><\/b><br \/>\n<b style=\"text-align: center\"><span style=\"color: #990000;font-family: Arial, Helvetica, sans-serif\"><i>7.- Francisco Perea Espinosa; 8.- Antonio P\u00e9rez Ca\u00f1adilla; 9.- Mar\u00eda Oliver Ropero;&nbsp;<\/i><\/span><\/b><br \/>\n<b style=\"text-align: center\"><span style=\"color: #990000;font-family: Arial, Helvetica, sans-serif\"><i>10.- Gabiel Amador And\u00fajar; 11.- Pablo Vela Adri\u00e1n; 12.- Clara Vela Adri\u00e1n.<\/i><\/span><\/b><\/div>\n","protected":false},"excerpt":{"rendered":"<p>Algunos de nuestros jugadores al finalizar el campeonato por equipos del a\u00f1o pasado &nbsp;A menos de 15 d\u00edas para el comienzo del Campeonato Provincial por Equipos de Toledo valedero para la temporada 2016, ya tenemos preparadas las formaciones que nos representar\u00e1n en la 1\u00aa divisi\u00f3n y en el Torneo de Promoci\u00f3n Deportiva. Aunque antes de [&hellip;]<\/p>\n","protected":false},"author":1,"featured_media":1923,"comment_status":"open","ping_status":"closed","sticky":false,"template":"","format":"standard","meta":{"footnotes":""},"categories":[1],"tags":[],"class_list":["post-1922","post","type-post","status-publish","format-standard","has-post-thumbnail","hentry","category-noticias"],"_links":{"self":[{"href":"https:\/\/www.bfv.cloud\/ajedrezeuropa\/wp-json\/wp\/v2\/posts\/1922","targetHints":{"allow":["GET"]}}],"collection":[{"href":"https:\/\/www.bfv.cloud\/ajedrezeuropa\/wp-json\/wp\/v2\/posts"}],"about":[{"href":"https:\/\/www.bfv.cloud\/ajedrezeuropa\/wp-json\/wp\/v2\/types\/post"}],"author":[{"embeddable":true,"href":"https:\/\/www.bfv.cloud\/ajedrezeuropa\/wp-json\/wp\/v2\/users\/1"}],"replies":[{"embeddable":true,"href":"https:\/\/www.bfv.cloud\/ajedrezeuropa\/wp-json\/wp\/v2\/comments?post=1922"}],"version-history":[{"count":1,"href":"https:\/\/www.bfv.cloud\/ajedrezeuropa\/wp-json\/wp\/v2\/posts\/1922\/revisions"}],"predecessor-version":[{"id":1925,"href":"https:\/\/www.bfv.cloud\/ajedrezeuropa\/wp-json\/wp\/v2\/posts\/1922\/revisions\/1925"}],"wp:featuredmedia":[{"embeddable":true,"href":"https:\/\/www.bfv.cloud\/ajedrezeuropa\/wp-json\/wp\/v2\/media\/1923"}],"wp:attachment":[{"href":"https:\/\/www.bfv.cloud\/ajedrezeuropa\/wp-json\/wp\/v2\/media?parent=1922"}],"wp:term":[{"taxonomy":"category","embeddable":true,"href":"https:\/\/www.bfv.cloud\/ajedrezeuropa\/wp-json\/wp\/v2\/categories?post=1922"},{"taxonomy":"post_tag","embeddable":true,"href":"https:\/\/www.bfv.cloud\/ajedrezeuropa\/wp-json\/wp\/v2\/tags?post=1922"}],"curies":[{"name":"wp","href":"https:\/\/api.w.org\/{rel}","templated":true}]}}