{"id":1929,"date":"2018-06-03T19:28:00","date_gmt":"2018-06-03T19:28:00","guid":{"rendered":"https:\/\/www.bfv.cloud\/ajedrezeuropa\/index.php\/2018\/06\/03\/nuestro-equipo-queda-5o-de-castilla-la-mancha\/"},"modified":"2025-11-20T10:40:11","modified_gmt":"2025-11-20T10:40:11","slug":"nuestro-equipo-queda-5o-de-castilla-la-mancha","status":"publish","type":"post","link":"https:\/\/www.bfv.cloud\/ajedrezeuropa\/nuestro-equipo-queda-5o-de-castilla-la-mancha\/","title":{"rendered":"\u00a1\u00a1NUESTRO EQUIPO QUEDA 5\u00ba DE CASTILLA-LA MANCHA!!"},"content":{"rendered":"<table align=\"center\" cellpadding=\"0\" cellspacing=\"0\" class=\"tr-caption-container\" style=\"margin-left: auto;margin-right: auto;text-align: center\">\n<tbody>\n<tr>\n<td style=\"text-align: center\"><a href=\"https:\/\/www.bfv.cloud\/ajedrezeuropa\/wp-content\/uploads\/2018\/06\/4DELOS6JUGADORESDELEQUIPO.jpg\" style=\"margin-left: auto;margin-right: auto\"><img fetchpriority=\"high\" decoding=\"async\" border=\"0\" data-original-height=\"473\" data-original-width=\"1387\" height=\"214\" src=\"https:\/\/blogger.googleusercontent.com\/img\/b\/R29vZ2xl\/AVvXsEipkewG47LnUnTG_ITQ3658_The3KDN93qFNi71ax9xEmNt7fv9-q0pKEdkmSHW9UqYeMPNYtYjoZAyN9UK_QlD4D05LYOMeUssujqPCwsxgGeSuSDEHPmlCuM6PfraHfV0xXOG4CHHX4Q\/s640\/4+DE+LOS+6+JUGADORES+DEL+EQUIPO.jpg\" width=\"640\" \/><\/a><\/td>\n<\/tr>\n<tr>\n<td class=\"tr-caption\" style=\"text-align: center\">4 de los 6 componentes del equipo absoluto que han disputado este regional<\/td>\n<\/tr>\n<\/tbody>\n<\/table>\n<p><span style=\"font-family: Verdana, sans-serif;font-size: large\"><b><u>Nuestro Ajedrez en Europa, 5\u00ba de la regi\u00f3n igualando el mejor resultado obtenido en 2011<\/u><\/b><\/span><br \/>\n<span style=\"font-family: Verdana, sans-serif;font-size: large\">Ha finalizado en Ciudad Real el Campeonato por Equipos de Castilla-La Mancha despu\u00e9s de 7 rondas de lucha en el tablero y de situaciones inesperadas fuera de \u00e9l. El equipo absoluto de Nuestro Ajedrez en Europa compuesto por: Alfredo Amador, Roberto L\u00f3pez, Luismi Monreal, Ana Isabel Gonz\u00e1lez, Isaac Lozano y Santiago Talavera, ha obtenido la 5\u00aa plaza, igualando el mejor resultado obtenido en este campeonato en el a\u00f1o 2011.<\/span><br \/>\n<span style=\"font-family: Verdana, sans-serif;font-size: large\"><br \/><\/span><br \/>\n<span style=\"font-family: Verdana, sans-serif;font-size: large\"><b><u>Una gran actuaci\u00f3n de todo el equipo<\/u><\/b><\/span><\/p>\n<table cellpadding=\"0\" cellspacing=\"0\" class=\"tr-caption-container\" style=\"float: right;margin-left: 1em;text-align: right\">\n<tbody>\n<tr>\n<td style=\"text-align: center\"><a href=\"https:\/\/www.bfv.cloud\/ajedrezeuropa\/wp-content\/uploads\/2018\/06\/ALFREDOMEJOR425C225BATABLEROREGIONAL.jpg\" style=\"clear: right;margin-bottom: 1em;margin-left: auto;margin-right: auto\"><img decoding=\"async\" border=\"0\" data-original-height=\"682\" data-original-width=\"881\" height=\"306\" src=\"https:\/\/blogger.googleusercontent.com\/img\/b\/R29vZ2xl\/AVvXsEhQJgcXs4xWIVYWvEJD5j8bjoW-0_xJuMATbhHi8foKnhF7hjzImW6FWZ28Pe_FVvRrQJE1PnxGRSMGs2Q7Q-3hLwTtgD3YSKFZXbwDQomLQjCT9rpmA2HekIP_6qk2_Pii_M0N3EuEVm4\/s400\/ALFREDO+MEJOR+4%25C2%25BA+TABLERO+REGIONAL.jpg\" width=\"400\" \/><\/a><\/td>\n<\/tr>\n<tr>\n<td class=\"tr-caption\" style=\"text-align: center\">Alfredo Amador And\u00fajar, recogiendo el trofeo de mejor 4\u00ba tablero<\/td>\n<\/tr>\n<\/tbody>\n<\/table>\n<p><span style=\"font-family: Verdana, sans-serif;font-size: large\">De los 6 jugadores que han disputado este regional, 4 han conseguido mejorar su puntuaci\u00f3n ELO: Alfredo, Isaac, Roberto y Luismi, destacando la actuaci\u00f3n de Alfredo Amador And\u00fajar que ha logrado ser el mejor 4\u00ba tablero del torneo y mejorar en 72 puntos su rating FIDE. A destacar tambi\u00e9n la 3\u00aa plaza de Isaac Lozano como tablero 1 del torneo en una actuaci\u00f3n muy meritoria. Hay que hacer un agradecimiento especial a 3 de nuestros jugadores: Ana Isabel, Roberto y Santiago, que por distintas razones han tenido que disputar esta competici\u00f3n en circunstancias personales muy especiales y han peleado sus partidas con enorme tes\u00f3n y valent\u00eda.<\/span><br \/>\n<span style=\"font-family: Verdana, sans-serif;font-size: large\">En otro aspecto, es&nbsp; muy preocupante la baja presencia de mujeres entre los equipos participantes.&nbsp;<\/span><span style=\"font-family: Verdana, sans-serif;font-size: large\">Tan solo Nuestro Ajedrez en Europa y Ciudad Real han contado con una jugadora entre sus filas. La falta de est\u00edmulos a la participaci\u00f3n femenina en el ajedrez de Castilla-La Mancha est\u00e1 resultando p\u00e9sima para para trabajar en la mejora de esta inexplicable desigualdad, claramente injusta y perjudicial para nuestro deporte. Proyectos paritarios favorecedores de la participaci\u00f3n de la mujer como el de Nuestro Ajedrez por la Igualdad son hoy m\u00e1s necesarios que nunca.<\/span><\/p>\n<p><span style=\"font-family: Verdana, sans-serif;font-size: large\"><b><u>2 victorias ante Cuenca y Ciudad Real y un empate frente al equipo campe\u00f3n de Castilla-La Mancha, Excalibur de Albacete<\/u><\/b><\/span><br \/>\n<span style=\"font-family: Verdana, sans-serif;font-size: large\">En los 6 encuentros que ha disputado Nuestro Ajedrez en Europa se han conseguido:&nbsp;<\/span><br \/>\n<span style=\"font-family: Verdana, sans-serif;font-size: large\">&#8211; 2 victorias por un tanteo de 3-1 con los clubes de Cuenca y Ciudad Real.<\/span><\/p>\n<table align=\"center\" cellpadding=\"0\" cellspacing=\"0\" class=\"tr-caption-container\" style=\"margin-left: auto;margin-right: auto;text-align: center\">\n<tbody>\n<tr>\n<td style=\"text-align: center\"><a href=\"https:\/\/www.bfv.cloud\/ajedrezeuropa\/wp-content\/uploads\/2018\/06\/Europa-Excalibur.jpg\" style=\"margin-left: auto;margin-right: auto\"><img decoding=\"async\" border=\"0\" data-original-height=\"512\" data-original-width=\"820\" height=\"394\" src=\"https:\/\/blogger.googleusercontent.com\/img\/b\/R29vZ2xl\/AVvXsEi0qDEhA9Bi91DRrF3NqAMVZZQPJVJHeEB_8HQF7J2W2TS4jKnjnKGTbaBarJUQwA9soKEyuOhgDDc2WeJSIJAhaWrdGS678H8UnaAG_VXE1Uv4ol3cLVL1OOte37Ey7G0pMq3UyuJ66dY\/s640\/Europa-Excalibur.jpg\" width=\"640\" \/><\/a><\/td>\n<\/tr>\n<tr>\n<td class=\"tr-caption\" style=\"text-align: center\">\u00daltima ronda y gran resultado frente a Excalibur, 2-2<\/td>\n<\/tr>\n<\/tbody>\n<\/table>\n<p><span style=\"font-family: Verdana, sans-serif;font-size: large\">&#8211;<\/span><span style=\"font-family: Verdana, sans-serif;font-size: large\"> Un empate, con un resultado de 4 tablas, frente al club de ajedrez Excalibur de Albacete, claro dominador del torneo, revalidando el t\u00edtulo de campe\u00f3n regional despu\u00e9s de ceder este \u00fanico punto.<\/span><br \/>\n<span style=\"font-family: Verdana, sans-serif;font-size: large\">&#8211; 3 derrotas, 2 de ellas por la m\u00ednima diferencia: 2,5 a 1,5 en los enfrentamientos con Tomelloso y Zugzwang, que pod\u00edan haber tenido un resultado mucho mejor en varias partidas, al igual que en la ronda jugada frente a Bargas donde se pudo vencer en 2 partidas que finalmente se convirtieron en derrotas.<\/span><br \/>\n<span style=\"font-family: Verdana, sans-serif;font-size: large\">\u00a1\u00a1Enhorabuena a nuestros jugadores!!<\/span><\/p>\n<table align=\"center\" cellpadding=\"0\" cellspacing=\"0\" class=\"tr-caption-container\" style=\"margin-left: auto;margin-right: auto;text-align: center\">\n<tbody>\n<tr>\n<td style=\"text-align: center\"><a href=\"https:\/\/www.bfv.cloud\/ajedrezeuropa\/wp-content\/uploads\/2018\/06\/SANTIAGO252CISAAC252CANAISABELYALFREDO.jpg\" style=\"margin-left: auto;margin-right: auto\"><img loading=\"lazy\" decoding=\"async\" border=\"0\" data-original-height=\"687\" data-original-width=\"1448\" height=\"302\" src=\"https:\/\/blogger.googleusercontent.com\/img\/b\/R29vZ2xl\/AVvXsEjPNX1LwkBC3HXo19JCG0bzOo5s8OOS9GRCHfJIB-Y8xiK2lRN4DktbB52UFqBHuuECVyYqiQmffSjDGnY0bDMdEgxqxznBTuxYDoqio7sX35vCFa1J6YhU4QSTxsnP-IoaeW9YZllcF3w\/s640\/SANTIAGO%252C+ISAAC%252C+ANA+ISABEL+Y+ALFREDO.jpg\" width=\"640\" \/><\/a><\/td>\n<\/tr>\n<tr>\n<td class=\"tr-caption\" style=\"text-align: center\">Santiago, Isaac y Ana Isabel<\/td>\n<\/tr>\n<\/tbody>\n<\/table>\n<p>\n<span style=\"font-family: Verdana, sans-serif;font-size: large\"><b><u>Nuevas competiciones por equipos durante este mes<\/u><\/b><\/span><br \/>\n<span style=\"font-family: Verdana, sans-serif;font-size: large\">El pr\u00f3ximo domingo 17 de junio en el hotel Cigarral del Alba de Toledo, los equipos sub-18 y sub-12 de Nuestro Ajedrez en Europa y Nuestro Ajedrez por la Igualdad participar\u00e1n en un nuevo torneo de clubes por el t\u00edtulo de campe\u00f3n provincial de Toledo en ambas categor\u00edas.&nbsp;<\/span><br \/>\n<span style=\"font-family: Verdana, sans-serif;font-size: large\">Pr\u00f3ximamente informaremos de ello.<\/span><\/p>\n","protected":false},"excerpt":{"rendered":"<p>4 de los 6 componentes del equipo absoluto que han disputado este regional Nuestro Ajedrez en Europa, 5\u00ba de la regi\u00f3n igualando el mejor resultado obtenido en 2011 Ha finalizado en Ciudad Real el Campeonato por Equipos de Castilla-La Mancha despu\u00e9s de 7 rondas de lucha en el tablero y de situaciones inesperadas fuera de [&hellip;]<\/p>\n","protected":false},"author":1,"featured_media":1930,"comment_status":"open","ping_status":"closed","sticky":false,"template":"","format":"standard","meta":{"footnotes":""},"categories":[1],"tags":[],"class_list":["post-1929","post","type-post","status-publish","format-standard","has-post-thumbnail","hentry","category-noticias"],"_links":{"self":[{"href":"https:\/\/www.bfv.cloud\/ajedrezeuropa\/wp-json\/wp\/v2\/posts\/1929","targetHints":{"allow":["GET"]}}],"collection":[{"href":"https:\/\/www.bfv.cloud\/ajedrezeuropa\/wp-json\/wp\/v2\/posts"}],"about":[{"href":"https:\/\/www.bfv.cloud\/ajedrezeuropa\/wp-json\/wp\/v2\/types\/post"}],"author":[{"embeddable":true,"href":"https:\/\/www.bfv.cloud\/ajedrezeuropa\/wp-json\/wp\/v2\/users\/1"}],"replies":[{"embeddable":true,"href":"https:\/\/www.bfv.cloud\/ajedrezeuropa\/wp-json\/wp\/v2\/comments?post=1929"}],"version-history":[{"count":1,"href":"https:\/\/www.bfv.cloud\/ajedrezeuropa\/wp-json\/wp\/v2\/posts\/1929\/revisions"}],"predecessor-version":[{"id":1934,"href":"https:\/\/www.bfv.cloud\/ajedrezeuropa\/wp-json\/wp\/v2\/posts\/1929\/revisions\/1934"}],"wp:featuredmedia":[{"embeddable":true,"href":"https:\/\/www.bfv.cloud\/ajedrezeuropa\/wp-json\/wp\/v2\/media\/1930"}],"wp:attachment":[{"href":"https:\/\/www.bfv.cloud\/ajedrezeuropa\/wp-json\/wp\/v2\/media?parent=1929"}],"wp:term":[{"taxonomy":"category","embeddable":true,"href":"https:\/\/www.bfv.cloud\/ajedrezeuropa\/wp-json\/wp\/v2\/categories?post=1929"},{"taxonomy":"post_tag","embeddable":true,"href":"https:\/\/www.bfv.cloud\/ajedrezeuropa\/wp-json\/wp\/v2\/tags?post=1929"}],"curies":[{"name":"wp","href":"https:\/\/api.w.org\/{rel}","templated":true}]}}