{"id":1935,"date":"2009-12-09T19:29:00","date_gmt":"2009-12-09T19:29:00","guid":{"rendered":"https:\/\/www.bfv.cloud\/ajedrezeuropa\/index.php\/2009\/12\/09\/el-club-nuestro-ajedrez-en-europa-ocupa-el-10o-lugar-en-el-ii-campeonato-de-espana-por-equipos-s-16\/"},"modified":"2025-11-20T10:40:11","modified_gmt":"2025-11-20T10:40:11","slug":"el-club-nuestro-ajedrez-en-europa-ocupa-el-10o-lugar-en-el-ii-campeonato-de-espana-por-equipos-s-16","status":"publish","type":"post","link":"https:\/\/www.bfv.cloud\/ajedrezeuropa\/el-club-nuestro-ajedrez-en-europa-ocupa-el-10o-lugar-en-el-ii-campeonato-de-espana-por-equipos-s-16\/","title":{"rendered":"EL CLUB NUESTRO AJEDREZ EN EUROPA OCUPA EL 10\u00ba LUGAR EN EL II CAMPEONATO DE ESPA\u00d1A POR EQUIPOS S-16"},"content":{"rendered":"<p><a href=\"https:\/\/blogger.googleusercontent.com\/img\/b\/R29vZ2xl\/AVvXsEhBydUiyqQUaTfldn5zfRWY4MAmpF4ue-2H3Oc66adhQOrP1iv4VRZIRcg6hSXZhMSSS0uhEZ90ab_jZMIjZIhyx8y5NgN2WOJGgNrB59ItRdTmU8SsOPA14FdwEMH9IlK9VI95rc7kvIE\/s1600-h\/campeonato+Espa%C3%B1a+equipos+S-16+2009+015.jpg\"><img decoding=\"async\" id=\"BLOGGER_PHOTO_ID_5413321173765246402\" border=\"0\" alt=\"\" src=\"https:\/\/blogger.googleusercontent.com\/img\/b\/R29vZ2xl\/AVvXsEhBydUiyqQUaTfldn5zfRWY4MAmpF4ue-2H3Oc66adhQOrP1iv4VRZIRcg6hSXZhMSSS0uhEZ90ab_jZMIjZIhyx8y5NgN2WOJGgNrB59ItRdTmU8SsOPA14FdwEMH9IlK9VI95rc7kvIE\/s400\/campeonato+Espa%C3%B1a+equipos+S-16+2009+015.jpg\" \/><\/a> En la primera participaci\u00f3n del CLUB NUESTRO AJEDREZ EN EUROPA en la fase final del Campeonato de Espa\u00f1a por Equipos de Clubes S-16, el resultadode 12,5 puntos ha supuesto el 10\u00ba lugar de entre los 16 participantes. La \u00faltima ronda celebrada el martes 8 de diciembre en el Gran Hotel Bali de Benidorm, emparej\u00f3 al equipo de Alc\u00e1zar y Villfranca con Ibercaja, segundo en el ranking inicial, con una victoria m\u00ednima a favor de los aragoneses de 2,5 a 1,5, lo que signific\u00f3 distanciar al CLUB NUESTRO AJEDREZ EN EUROPA de los cinco primeros lugares de la clasificaci\u00f3n general, aunque a tan solo 2 puntos de la medalla de bronce. Adem\u00e1s de Ibercaja, otro de los rivales del conjunto castellano-manchego fue el valenciano EVA-MANISES, primero en el ranking inicial y sub-campe\u00f3n de la competici\u00f3n. Esta experincia inicial ha servido para continuar mejorando en la formaci\u00f3n t\u00e9cnica y competitiva de los chicos que integran el proyecto promovido por las escuelas de Alc\u00e1zar de San Juan y Villafranca de los Caballeros. Hay que destacar el magn\u00edfico ambiente vivido en el equipo en todo momento, que se tradujo en la participaci\u00f3n de los seis jugadores durante todas las rondas, bien sea delante del tablero o apoyando a sus compa\u00f1eros en la preparaci\u00f3n y an\u00e1lisis de las partidas.<\/p>\n<div align=\"right\"><\/div>\n<p><\/p>\n<div align=\"right\"><\/div>\n","protected":false},"excerpt":{"rendered":"<p>En la primera participaci\u00f3n del CLUB NUESTRO AJEDREZ EN EUROPA en la fase final del Campeonato de Espa\u00f1a por Equipos de Clubes S-16, el resultadode 12,5 puntos ha supuesto el 10\u00ba lugar de entre los 16 participantes. La \u00faltima ronda celebrada el martes 8 de diciembre en el Gran Hotel Bali de Benidorm, emparej\u00f3 al [&hellip;]<\/p>\n","protected":false},"author":1,"featured_media":0,"comment_status":"open","ping_status":"closed","sticky":false,"template":"","format":"standard","meta":{"footnotes":""},"categories":[1],"tags":[],"class_list":["post-1935","post","type-post","status-publish","format-standard","hentry","category-noticias"],"_links":{"self":[{"href":"https:\/\/www.bfv.cloud\/ajedrezeuropa\/wp-json\/wp\/v2\/posts\/1935","targetHints":{"allow":["GET"]}}],"collection":[{"href":"https:\/\/www.bfv.cloud\/ajedrezeuropa\/wp-json\/wp\/v2\/posts"}],"about":[{"href":"https:\/\/www.bfv.cloud\/ajedrezeuropa\/wp-json\/wp\/v2\/types\/post"}],"author":[{"embeddable":true,"href":"https:\/\/www.bfv.cloud\/ajedrezeuropa\/wp-json\/wp\/v2\/users\/1"}],"replies":[{"embeddable":true,"href":"https:\/\/www.bfv.cloud\/ajedrezeuropa\/wp-json\/wp\/v2\/comments?post=1935"}],"version-history":[{"count":1,"href":"https:\/\/www.bfv.cloud\/ajedrezeuropa\/wp-json\/wp\/v2\/posts\/1935\/revisions"}],"predecessor-version":[{"id":1936,"href":"https:\/\/www.bfv.cloud\/ajedrezeuropa\/wp-json\/wp\/v2\/posts\/1935\/revisions\/1936"}],"wp:attachment":[{"href":"https:\/\/www.bfv.cloud\/ajedrezeuropa\/wp-json\/wp\/v2\/media?parent=1935"}],"wp:term":[{"taxonomy":"category","embeddable":true,"href":"https:\/\/www.bfv.cloud\/ajedrezeuropa\/wp-json\/wp\/v2\/categories?post=1935"},{"taxonomy":"post_tag","embeddable":true,"href":"https:\/\/www.bfv.cloud\/ajedrezeuropa\/wp-json\/wp\/v2\/tags?post=1935"}],"curies":[{"name":"wp","href":"https:\/\/api.w.org\/{rel}","templated":true}]}}