{"id":194,"date":"2021-02-12T19:15:00","date_gmt":"2021-02-12T19:15:00","guid":{"rendered":"https:\/\/www.bfv.cloud\/ajedrezeuropa\/index.php\/2021\/02\/12\/comienza-el-torneo-mundial-de-la-expo-de-dubai-para-nuestro-equipo\/"},"modified":"2025-11-20T10:14:30","modified_gmt":"2025-11-20T10:14:30","slug":"comienza-el-torneo-mundial-de-la-expo-de-dubai-para-nuestro-equipo","status":"publish","type":"post","link":"https:\/\/www.bfv.cloud\/ajedrezeuropa\/comienza-el-torneo-mundial-de-la-expo-de-dubai-para-nuestro-equipo\/","title":{"rendered":"COMIENZA EL TORNEO MUNDIAL DE LA EXPO DE DUBAI PARA NUESTRO EQUIPO"},"content":{"rendered":"<p><span style=\"font-family: Montserrat;font-size: large\"><b><\/p>\n<table align=\"center\" cellpadding=\"0\" cellspacing=\"0\" class=\"tr-caption-container\" style=\"margin-left: auto;margin-right: auto\">\n<tbody>\n<tr>\n<td style=\"text-align: center\"><a href=\"https:\/\/www.bfv.cloud\/ajedrezeuropa\/wp-content\/uploads\/2021\/02\/GRUPOTRINITARIOS1.jpg\" style=\"margin-left: auto;margin-right: auto\"><img fetchpriority=\"high\" decoding=\"async\" border=\"0\" data-original-height=\"1073\" data-original-width=\"2009\" height=\"342\" src=\"https:\/\/blogger.googleusercontent.com\/img\/b\/R29vZ2xl\/AVvXsEh-cS8-EWVy5z6_0rvUT-30tIoPNFqltBBxA4ASMy_Gw97qNZHECnncCUuYet9IY3Y423ofWNzaKtEadSebs4IqdOL7wwHMtx2XPfqJPy1BcxWA19cJDtPKCAMOK5Rlt_dp2g-TxuuQaSM\/w640-h342\/GRUPO+TRINITARIOS+1.jpg\" width=\"640\" \/><\/a><\/td>\n<\/tr>\n<tr>\n<td class=\"tr-caption\" style=\"text-align: center\">El momento del inicio de las partidas para los 4 jugadores que estudian<br \/>en el Colegio Sant\u00edsima Trinidad de Alc\u00e1zar<\/td>\n<\/tr>\n<\/tbody>\n<\/table>\n<p><\/b><\/span><\/p>\n<p><span style=\"font-family: Montserrat;font-size: large\"><b>Esta semana comenz\u00f3 la participaci\u00f3n del Colegio Sant\u00edsima Trinidad, representando a las escuelas de ajedrez de Alc\u00e1zar y Villafranca, en el Torneo Mundial de la Exposici\u00f3n Universal de Dubai. El martes 9 de febrero, dentro de la primera ronda de la fase preliminar, nuestro equipo se enfrent\u00f3 al IES Dertosa de Tortosa (Tarragona), obteniendo una clara victoria (5-2), con 5 partidas ganadas y 2 perdidas. El encuentro se disput\u00f3 a 7 tableros, a un ritmo de 20 minutos por jugador + 10 segundos de incremento por movimiento, a trav\u00e9s de la plataforma Chess24.<\/b><\/span><\/p>\n<p><span style=\"font-family: Montserrat;font-size: large\"><b><\/p>\n<table cellpadding=\"0\" cellspacing=\"0\" class=\"tr-caption-container\" style=\"float: right\">\n<tbody>\n<tr>\n<td style=\"text-align: center\"><a href=\"https:\/\/www.bfv.cloud\/ajedrezeuropa\/wp-content\/uploads\/2021\/02\/ALONSO1.jpg\" style=\"clear: right;margin-bottom: 1em;margin-left: auto;margin-right: auto\"><img decoding=\"async\" border=\"0\" data-original-height=\"561\" data-original-width=\"517\" height=\"400\" src=\"https:\/\/blogger.googleusercontent.com\/img\/b\/R29vZ2xl\/AVvXsEgsDd37AE4GqOzdlsxj3nwrQPXykaat9zJAZTreCC7rdyxb1N_QLonba9sRh0Q3P_y4yXuOk4vFliO8B-83JjDN8nRbjfNwiAEi4TMmYCHe6h5u4I1Vqb6OZjJ2xaaipxR5HqD-NvwfbHI\/w369-h400\/ALONSO+1.jpg\" width=\"369\" \/><\/a><\/td>\n<\/tr>\n<tr>\n<td class=\"tr-caption\" style=\"text-align: center\">Alonso L\u00f3pez jug\u00f3 desde el Colegio de la<br \/>Fundaci\u00f3n Teresiana en Mora<\/td>\n<\/tr>\n<\/tbody>\n<\/table>\n<p><\/b><\/span><\/p>\n<p><span style=\"font-family: Montserrat;font-size: large\"><b>Los 7 jugadores de nuestro equipo que jugaron esta 1\u00aa ronda fueron:<\/b><\/span><b style=\"text-align: justify\"><span style=\"font-family: Montserrat;font-size: large\">&nbsp;Alonso L\u00f3pez N\u00fa\u00f1ez,<\/span><\/b><b style=\"text-align: justify\"><span style=\"font-family: Montserrat;font-size: large\">&nbsp;\u00c1ngel Collado Alcolado,<\/span><\/b><b style=\"text-align: justify\"><span style=\"font-family: Montserrat;font-size: large\">&nbsp;Gabriel Amador And\u00fajar,&nbsp;<\/span><\/b><b style=\"text-align: justify\"><span style=\"font-family: Montserrat;font-size: large\">Jaime Vila Castillo,<\/span><\/b><b style=\"text-align: justify\"><span style=\"font-family: Montserrat;font-size: large\">&nbsp;Luis Arias Riveira,&nbsp;<\/span><\/b><b style=\"text-align: justify\"><span style=\"font-family: Montserrat;font-size: large\">\u00d3scar Ortega Olivares y<\/span><\/b><b style=\"text-align: justify\"><span style=\"font-family: Montserrat;font-size: large\">&nbsp;Jos\u00e9 Miguel Romero Flores. La pr\u00f3xima ronda que dispute el equipo, que ser\u00e1 la 4\u00aa del calendario del grupo 33, ser\u00e1 el pr\u00f3ximo jueves 18 de febrero frente al Colegio Ant\u00f3n Chejov de Armenia. Seguro que todos disfrutar\u00e1n de su participaci\u00f3n en este Torneo y seguir\u00e1n compitiendo a un gran nivel.<\/span><\/b><\/p>\n<\/p>\n<div style=\"text-align: justify\"><span style=\"font-family: Montserrat;font-size: large\"><b><br \/><\/b><\/span><\/div>\n<p><b style=\"text-align: justify\"><span style=\"font-family: Montserrat;font-size: large\"><\/p>\n<table cellpadding=\"0\" cellspacing=\"0\" class=\"tr-caption-container\" style=\"float: left\">\n<tbody>\n<tr>\n<td style=\"text-align: center\"><a href=\"https:\/\/www.bfv.cloud\/ajedrezeuropa\/wp-content\/uploads\/2021\/02\/LUIS.jpg\" style=\"clear: left;margin-bottom: 1em;margin-left: auto;margin-right: auto\"><img decoding=\"async\" border=\"0\" data-original-height=\"1536\" data-original-width=\"2048\" src=\"https:\/\/blogger.googleusercontent.com\/img\/b\/R29vZ2xl\/AVvXsEg_m6PDO9G0u6m_npmYZZLrChb4qX61GBRt8o38augVpQACpWX41ndlnAIm56ev9foweIMIKBfXPG9rLOHhfPctZuiBgLwqwplx-xgQj0E_Xu-y_AVx8qMQIbdIPg9DYLV4kUPAJ0IAJ1E\/s320\/LUIS.jpg\" width=\"320\" \/><\/a><\/td>\n<\/tr>\n<tr>\n<td class=\"tr-caption\" style=\"text-align: center\">Luis Arias a la espera de comenzar<\/td>\n<\/tr>\n<\/tbody>\n<\/table>\n<p><\/span><\/b><\/p>\n<p><b style=\"text-align: justify\"><\/p>\n<table cellpadding=\"0\" cellspacing=\"0\" class=\"tr-caption-container\" style=\"float: right\">\n<tbody>\n<tr>\n<td style=\"text-align: center\"><a href=\"https:\/\/www.bfv.cloud\/ajedrezeuropa\/wp-content\/uploads\/2021\/02\/JOSEMIGUEL.jpg\" style=\"clear: right;margin-bottom: 1em;margin-left: auto;margin-right: auto\"><img decoding=\"async\" border=\"0\" data-original-height=\"1459\" data-original-width=\"1400\" height=\"320\" src=\"https:\/\/blogger.googleusercontent.com\/img\/b\/R29vZ2xl\/AVvXsEjJgkK1OYFB0OQxE-yVNMHjomAA5Iqt8Nrbzjji9n9V11KrY7lio5UC0p5F1209EI3aZuezD-tjSyMgZN-51pzX4O9zCpHjONCSqxntix_MMV3wX49P429urA8O0stwptX-71IVwysDbZY\/s320\/JOSE+MIGUEL.jpg\" \/><\/a><\/td>\n<\/tr>\n<tr>\n<td class=\"tr-caption\" style=\"text-align: center\">Jos\u00e9 Miguel Rmero durante su partida<\/td>\n<\/tr>\n<\/tbody>\n<\/table>\n<p><span style=\"font-family: Montserrat;font-size: large\"><br \/><\/span><\/b><\/p>\n<p><b style=\"text-align: justify\"><span style=\"font-family: Montserrat;font-size: large\"><br \/><\/span><\/b><\/p>\n<p><b style=\"text-align: justify\"><span style=\"font-family: Montserrat;font-size: large\"><br \/><\/span><\/b><\/p>\n<p><b style=\"text-align: justify\"><span style=\"font-family: Montserrat;font-size: large\"><br \/><\/span><\/b><\/p>\n<p><b style=\"text-align: justify\"><span style=\"font-family: Montserrat;font-size: large\"><br \/><\/span><\/b><\/p>\n<p><b style=\"text-align: justify\"><span style=\"font-family: Montserrat;font-size: large\"><br \/><\/span><\/b><\/p>\n<p><b style=\"text-align: justify\"><span style=\"font-family: Montserrat;font-size: large\"><br \/><\/span><\/b><\/p>\n<p><b style=\"text-align: justify\"><span style=\"font-family: Montserrat;font-size: large\">A continuaci\u00f3n, dejamos el cuadro de emparejamientos y resultados del grupo 33 tras la ronda 2:<\/span><\/b><\/p>\n<p><b style=\"text-align: justify\"><\/b><\/p>\n<div class=\"separator\" style=\"clear: both;text-align: center\"><b style=\"text-align: justify\"><a href=\"https:\/\/www.bfv.cloud\/ajedrezeuropa\/wp-content\/uploads\/2021\/02\/CLASIFR-2.jpg\" style=\"margin-left: 1em;margin-right: 1em\"><img decoding=\"async\" border=\"0\" data-original-height=\"290\" data-original-width=\"1024\" height=\"182\" src=\"https:\/\/blogger.googleusercontent.com\/img\/b\/R29vZ2xl\/AVvXsEiKCLiCOC8zWYdKZXeV5BrZJMQUEE6ff2dS7eNwZV7T8gQttG_kFVlH3aYGbfD-Z34MVft35deilPNAcAe1bkOjeK0p1PaVIhwE6Gg1bAmmvB09ew_IdKLceNreHavyR2qyOIqDSK4ENPM\/w640-h182\/CLASIF+R-2.jpg\" width=\"640\" \/><\/a><\/b><\/div>\n<p><b style=\"text-align: justify\"><br \/><\/b><\/p>\n","protected":false},"excerpt":{"rendered":"<p>El momento del inicio de las partidas para los 4 jugadores que estudianen el Colegio Sant\u00edsima Trinidad de Alc\u00e1zar Esta semana comenz\u00f3 la participaci\u00f3n del Colegio Sant\u00edsima Trinidad, representando a las escuelas de ajedrez de Alc\u00e1zar y Villafranca, en el Torneo Mundial de la Exposici\u00f3n Universal de Dubai. El martes 9 de febrero, dentro de [&hellip;]<\/p>\n","protected":false},"author":1,"featured_media":195,"comment_status":"open","ping_status":"closed","sticky":false,"template":"","format":"standard","meta":{"footnotes":""},"categories":[1],"tags":[],"class_list":["post-194","post","type-post","status-publish","format-standard","has-post-thumbnail","hentry","category-noticias"],"_links":{"self":[{"href":"https:\/\/www.bfv.cloud\/ajedrezeuropa\/wp-json\/wp\/v2\/posts\/194","targetHints":{"allow":["GET"]}}],"collection":[{"href":"https:\/\/www.bfv.cloud\/ajedrezeuropa\/wp-json\/wp\/v2\/posts"}],"about":[{"href":"https:\/\/www.bfv.cloud\/ajedrezeuropa\/wp-json\/wp\/v2\/types\/post"}],"author":[{"embeddable":true,"href":"https:\/\/www.bfv.cloud\/ajedrezeuropa\/wp-json\/wp\/v2\/users\/1"}],"replies":[{"embeddable":true,"href":"https:\/\/www.bfv.cloud\/ajedrezeuropa\/wp-json\/wp\/v2\/comments?post=194"}],"version-history":[{"count":1,"href":"https:\/\/www.bfv.cloud\/ajedrezeuropa\/wp-json\/wp\/v2\/posts\/194\/revisions"}],"predecessor-version":[{"id":200,"href":"https:\/\/www.bfv.cloud\/ajedrezeuropa\/wp-json\/wp\/v2\/posts\/194\/revisions\/200"}],"wp:featuredmedia":[{"embeddable":true,"href":"https:\/\/www.bfv.cloud\/ajedrezeuropa\/wp-json\/wp\/v2\/media\/195"}],"wp:attachment":[{"href":"https:\/\/www.bfv.cloud\/ajedrezeuropa\/wp-json\/wp\/v2\/media?parent=194"}],"wp:term":[{"taxonomy":"category","embeddable":true,"href":"https:\/\/www.bfv.cloud\/ajedrezeuropa\/wp-json\/wp\/v2\/categories?post=194"},{"taxonomy":"post_tag","embeddable":true,"href":"https:\/\/www.bfv.cloud\/ajedrezeuropa\/wp-json\/wp\/v2\/tags?post=194"}],"curies":[{"name":"wp","href":"https:\/\/api.w.org\/{rel}","templated":true}]}}