{"id":1940,"date":"2019-08-28T17:35:00","date_gmt":"2019-08-28T17:35:00","guid":{"rendered":"https:\/\/www.bfv.cloud\/ajedrezeuropa\/index.php\/2019\/08\/28\/iv-torneo-de-feria-de-mora\/"},"modified":"2025-11-20T10:40:16","modified_gmt":"2025-11-20T10:40:16","slug":"iv-torneo-de-feria-de-mora","status":"publish","type":"post","link":"https:\/\/www.bfv.cloud\/ajedrezeuropa\/iv-torneo-de-feria-de-mora\/","title":{"rendered":"IV TORNEO DE FERIA DE MORA"},"content":{"rendered":"<div class=\"separator\" style=\"clear: both;text-align: center\">\n<a href=\"https:\/\/www.bfv.cloud\/ajedrezeuropa\/wp-content\/uploads\/2019\/08\/Cartelmora2019.jpg\" style=\"clear: left;float: left;margin-bottom: 1em;margin-right: 1em\"><img fetchpriority=\"high\" decoding=\"async\" border=\"0\" data-original-height=\"1600\" data-original-width=\"1129\" height=\"640\" src=\"https:\/\/blogger.googleusercontent.com\/img\/b\/R29vZ2xl\/AVvXsEjWkM1qWmzehW1v21VGXZz1SBzKqvQfYmP61_ghSP1vA-xhwB1NmESOkGc48n-9mySwuCZwq2Qd8s0unJNfnfl6KfJFxzENNDPfjMnSlDhkwCWzrv0NOeNoHI2wa99Z4tyKxjTFdLXsCnw\/s640\/Cartel+mora+2019.jpg\" width=\"450\" \/><\/a><\/div>\n<p><span style=\"font-family: Verdana, sans-serif;font-size: large\"><b>El aula polivalente de la Escuela de M\u00fasica de Mora albergar\u00e1 la 4\u00aa edici\u00f3n del Torneo de Feria. Esta ser\u00e1 la primera ocasi\u00f3n en la que la Escuela de M\u00fasica, sita en la calle Leandro Navarro,8 acoger\u00e1 el torneo de la feria.&nbsp;<\/b><\/span><br \/>\n<span style=\"font-family: Verdana, sans-serif;font-size: large\"><b>El juego se iniciar\u00e1 a las 9,30 h. de la ma\u00f1ana, disput\u00e1ndose 7 rondas a un ritmo de 10 minutos por jugador + 5 seg de incremento por movimiento. Habr\u00e1 trofeos para los 3 primeros clasificados en las categor\u00edas: absoluta, sub16 y sub12, con un premiado local y femenino en cada una de esas mismas categor\u00edas.<\/b><\/span><br \/>\n<span style=\"font-family: Verdana, sans-serif;font-size: large\"><b>Las inscripciones pueden realizarse en los siguientes enlaces:<\/b><\/span><\/p>\n<div style=\"text-align: center\">\n<span style=\"font-family: Verdana, sans-serif;font-size: large\"><b><a href=\"mailto:auroraborealmora@hotmail.com\">Sagrario N\u00fa\u00f1ez<\/a><\/b><\/span><\/div>\n<div style=\"text-align: center\">\n<span style=\"font-family: Verdana, sans-serif;font-size: large\"><a href=\"mailto:felixtoribio@nuestroajedrezeneuropa.com\">F\u00e9lix Toribio<\/a><\/span><\/div>\n<div class=\"separator\" style=\"clear: both;text-align: center\">\n<a href=\"https:\/\/www.bfv.cloud\/ajedrezeuropa\/wp-content\/uploads\/2019\/08\/BASESDELIVTORNEODEFERIASMORA2019_001.jpg\" style=\"margin-left: 1em;margin-right: 1em\"><img decoding=\"async\" border=\"0\" data-original-height=\"1600\" data-original-width=\"1131\" height=\"640\" src=\"https:\/\/blogger.googleusercontent.com\/img\/b\/R29vZ2xl\/AVvXsEgEsKP3V261w_BH551nnmbE48FKxpw4RlDmcuVCyITunCAQBT39CkeGYgJh10Q871utQYCvBENua29tgA_x0k4aID09GdFl-1ET923UkMFhBfwe1bQCtOpOtVd4VoPx9NNbKOc2lP-DDPM\/s640\/BASES+DEL+IV+TORNEO+DE+FERIAS+MORA+2019_001.jpg\" width=\"450\" \/><\/a><\/div>\n<div style=\"text-align: center\">\n<\/div>\n","protected":false},"excerpt":{"rendered":"<p>El aula polivalente de la Escuela de M\u00fasica de Mora albergar\u00e1 la 4\u00aa edici\u00f3n del Torneo de Feria. Esta ser\u00e1 la primera ocasi\u00f3n en la que la Escuela de M\u00fasica, sita en la calle Leandro Navarro,8 acoger\u00e1 el torneo de la feria.&nbsp; El juego se iniciar\u00e1 a las 9,30 h. de la ma\u00f1ana, disput\u00e1ndose 7 [&hellip;]<\/p>\n","protected":false},"author":1,"featured_media":1941,"comment_status":"open","ping_status":"closed","sticky":false,"template":"","format":"standard","meta":{"footnotes":""},"categories":[1],"tags":[],"class_list":["post-1940","post","type-post","status-publish","format-standard","has-post-thumbnail","hentry","category-noticias"],"_links":{"self":[{"href":"https:\/\/www.bfv.cloud\/ajedrezeuropa\/wp-json\/wp\/v2\/posts\/1940","targetHints":{"allow":["GET"]}}],"collection":[{"href":"https:\/\/www.bfv.cloud\/ajedrezeuropa\/wp-json\/wp\/v2\/posts"}],"about":[{"href":"https:\/\/www.bfv.cloud\/ajedrezeuropa\/wp-json\/wp\/v2\/types\/post"}],"author":[{"embeddable":true,"href":"https:\/\/www.bfv.cloud\/ajedrezeuropa\/wp-json\/wp\/v2\/users\/1"}],"replies":[{"embeddable":true,"href":"https:\/\/www.bfv.cloud\/ajedrezeuropa\/wp-json\/wp\/v2\/comments?post=1940"}],"version-history":[{"count":1,"href":"https:\/\/www.bfv.cloud\/ajedrezeuropa\/wp-json\/wp\/v2\/posts\/1940\/revisions"}],"predecessor-version":[{"id":1943,"href":"https:\/\/www.bfv.cloud\/ajedrezeuropa\/wp-json\/wp\/v2\/posts\/1940\/revisions\/1943"}],"wp:featuredmedia":[{"embeddable":true,"href":"https:\/\/www.bfv.cloud\/ajedrezeuropa\/wp-json\/wp\/v2\/media\/1941"}],"wp:attachment":[{"href":"https:\/\/www.bfv.cloud\/ajedrezeuropa\/wp-json\/wp\/v2\/media?parent=1940"}],"wp:term":[{"taxonomy":"category","embeddable":true,"href":"https:\/\/www.bfv.cloud\/ajedrezeuropa\/wp-json\/wp\/v2\/categories?post=1940"},{"taxonomy":"post_tag","embeddable":true,"href":"https:\/\/www.bfv.cloud\/ajedrezeuropa\/wp-json\/wp\/v2\/tags?post=1940"}],"curies":[{"name":"wp","href":"https:\/\/api.w.org\/{rel}","templated":true}]}}