{"id":1944,"date":"2011-12-12T00:08:00","date_gmt":"2011-12-12T00:08:00","guid":{"rendered":"https:\/\/www.bfv.cloud\/ajedrezeuropa\/index.php\/2011\/12\/12\/un-campeonato-de-espana-para-la-historia-nuestro-ajedrez-en-europa-consigue-la-tercera-plaza-y-nuestro-ajedrez-por-la-igualdad-la-decimoquinta\/"},"modified":"2025-11-20T10:40:26","modified_gmt":"2025-11-20T10:40:26","slug":"un-campeonato-de-espana-para-la-historia-nuestro-ajedrez-en-europa-consigue-la-tercera-plaza-y-nuestro-ajedrez-por-la-igualdad-la-decimoquinta","status":"publish","type":"post","link":"https:\/\/www.bfv.cloud\/ajedrezeuropa\/un-campeonato-de-espana-para-la-historia-nuestro-ajedrez-en-europa-consigue-la-tercera-plaza-y-nuestro-ajedrez-por-la-igualdad-la-decimoquinta\/","title":{"rendered":"\u00a1\u00a1\u00a1 UN CAMPEONATO DE ESPA\u00d1A PARA LA HISTORIA !!! NUESTRO AJEDREZ EN EUROPA CONSIGUE LA TERCERA PLAZA Y NUESTRO AJEDREZ POR LA IGUALDAD LA DECIMOQUINTA"},"content":{"rendered":"<p>\ufeff <\/p>\n<table align=\"center\" cellpadding=\"0\" cellspacing=\"0\" class=\"tr-caption-container\" style=\"margin-left: auto;margin-right: auto;text-align: center\">\n<tbody>\n<tr>\n<td style=\"text-align: center\"><a href=\"https:\/\/www.bfv.cloud\/ajedrezeuropa\/wp-content\/uploads\/2011\/12\/fotoscampeonatodeEspaA\u00b1aClubSub-16043.jpg\" style=\"margin-left: auto;margin-right: auto\"><img decoding=\"async\" border=\"0\" height=\"300px\" src=\"https:\/\/www.bfv.cloud\/ajedrezeuropa\/wp-content\/uploads\/2011\/12\/fotoscampeonatodeEspa25C325B1aClubSub-16043.jpg\" width=\"400px\" \/><\/a><\/td>\n<\/tr>\n<tr>\n<td class=\"tr-caption\" style=\"text-align: center\">Un equipo para la historia de NUESTRO AJEDREZ:<br \/>\n3\u00ba clasificado en el IV CAMPEONATO DE ESPA\u00d1A POR EQUIPOS S-16<br \/>\n\u00a1\u00a1\u00a1MEMORABLE!!!<\/td>\n<\/tr>\n<\/tbody>\n<\/table>\n<p>\ufeff &nbsp;<strong><span style=\", sans-serif\">En un d\u00eda 11 de diciembre de 2011, los chicos del equipo de NUESTRO AJEDREZ EN EUROPA acaban de escribir una p\u00e1gina inolvidable de la peque\u00f1a historia del deporte en estas tierras castellano-manchegas. Sirviendo como testigo el mundo del ajedrez de nuestro pa\u00eds y de buena parte del continente europeo, este magn\u00edfico grupo&nbsp;de j\u00f3venes&nbsp;ajedrecistas compuesto por: <\/span><\/strong><\/p>\n<div align=\"center\"><strong><span style=\"font-family: Trebuchet MS\">Santiago Talavera Garc\u00eda<\/span><\/strong><\/div>\n<div align=\"center\"><strong><span style=\"font-family: Trebuchet MS\">Daniel P\u00edriz Fern\u00e1ndez<\/span><\/strong><\/div>\n<div align=\"center\"><strong><span style=\"font-family: Trebuchet MS\">Jorge Sim\u00f3n Escalona<\/span><\/strong><\/div>\n<div align=\"center\"><strong><span style=\"font-family: Trebuchet MS\">Sergio Valencia de Loma<\/span><\/strong><\/div>\n<div align=\"center\"><strong><span style=\"font-family: Trebuchet MS\">Jos\u00e9 \u00c1ngel Vela Horcajada<\/span><\/strong><\/div>\n<div style=\"text-align: left\"><strong><span style=\"font-family: Trebuchet MS\">han logrado alcanzar la 3\u00aa posici\u00f3n del IV CAMPEONATO DE ESPA\u00d1A POR EQUIPOS SUB-16, partiendo de la d\u00e9cima plaza del ranking inicial. Sus 4 victorias de un total de 6 encuentros disputados le han proporcionado 8 puntos de match y 15,5 de partidas, mejorando notablemente anteriores resultados y alcanzando los puestos de honor de una dura competici\u00f3n donde se encontraban presentes los mejores clubes nacionales de la categor\u00eda. Finalmente, 23 equipos reunidos en torno a 44 tableros de ajedrez enfrentaron sus estrategias, sus entrenamientos y sus t\u00e1cticas para se\u00f1alar a los vencedores:<\/span><\/strong><\/div>\n<div style=\"text-align: center\"><strong><span style=\"font-family: Trebuchet MS\">1\u00ba Club Ajedrez EVA-Manises, 12 puntos.&nbsp;<\/span><\/strong><\/div>\n<div style=\"text-align: center\"><strong><span style=\"font-family: Trebuchet MS\">2\u00ba Club Xadrez Ourense, 10 puntos.<\/span><\/strong><\/div>\n<div style=\"text-align: center\"><strong><span style=\"font-family: Trebuchet MS\">3\u00ba NUESTRO AJEDREZ EN EUROPA, 8 puntos.<\/span><\/strong><\/div>\n<div style=\"text-align: left\">\ufeff<\/div>\n<table align=\"center\" cellpadding=\"0\" cellspacing=\"0\" class=\"tr-caption-container\" style=\"margin-left: auto;margin-right: auto;text-align: center\">\n<tbody>\n<tr>\n<td style=\"text-align: center\"><a href=\"https:\/\/www.bfv.cloud\/ajedrezeuropa\/wp-content\/uploads\/2011\/12\/fotoscampeonatodeEspaA\u00b1aClubSub-16028.jpg\" style=\"margin-left: auto;margin-right: auto\"><img decoding=\"async\" border=\"0\" height=\"300px\" src=\"https:\/\/www.bfv.cloud\/ajedrezeuropa\/wp-content\/uploads\/2011\/12\/fotoscampeonatodeEspa25C325B1aClubSub-16028.jpg\" width=\"400px\" \/><\/a><\/td>\n<\/tr>\n<tr>\n<td class=\"tr-caption\" style=\"text-align: center\">Los 4 jugadores que defendieron sus respectivos tableros<br \/>\nen una \u00faltima ronda decisiva ante el Club Xadrez Sanxenxo de<br \/>\nGalicia, obtuvieron 3 victorias y una derrota.<\/td>\n<\/tr>\n<\/tbody>\n<\/table>\n<p>&nbsp;<strong><span style=\"font-family: Trebuchet MS\">Hoy m\u00e1s que nunca se aprecia con claridad que el trabajo desarrollado durante a\u00f1os desde las escuelas de ajedrez de Alc\u00e1zar y Villafranca necesitaba de un proyecto com\u00fan que uniera sus fuerzas y potenciara sus capacidades a base de esfuerzo, estudio y competici\u00f3n,&nbsp;contando con&nbsp;profesores y preparadores de alt\u00edsimo nivel como Elizbar Ubilava o Herminio Herr\u00e1iz. <\/span><\/strong><\/p>\n<table align=\"center\" cellpadding=\"0\" cellspacing=\"0\" class=\"tr-caption-container\" style=\"margin-left: auto;margin-right: auto;text-align: center\">\n<tbody>\n<tr>\n<td style=\"text-align: center\"><a href=\"https:\/\/www.bfv.cloud\/ajedrezeuropa\/wp-content\/uploads\/2011\/12\/fotoscampeonatodeEspaA\u00b1aClubSub-16029.jpg\" style=\"margin-left: auto;margin-right: auto\"><img decoding=\"async\" border=\"0\" height=\"300px\" src=\"https:\/\/www.bfv.cloud\/ajedrezeuropa\/wp-content\/uploads\/2011\/12\/fotoscampeonatodeEspa25C325B1aClubSub-16029.jpg\" width=\"400px\" \/><\/a><\/td>\n<\/tr>\n<tr>\n<td class=\"tr-caption\" style=\"text-align: center\">6\u00aa ronda: Nuestro Ajedrez por la Igualdad, al completo,<br \/>\ncon su entrenador Herminio Herr\u00e1iz. El enfrentamiento con el <br \/>\nC.D. Oberena de Pamplona se salda con la 3\u00aa victoria del torneo y una<br \/>\nmagn\u00edfica 15\u00aa posici\u00f3n<\/td>\n<\/tr>\n<\/tbody>\n<\/table>\n<p>&nbsp;<strong><span style=\"font-family: Trebuchet MS\">Para mayor alegr\u00eda de todos los que formamos parte de este proyecto, el segundo club con el est\u00e1bamos representados consegu\u00eda 3 victorias y 6 puntos de match que le permit\u00edan avanzar en la clasificaci\u00f3n final hasta la 15\u00aa plaza, mejorando en 3 posiciones la clasificaci\u00f3n del a\u00f1o pasado. El equipo de \u00abNuestro Ajedrez por la Igualdad\u00bb ha demostrado que, en pocos a\u00f1os,&nbsp;ser\u00e1n estupendos sucesores de sus actuales compa\u00f1eros de \u00abEuropa\u00bb. Estos son sus nombres:<\/span><\/strong><\/p>\n<div align=\"center\"><strong><span style=\"font-family: Trebuchet MS\">Manuel Lorenzo Marcos-Alberca Lizcano<\/span><\/strong><\/div>\n<div align=\"center\"><strong><span style=\"font-family: Trebuchet MS\">Cosimo Leonardo de Giorgi Benavent<\/span><\/strong><\/div>\n<div align=\"center\"><strong><span style=\"font-family: Trebuchet MS\">Jes\u00fas Mar\u00eda Bricio Garc\u00eda de la Torre<\/span><\/strong><\/div>\n<div align=\"center\"><strong><span style=\"font-family: Trebuchet MS\">Silvia Toribio Camu\u00f1as<\/span><\/strong><\/div>\n<div align=\"center\"><strong><span style=\"font-family: Trebuchet MS\">Irene Sim\u00f3n Escalona<\/span><\/strong><\/div>\n<p><strong><span style=\"font-family: Trebuchet MS\">\u00a1\u00a1 \u00c1nimo chicas y chicos \u00a1\u00a1<\/span><\/strong><br \/>\n\ufeff\ufeff\ufeff <\/p>\n<table align=\"center\" cellpadding=\"0\" cellspacing=\"0\" class=\"tr-caption-container\" style=\"margin-left: auto;margin-right: auto;text-align: center\">\n<tbody>\n<tr>\n<td style=\"text-align: center\"><a href=\"https:\/\/www.bfv.cloud\/ajedrezeuropa\/wp-content\/uploads\/2011\/12\/fotoscampeonatodeEspaA\u00b1aClubSub-16040.jpg\" style=\"margin-left: auto;margin-right: auto\"><img decoding=\"async\" border=\"0\" height=\"300px\" src=\"https:\/\/www.bfv.cloud\/ajedrezeuropa\/wp-content\/uploads\/2011\/12\/fotoscampeonatodeEspa25C325B1aClubSub-16040.jpg\" width=\"400px\" \/><\/a><\/td>\n<\/tr>\n<tr>\n<td class=\"tr-caption\" style=\"text-align: center\">La expedici\u00f3n al completo en la entrada decorada<br \/>\ncon motivos navide\u00f1os del hotel Bali de Benidorm<\/td>\n<\/tr>\n<\/tbody>\n<\/table>\n<p><strong><span style=\", sans-serif\">Como despedida a esta cr\u00f3nica, queremos agradecer de todo coraz\u00f3n la colaboraci\u00f3n de todos los hombres y mujeres, padres y madres, chicos y chicas, que hacen posible con su apoyo, su&nbsp;prestancia, su ayuda y su empuje este tremendo \u00e9xito de un proyecto nacido con la convicci\u00f3n de&nbsp;los grandes retos. Es justo concluir con un agradecimiento especial a los&nbsp;ayuntamientos de Alc\u00e1zar y Villafranca&nbsp;que sostienen econ\u00f3micamente este&nbsp;proyecto.&nbsp;&nbsp;<\/span><\/strong>\ufeff\ufeff<\/p>\n","protected":false},"excerpt":{"rendered":"<p>\ufeff Un equipo para la historia de NUESTRO AJEDREZ: 3\u00ba clasificado en el IV CAMPEONATO DE ESPA\u00d1A POR EQUIPOS S-16 \u00a1\u00a1\u00a1MEMORABLE!!! \ufeff &nbsp;En un d\u00eda 11 de diciembre de 2011, los chicos del equipo de NUESTRO AJEDREZ EN EUROPA acaban de escribir una p\u00e1gina inolvidable de la peque\u00f1a historia del deporte en estas tierras castellano-manchegas. [&hellip;]<\/p>\n","protected":false},"author":1,"featured_media":1945,"comment_status":"open","ping_status":"closed","sticky":false,"template":"","format":"standard","meta":{"footnotes":""},"categories":[1],"tags":[],"class_list":["post-1944","post","type-post","status-publish","format-standard","has-post-thumbnail","hentry","category-noticias"],"_links":{"self":[{"href":"https:\/\/www.bfv.cloud\/ajedrezeuropa\/wp-json\/wp\/v2\/posts\/1944","targetHints":{"allow":["GET"]}}],"collection":[{"href":"https:\/\/www.bfv.cloud\/ajedrezeuropa\/wp-json\/wp\/v2\/posts"}],"about":[{"href":"https:\/\/www.bfv.cloud\/ajedrezeuropa\/wp-json\/wp\/v2\/types\/post"}],"author":[{"embeddable":true,"href":"https:\/\/www.bfv.cloud\/ajedrezeuropa\/wp-json\/wp\/v2\/users\/1"}],"replies":[{"embeddable":true,"href":"https:\/\/www.bfv.cloud\/ajedrezeuropa\/wp-json\/wp\/v2\/comments?post=1944"}],"version-history":[{"count":1,"href":"https:\/\/www.bfv.cloud\/ajedrezeuropa\/wp-json\/wp\/v2\/posts\/1944\/revisions"}],"predecessor-version":[{"id":1953,"href":"https:\/\/www.bfv.cloud\/ajedrezeuropa\/wp-json\/wp\/v2\/posts\/1944\/revisions\/1953"}],"wp:featuredmedia":[{"embeddable":true,"href":"https:\/\/www.bfv.cloud\/ajedrezeuropa\/wp-json\/wp\/v2\/media\/1945"}],"wp:attachment":[{"href":"https:\/\/www.bfv.cloud\/ajedrezeuropa\/wp-json\/wp\/v2\/media?parent=1944"}],"wp:term":[{"taxonomy":"category","embeddable":true,"href":"https:\/\/www.bfv.cloud\/ajedrezeuropa\/wp-json\/wp\/v2\/categories?post=1944"},{"taxonomy":"post_tag","embeddable":true,"href":"https:\/\/www.bfv.cloud\/ajedrezeuropa\/wp-json\/wp\/v2\/tags?post=1944"}],"curies":[{"name":"wp","href":"https:\/\/api.w.org\/{rel}","templated":true}]}}