{"id":1954,"date":"2016-01-01T18:12:00","date_gmt":"2016-01-01T18:12:00","guid":{"rendered":"https:\/\/www.bfv.cloud\/ajedrezeuropa\/index.php\/2016\/01\/01\/elo-fide-de-nuestros-jugadores-a-1-de-enero-de-2016\/"},"modified":"2025-11-20T10:40:28","modified_gmt":"2025-11-20T10:40:28","slug":"elo-fide-de-nuestros-jugadores-a-1-de-enero-de-2016","status":"publish","type":"post","link":"https:\/\/www.bfv.cloud\/ajedrezeuropa\/elo-fide-de-nuestros-jugadores-a-1-de-enero-de-2016\/","title":{"rendered":"ELO FIDE DE NUESTROS JUGADORES A 1 DE ENERO DE 2016"},"content":{"rendered":"<div style=\"text-align: center\">\n<a href=\"https:\/\/www.bfv.cloud\/ajedrezeuropa\/wp-content\/uploads\/2016\/01\/logodelclubconelnombre.jpg\" style=\"clear: left;float: left;margin-bottom: 1em;margin-right: 1em\"><img decoding=\"async\" border=\"0\" height=\"150\" src=\"https:\/\/blogger.googleusercontent.com\/img\/b\/R29vZ2xl\/AVvXsEjqjxD6Wl0rxhecDeUOxARkE6838h7Go4fPxru_oAtDC3HvhrrdcNS-nBMAor0ZzLwfqU0HV_6WcGVVDrICvGfI8UAd2PfshX7LU0k8RxFeFoF9V86NWeThmQ1rkP-fjTFQq7pQdmUF_aQ\/s200\/logo+del+club+con+el+nombre.jpg\" width=\"200\" \/><\/a>&nbsp;<b style=\"text-align: left\"><span style=\"font-family: Helvetica Neue, Arial, Helvetica, sans-serif\">Se ha publicado la nueva lista ELO de la FIDE &nbsp;y de la FEDA a fecha 1 de enero de 2016. Aunque ambas listas se renuevan mensualmente, consideramos interesante que conozc\u00e1is las variaciones que se han producido en la valoraci\u00f3n internacional, al menos entre los jugadores de nuestros clubes y equipos. Por lo tanto, aqu\u00ed ten\u00e9is la relaci\u00f3n ordenada de los 31 ajedrecistas de NUESTRO AJEDREZ EN EUROPA y NUESTRO AJEDREZ POR LA IGUALDAD con su respectivo ELO FIDE, figurando entre par\u00e9ntesis la categor\u00eda de edad en la que va a estar incluido durante todo el a\u00f1o. En color rojo se distinguen las jugadoras.<\/span><\/b><br \/>\n<b style=\"text-align: left\"><span style=\"font-family: Helvetica Neue, Arial, Helvetica, sans-serif\"><br \/><\/span><\/b><\/p>\n<h4 style=\"text-align: left\">\n<a href=\"https:\/\/www.bfv.cloud\/ajedrezeuropa\/wp-content\/uploads\/2016\/01\/LogoFide.jpg\" style=\"clear: right;float: right;margin-bottom: 1em;margin-left: 1em\"><img decoding=\"async\" border=\"0\" height=\"100\" src=\"https:\/\/blogger.googleusercontent.com\/img\/b\/R29vZ2xl\/AVvXsEhIpuaBviyigqYLAueVeZcB2mLRjqbMsfMQ7XZg5qbmqOBrmdgjNA2GFBAUhrcncL-Kh6Mv4GACUsADQx31D2AKc-bjf_tlbokKAgQNXcf8FsFSQwfYy5qw87aseQyDTPdKZw3coxfk4F0\/s200\/Logo+Fide.jpg\" width=\"200\" \/><\/a><b><span style=\"font-family: Helvetica Neue, Arial, Helvetica, sans-serif;font-size: large\">Queremos aprovechar para enviar a todas las personas vinculadas con nuestro proyecto, a trav\u00e9s de los clubes o de las escuelas de ajedrez, nuestros mejores deseos para este 2016.<\/span><\/b><\/h4>\n<p><span style=\"font-family: Georgia, Times New Roman, serif\"><span style=\"color: blue\"><b><br \/><\/b><\/span><\/span><br \/>\n<span style=\"font-family: Georgia, Times New Roman, serif\"><span style=\"color: blue\"><b><br \/><\/b><\/span><\/span><br \/>\n<span style=\"font-family: Georgia, Times New Roman, serif\"><span style=\"color: blue\"><b>Fernando Visier<\/b><\/span>&nbsp;<b>(FM)<\/b><b>&nbsp;<\/b>&nbsp;&nbsp;<b>2.226<\/b><\/span><br \/>\n<b><span style=\"font-family: Georgia, Times New Roman, serif\"><span style=\"color: blue\">Carlos \u00c1lvarez<\/span><span style=\"color: #660000\">&nbsp;&nbsp; <\/span>2.131<\/span><\/b><\/div>\n<div style=\"text-align: center\">\n<span style=\"font-family: Georgia, Times New Roman, serif\"><b><span style=\"color: blue\">Santiago Talavera<\/span><\/b><b>&nbsp;&nbsp; 2.044<\/b><\/span><br \/>\n<span style=\"font-family: Georgia, Times New Roman, serif\"><b><span style=\"color: #990000\">Ana Isabel Gonz\u00e1lez Berruga<\/span> &nbsp; &nbsp;<span style=\"color: #990000\">1.993<\/span><\/b><\/span><br \/>\n<b style=\"font-family: Georgia, 'Times New Roman', serif\"><span lang=\"EN-GB\" style=\"color: blue\">Isaac Lozano&nbsp;<\/span><\/b><span lang=\"EN-GB\" style=\"font-family: Georgia, 'Times New Roman', serif\"><b><span style=\"color: blue\">&nbsp;<\/span>1.951<\/b><\/span><\/div>\n<div style=\"text-align: center\">\n<span style=\"font-family: Georgia, Times New Roman, serif\"><b><span style=\"color: blue\">Daniel P\u00edriz<\/span><\/b><b>&nbsp;&nbsp; 1.945<\/b><\/span><br \/>\n<b style=\"font-family: Georgia, 'Times New Roman', serif\"><span style=\"color: blue\">Javier Valdepe\u00f1as&nbsp;<\/span><\/b><span style=\"font-family: Georgia, 'Times New Roman', serif\">(S18)&nbsp;<\/span><span style=\"font-family: Georgia, 'Times New Roman', serif\">&nbsp;<\/span><b style=\"font-family: Georgia, 'Times New Roman', serif\">1.931<\/b><\/div>\n<div style=\"text-align: center\">\n<span style=\"font-family: Georgia, Times New Roman, serif\"><b><span style=\"color: blue\">Jorge Sim\u00f3n<\/span><\/b><b>&nbsp;&nbsp; 1.897<\/b><\/span><br \/>\n<b style=\"font-family: Georgia, 'Times New Roman', serif\"><span style=\"color: blue\">Luis Miguel Monreal<\/span><\/b><b style=\"font-family: Georgia, 'Times New Roman', serif\">&nbsp;&nbsp; 1.835<\/b><\/div>\n<div style=\"text-align: center\">\n<span style=\"font-family: Georgia, Times New Roman, serif\"><b><span style=\"color: blue\">Jos\u00e9 Mar\u00eda Redondo&nbsp;&nbsp;&nbsp;&nbsp;<\/span><\/b><b>1.796<\/b><\/span><\/div>\n<div style=\"text-align: center\">\n<b style=\"font-family: Georgia, 'Times New Roman', serif\"><span style=\"color: blue\">Jos\u00e9 \u00c1ngel Vela<\/span>&nbsp;&nbsp;<\/b><span style=\"font-family: Georgia, 'Times New Roman', serif\">&nbsp;<\/span><b style=\"font-family: Georgia, 'Times New Roman', serif\">1.724<\/b><\/div>\n<div style=\"text-align: center\">\n<span style=\"font-family: Georgia, Times New Roman, serif\"><b><span style=\"color: blue\">Cosimo Leonardo de Giorgi&nbsp;<\/span><\/b>&nbsp;&nbsp;<b>1.707<\/b><\/span><\/div>\n<div style=\"text-align: center\">\n<b style=\"font-family: Georgia, 'Times New Roman', serif\"><span style=\"color: blue\">Sergio Valencia<\/span><\/b><b style=\"font-family: Georgia, 'Times New Roman', serif\">&nbsp;&nbsp; 1.683<\/b><\/div>\n<div style=\"text-align: center\">\n<b style=\"font-family: Georgia, 'Times New Roman', serif\"><span style=\"color: blue\">Antonio Albo<\/span><\/b><b style=\"font-family: Georgia, 'Times New Roman', serif\">&nbsp;&nbsp; 1.682<\/b><\/div>\n<div style=\"text-align: center\">\n<span style=\"font-family: Georgia, Times New Roman, serif\"><b><span style=\"color: blue\">Jose M\u00aa Pastrana<\/span><\/b><b>&nbsp;&nbsp; 1.665<\/b><\/span><\/div>\n<div style=\"text-align: center\">\n<span style=\"font-family: Georgia, Times New Roman, serif\"><b><span style=\"color: blue\">Carlos Romo<\/span><\/b><b>&nbsp;&nbsp; 1.619<\/b><\/span><\/div>\n<div style=\"text-align: center\">\n<span style=\"font-family: Georgia, Times New Roman, serif\"><b><span style=\"color: blue\">Daniel Salas<\/span><\/b><b>&nbsp;&nbsp; 1.585<\/b><\/span><\/div>\n<div style=\"text-align: center\">\n<span style=\"font-family: Georgia, Times New Roman, serif\"><b><span style=\"color: blue\">Jes\u00fas M\u00aa Bricio<\/span><\/b><b>&nbsp; 1.537<\/b><\/span><br \/>\n<b style=\"font-family: Georgia, 'Times New Roman', serif\"><span style=\"color: blue\">Roberto L\u00f3pez&nbsp;<\/span>&nbsp;<\/b><span style=\"font-family: Georgia, 'Times New Roman', serif\">(S16)&nbsp;<\/span><span style=\"font-family: Georgia, 'Times New Roman', serif\"><span style=\"color: maroon\">&nbsp;<\/span><b>1.482<\/b><\/span><br \/>\n<span style=\"font-family: Georgia, 'Times New Roman', serif\"><b><span style=\"color: blue\">Alfredo Amador<\/span><span style=\"color: maroon\">&nbsp;&nbsp;<\/span><\/b>(S14)<span style=\"color: maroon\">&nbsp;&nbsp;&nbsp;<\/span><b>1.471<\/b><\/span><\/div>\n<div style=\"text-align: center\">\n<span style=\"color: #990000;font-family: Georgia, Times New Roman, serif\"><b><span lang=\"EN-GB\">Irene Sim\u00f3n<\/span><\/b><b><span lang=\"EN-GB\">&nbsp; (<\/span><\/b><span lang=\"EN-GB\">S16)&nbsp;&nbsp;&nbsp;&nbsp;<b>1.423<\/b><\/span><\/span><\/div>\n<div style=\"text-align: center\">\n<span style=\"color: #990000\"><b style=\"font-family: Georgia, 'Times New Roman', serif\">Silvia Toribio&nbsp;<\/b><span style=\"font-family: Georgia, 'Times New Roman', serif\">(S18)&nbsp;&nbsp;&nbsp;&nbsp;<b>1.415<\/b><\/span><\/span><\/div>\n<div style=\"text-align: center\">\n<b style=\"font-family: Georgia, 'Times New Roman', serif\"><span style=\"color: blue\">Arturo Mate&nbsp;&nbsp;<\/span><\/b><span style=\"font-family: Georgia, 'Times New Roman', serif\">(S14)&nbsp;<\/span><span style=\"font-family: Georgia, 'Times New Roman', serif\">&nbsp;<\/span><b style=\"font-family: Georgia, 'Times New Roman', serif\">1.376<\/b><\/div>\n<div style=\"text-align: center\">\n<span style=\"font-family: Georgia, Times New Roman, serif\"><b><span style=\"color: blue\">Julio M\u00e9rida<\/span><\/b><b>&nbsp;&nbsp;<\/b>(S16)&nbsp;&nbsp;&nbsp;<b>1.353<\/b><\/span><br \/>\n<span style=\"font-family: Georgia, Times New Roman, serif\"><b style=\"color: blue\">Alonso L\u00f3pez &nbsp;<\/b>(S-10) &nbsp; <b>1.304<\/b><\/span><br \/>\n<span style=\"color: #990000\"><b style=\"font-family: Georgia, 'Times New Roman', serif\">Alba P\u00edriz<\/b><b style=\"font-family: Georgia, 'Times New Roman', serif\">&nbsp;&nbsp;<\/b><span style=\"font-family: Georgia, 'Times New Roman', serif\">(S18)&nbsp;&nbsp;<\/span><span style=\"font-family: Georgia, 'Times New Roman', serif\">&nbsp;<\/span><b style=\"font-family: Georgia, 'Times New Roman', serif\">1.279<\/b><\/span><br \/>\n<b style=\"font-family: Georgia, 'Times New Roman', serif\"><span style=\"color: blue\">Enrique Velasco<\/span><span style=\"color: maroon\">&nbsp;&nbsp;<\/span><\/b><span style=\"font-family: Georgia, 'Times New Roman', serif\">(S14)&nbsp;&nbsp;<b>1.252<\/b><\/span><\/div>\n<div style=\"text-align: center\">\n<span style=\"font-family: Georgia, Times New Roman, serif\"><b><span style=\"color: maroon\">Marta Espinosa&nbsp;&nbsp;<\/span><\/b><span style=\"color: maroon\">(S16)&nbsp;&nbsp;<b>1.236<\/b><\/span><\/span><\/div>\n<div style=\"text-align: center\">\n<span style=\"font-family: Georgia, Times New Roman, serif\"><b><span style=\"color: maroon\">Julia Meza&nbsp;&nbsp;<\/span><\/b><span style=\"color: maroon\">(S14)&nbsp;&nbsp;<b>1.064<\/b><\/span><\/span><br \/>\n<span style=\"color: #990000\"><b style=\"font-family: Georgia, 'Times New Roman', serif\">Nuria Lozano&nbsp;&nbsp;<\/b><span style=\"font-family: Georgia, 'Times New Roman', serif\">(S12)&nbsp;<\/span><span style=\"font-family: Georgia, 'Times New Roman', serif\">&nbsp;<\/span><b style=\"font-family: Georgia, 'Times New Roman', serif\">1.035<\/b><\/span><\/div>\n<div style=\"text-align: center\">\n<span style=\"color: #990000;font-family: Georgia, Times New Roman, serif\"><b>Isabel Marcos-Alberca&nbsp;<\/b>(S14)&nbsp;&nbsp;&nbsp;<b>1.025<\/b><\/span><\/div>\n","protected":false},"excerpt":{"rendered":"<p>&nbsp;Se ha publicado la nueva lista ELO de la FIDE &nbsp;y de la FEDA a fecha 1 de enero de 2016. Aunque ambas listas se renuevan mensualmente, consideramos interesante que conozc\u00e1is las variaciones que se han producido en la valoraci\u00f3n internacional, al menos entre los jugadores de nuestros clubes y equipos. Por lo tanto, aqu\u00ed [&hellip;]<\/p>\n","protected":false},"author":1,"featured_media":1955,"comment_status":"open","ping_status":"closed","sticky":false,"template":"","format":"standard","meta":{"footnotes":""},"categories":[1],"tags":[],"class_list":["post-1954","post","type-post","status-publish","format-standard","has-post-thumbnail","hentry","category-noticias"],"_links":{"self":[{"href":"https:\/\/www.bfv.cloud\/ajedrezeuropa\/wp-json\/wp\/v2\/posts\/1954","targetHints":{"allow":["GET"]}}],"collection":[{"href":"https:\/\/www.bfv.cloud\/ajedrezeuropa\/wp-json\/wp\/v2\/posts"}],"about":[{"href":"https:\/\/www.bfv.cloud\/ajedrezeuropa\/wp-json\/wp\/v2\/types\/post"}],"author":[{"embeddable":true,"href":"https:\/\/www.bfv.cloud\/ajedrezeuropa\/wp-json\/wp\/v2\/users\/1"}],"replies":[{"embeddable":true,"href":"https:\/\/www.bfv.cloud\/ajedrezeuropa\/wp-json\/wp\/v2\/comments?post=1954"}],"version-history":[{"count":1,"href":"https:\/\/www.bfv.cloud\/ajedrezeuropa\/wp-json\/wp\/v2\/posts\/1954\/revisions"}],"predecessor-version":[{"id":1957,"href":"https:\/\/www.bfv.cloud\/ajedrezeuropa\/wp-json\/wp\/v2\/posts\/1954\/revisions\/1957"}],"wp:featuredmedia":[{"embeddable":true,"href":"https:\/\/www.bfv.cloud\/ajedrezeuropa\/wp-json\/wp\/v2\/media\/1955"}],"wp:attachment":[{"href":"https:\/\/www.bfv.cloud\/ajedrezeuropa\/wp-json\/wp\/v2\/media?parent=1954"}],"wp:term":[{"taxonomy":"category","embeddable":true,"href":"https:\/\/www.bfv.cloud\/ajedrezeuropa\/wp-json\/wp\/v2\/categories?post=1954"},{"taxonomy":"post_tag","embeddable":true,"href":"https:\/\/www.bfv.cloud\/ajedrezeuropa\/wp-json\/wp\/v2\/tags?post=1954"}],"curies":[{"name":"wp","href":"https:\/\/api.w.org\/{rel}","templated":true}]}}