{"id":1966,"date":"2015-04-13T20:36:00","date_gmt":"2015-04-13T20:36:00","guid":{"rendered":"https:\/\/www.bfv.cloud\/ajedrezeuropa\/index.php\/2015\/04\/13\/continua-el-curso-el-ajedrez-en-la-escuela-en-el-crfp-de-castilla-la-mancha\/"},"modified":"2025-11-20T10:40:37","modified_gmt":"2025-11-20T10:40:37","slug":"continua-el-curso-el-ajedrez-en-la-escuela-en-el-crfp-de-castilla-la-mancha","status":"publish","type":"post","link":"https:\/\/www.bfv.cloud\/ajedrezeuropa\/continua-el-curso-el-ajedrez-en-la-escuela-en-el-crfp-de-castilla-la-mancha\/","title":{"rendered":"CONTIN\u00daA EL CURSO \u201cEL AJEDREZ EN LA ESCUELA\u201d EN EL CRFP DE CASTILLA-LA MANCHA"},"content":{"rendered":"<div class=\"separator\" style=\"clear: both;text-align: center\">\n<a href=\"https:\/\/www.bfv.cloud\/ajedrezeuropa\/wp-content\/uploads\/2015\/04\/Copiadeimage_gallery.jpg\" style=\"clear: left;float: left;margin-bottom: 1em;margin-right: 1em\"><img fetchpriority=\"high\" decoding=\"async\" border=\"0\" src=\"https:\/\/www.bfv.cloud\/ajedrezeuropa\/wp-content\/uploads\/2015\/04\/Copiadeimage_gallery.jpg\" height=\"266\" width=\"400\" \/><\/a><\/div>\n<div class=\"MsoTitle\" style=\"text-align: justify\">\n<span style=\"font-size: 12pt\"><span style=\"font-family: Georgia, Times New Roman, serif\"><b>El curso \u201cEL AJEDREZ EN LA ESCUELA\u201d,<br \/>\nelaborado para el Centro Regional de Formaci\u00f3n del Profesorado (CRFP), se encuentra<br \/>\na la mitad de su desarrollo, despu\u00e9s de haberse celebrado cuatro de las siete<br \/>\naulas virtuales previstas con el GM Herminio Herr\u00e1iz como ponente. Entre la<br \/>\nprimera sesi\u00f3n presencial y las&nbsp; cuatro<br \/>\nvirtuales, ya sean en directo o mediante la reproducci\u00f3n de las grabaciones a<br \/>\ntrav\u00e9s de la plataforma del CRFP,&nbsp; los 60<br \/>\nprofesores admitidos est\u00e1n conociendo los contenidos de este primer curso de<br \/>\niniciaci\u00f3n al ajedrez. Durante las pr\u00f3ximas semanas tendr\u00e1n lugar las restantes<br \/>\nsesiones virtuales seg\u00fan el temario indicado en la convocatoria. El programa se<br \/>\ncompletar\u00e1 el martes 19 de mayo con la conferencia titulada: \u201cEL AJEDREZ ENSE\u00d1A<br \/>\nA PENSAR Y ES MUY DIVERTIDO\u201d del prestigioso divulgador y periodista Leontxo<br \/>\nGarc\u00eda, que estar\u00e1 acompa\u00f1ado en esta jornada final por la ponencia resumen de<br \/>\nHerminio Herr\u00e1iz y F\u00e9lix Toribio: \u201cEL AJEDREZ, UNA ESTRATEGIA EDUCATIVA\u201d. La<br \/>\nEscuela de Administraci\u00f3n Regional de Toledo es el lugar elegido para celebrar<br \/>\neste evento especial que podr\u00e1 congregar a m\u00e1s de 200 profesores de toda<br \/>\nCastilla-La Mancha, adem\u00e1s de otras personas interesadas que podr\u00e1n acudir,<br \/>\nprevia inscripci\u00f3n en el CRFP hasta completar&nbsp;<br \/>\naforo. En pr\u00f3ximas semanas se facilitar\u00e1 toda la informaci\u00f3n recogida en<br \/>\nla convocatoria y se dar\u00e1 a conocer el cartel anunciador de este evento. <\/b><\/span><\/span><\/div>\n<p><span style=\"font-size: 12pt\"><span style=\"font-family: Georgia, Times New Roman, serif\"><b>Para poder recibir las certificaciones correspondientes y tener derecho<br \/>\na los cr\u00e9ditos que tiene asignados este curso, los profesores deber\u00e1n completar<br \/>\ny presentar los formularios colgados en la plataforma del CRFPCLM.<\/b><\/span><\/span><\/p>\n<div class=\"separator\" style=\"clear: both;text-align: center\">\n<a href=\"https:\/\/www.bfv.cloud\/ajedrezeuropa\/wp-content\/uploads\/2015\/04\/LOGOSCONJUNTOSAJEDREZENLAESCUELA.jpg\" style=\"margin-left: 1em;margin-right: 1em\"><img decoding=\"async\" border=\"0\" src=\"https:\/\/www.bfv.cloud\/ajedrezeuropa\/wp-content\/uploads\/2015\/04\/LOGOSCONJUNTOSAJEDREZENLAESCUELA.jpg\" height=\"122\" width=\"640\" \/><\/a><\/div>\n<div style=\"text-align: center\">\n<span style=\"font-size: 12pt\"><span style=\"font-family: Georgia, Times New Roman, serif\"><b><br \/><\/b><\/span><\/span><\/div>\n","protected":false},"excerpt":{"rendered":"<p>El curso \u201cEL AJEDREZ EN LA ESCUELA\u201d, elaborado para el Centro Regional de Formaci\u00f3n del Profesorado (CRFP), se encuentra a la mitad de su desarrollo, despu\u00e9s de haberse celebrado cuatro de las siete aulas virtuales previstas con el GM Herminio Herr\u00e1iz como ponente. Entre la primera sesi\u00f3n presencial y las&nbsp; cuatro virtuales, ya sean en [&hellip;]<\/p>\n","protected":false},"author":1,"featured_media":1967,"comment_status":"open","ping_status":"closed","sticky":false,"template":"","format":"standard","meta":{"footnotes":""},"categories":[1],"tags":[],"class_list":["post-1966","post","type-post","status-publish","format-standard","has-post-thumbnail","hentry","category-noticias"],"_links":{"self":[{"href":"https:\/\/www.bfv.cloud\/ajedrezeuropa\/wp-json\/wp\/v2\/posts\/1966","targetHints":{"allow":["GET"]}}],"collection":[{"href":"https:\/\/www.bfv.cloud\/ajedrezeuropa\/wp-json\/wp\/v2\/posts"}],"about":[{"href":"https:\/\/www.bfv.cloud\/ajedrezeuropa\/wp-json\/wp\/v2\/types\/post"}],"author":[{"embeddable":true,"href":"https:\/\/www.bfv.cloud\/ajedrezeuropa\/wp-json\/wp\/v2\/users\/1"}],"replies":[{"embeddable":true,"href":"https:\/\/www.bfv.cloud\/ajedrezeuropa\/wp-json\/wp\/v2\/comments?post=1966"}],"version-history":[{"count":1,"href":"https:\/\/www.bfv.cloud\/ajedrezeuropa\/wp-json\/wp\/v2\/posts\/1966\/revisions"}],"predecessor-version":[{"id":1969,"href":"https:\/\/www.bfv.cloud\/ajedrezeuropa\/wp-json\/wp\/v2\/posts\/1966\/revisions\/1969"}],"wp:featuredmedia":[{"embeddable":true,"href":"https:\/\/www.bfv.cloud\/ajedrezeuropa\/wp-json\/wp\/v2\/media\/1967"}],"wp:attachment":[{"href":"https:\/\/www.bfv.cloud\/ajedrezeuropa\/wp-json\/wp\/v2\/media?parent=1966"}],"wp:term":[{"taxonomy":"category","embeddable":true,"href":"https:\/\/www.bfv.cloud\/ajedrezeuropa\/wp-json\/wp\/v2\/categories?post=1966"},{"taxonomy":"post_tag","embeddable":true,"href":"https:\/\/www.bfv.cloud\/ajedrezeuropa\/wp-json\/wp\/v2\/tags?post=1966"}],"curies":[{"name":"wp","href":"https:\/\/api.w.org\/{rel}","templated":true}]}}