{"id":1970,"date":"2016-07-07T21:26:00","date_gmt":"2016-07-07T21:26:00","guid":{"rendered":"https:\/\/www.bfv.cloud\/ajedrezeuropa\/index.php\/2016\/07\/07\/nuestro-campus-llega-a-su-novena-edicion\/"},"modified":"2025-11-20T10:40:43","modified_gmt":"2025-11-20T10:40:43","slug":"nuestro-campus-llega-a-su-novena-edicion","status":"publish","type":"post","link":"https:\/\/www.bfv.cloud\/ajedrezeuropa\/nuestro-campus-llega-a-su-novena-edicion\/","title":{"rendered":"NUESTRO CAMPUS LLEGA A SU NOVENA EDICI\u00d3N"},"content":{"rendered":"<div class=\"separator\" style=\"clear: both;text-align: center\">\n<a href=\"https:\/\/www.bfv.cloud\/ajedrezeuropa\/wp-content\/uploads\/2016\/07\/CARTELIXCAMPUS-1.jpgdefinitivo-1.jpg\" style=\"clear: left;float: left;margin-bottom: 1em;margin-right: 1em\"><img fetchpriority=\"high\" decoding=\"async\" border=\"0\" height=\"400\" src=\"https:\/\/blogger.googleusercontent.com\/img\/b\/R29vZ2xl\/AVvXsEg1rFp1nUDV4VdTjUSi1kZr8rEIn8g9H9Mj4cqwB3WKRtBOajJBCiSKpId5VCX6VMGclLjHeplaYWqvyIOUWHh0F_eO2llWSWMTCiaLuY2DMBqFpIGzZco2e4j3ViX00abTy8kgJ6QUh6c\/s400\/CARTEL+IX+CAMPUS..jpgdefinitivo.jpg\" width=\"280\" \/><\/a><\/div>\n<h4>\n&nbsp; <span style=\"color: blue;font-family: Georgia, Times New Roman, serif\">La pr\u00f3xima semana comienza la inscripci\u00f3n oficial a nuestro campus de verano. Ser\u00e1 la 9\u00aa edici\u00f3n ininterrumpida y volveremos a tener a los grandes entrenadores y preparadores con los que venimos trabajando desde hace a\u00f1os: Ubilava, Herminio, Ana Isabel y los j\u00f3venes monitores formados en nuestras escuelas ya est\u00e1n preparando los contenidos y clases que ofrecer\u00e1n durante los 6 d\u00edas de duraci\u00f3n.&nbsp;<\/span><\/h4>\n<h4>\n<span style=\"color: blue;font-family: Georgia, Times New Roman, serif\"><br \/><\/span><\/h4>\n<h4>\n<span style=\"color: blue;font-family: Georgia, Times New Roman, serif\">Recordad que el campus est\u00e1 especialmente enfocado a la tecnificaci\u00f3n y perfeccionamiento de los ni\u00f1os y ni\u00f1as de las escuelas de ajedrez de Alc\u00e1zar y Villafranca, pero que tambi\u00e9n tienen cabida ajedrecistas de otros clubes que est\u00e9n interesados en seguir mejorando o conocer m\u00e1s a fondo las t\u00e9cnicas ajedrec\u00edsticas. En esta ocasi\u00f3n se presenta la posibilidad de hacer un grupo de iniciaci\u00f3n partiendo de cero, a trav\u00e9s del programa del \u00abAJEDREZ EN LA ESCUELA\u00bb.&nbsp;<\/span><\/h4>\n<h4>\n<span style=\"color: blue;font-family: Georgia, Times New Roman, serif\"><br \/><\/span><\/h4>\n<h2 style=\"text-align: center\">\n<span style=\"color: blue;font-family: Georgia, Times New Roman, serif\">\u00a1\u00a1OS ESPERAMOS!!<\/span><\/h2>\n<div>\n<span style=\"color: blue;font-family: Georgia, Times New Roman, serif\"><br \/><\/span><\/div>\n<h4>\n<b style=\"color: blue;font-family: Georgia, 'Times New Roman', serif\">En el tr\u00edptico encontrar\u00e9is toda la informaci\u00f3n y os recordamos que pod\u00e9is aclarar cualquier duda escribiendo al correo:<\/b><\/h4>\n<h3 style=\"text-align: center\">\n<span style=\"color: #660000\">felixtoribio@nuestroajedrezeneuropa.com<\/span><\/h3>\n<div>\n<\/div>\n<div class=\"separator\" style=\"clear: both;text-align: center\">\n<a href=\"https:\/\/www.bfv.cloud\/ajedrezeuropa\/wp-content\/uploads\/2016\/07\/EXTERIORTR25C3258DPTICOCAMPUS2016.jpg\" style=\"margin-left: 1em;margin-right: 1em\"><img decoding=\"async\" border=\"0\" height=\"460\" src=\"https:\/\/blogger.googleusercontent.com\/img\/b\/R29vZ2xl\/AVvXsEg0B5AX3evM1EU5JqCuUaEHzaE_A4qKT4LG1GIhH-Ye5SbmtWrE-zMs_YkCKdMdqKcHPFOU51DSA_-D1ByPmnV3aTj44P1ATvMBg_G_Ise8XgRBhAYxfaIgxwpitqJz96J5GBA564bjBfI\/s640\/EXTERIOR+TR%25C3%258DPTICO+CAMPUS+2016.jpg\" width=\"640\" \/><\/a><\/div>\n<p><\/p>\n<div class=\"separator\" style=\"clear: both;text-align: center\">\n<a href=\"https:\/\/www.bfv.cloud\/ajedrezeuropa\/wp-content\/uploads\/2016\/07\/INTERIORTR25C3258DPTICOCAMPUS2016.jpg\" style=\"margin-left: 1em;margin-right: 1em\"><img decoding=\"async\" border=\"0\" height=\"460\" src=\"https:\/\/blogger.googleusercontent.com\/img\/b\/R29vZ2xl\/AVvXsEjlbdEmHHg3rFBZvdOxKdktyR5hf6AY7VDjgwwSlDHFXVXJ1m7WFlmgzJJ4nQsXJEHLFUvIxH0Oz88yzqsjzPL78L_NM6vbKZHPP0y7UxfbAW0JbTioQk9RBCH-1oiN5s4seZilH0r3OgM\/s640\/INTERIOR+TR%25C3%258DPTICO+CAMPUS+2016.jpg\" width=\"640\" \/><\/a><\/div>\n<p><\/p>\n","protected":false},"excerpt":{"rendered":"<p>&nbsp; La pr\u00f3xima semana comienza la inscripci\u00f3n oficial a nuestro campus de verano. Ser\u00e1 la 9\u00aa edici\u00f3n ininterrumpida y volveremos a tener a los grandes entrenadores y preparadores con los que venimos trabajando desde hace a\u00f1os: Ubilava, Herminio, Ana Isabel y los j\u00f3venes monitores formados en nuestras escuelas ya est\u00e1n preparando los contenidos y clases [&hellip;]<\/p>\n","protected":false},"author":1,"featured_media":1971,"comment_status":"open","ping_status":"closed","sticky":false,"template":"","format":"standard","meta":{"footnotes":""},"categories":[1],"tags":[],"class_list":["post-1970","post","type-post","status-publish","format-standard","has-post-thumbnail","hentry","category-noticias"],"_links":{"self":[{"href":"https:\/\/www.bfv.cloud\/ajedrezeuropa\/wp-json\/wp\/v2\/posts\/1970","targetHints":{"allow":["GET"]}}],"collection":[{"href":"https:\/\/www.bfv.cloud\/ajedrezeuropa\/wp-json\/wp\/v2\/posts"}],"about":[{"href":"https:\/\/www.bfv.cloud\/ajedrezeuropa\/wp-json\/wp\/v2\/types\/post"}],"author":[{"embeddable":true,"href":"https:\/\/www.bfv.cloud\/ajedrezeuropa\/wp-json\/wp\/v2\/users\/1"}],"replies":[{"embeddable":true,"href":"https:\/\/www.bfv.cloud\/ajedrezeuropa\/wp-json\/wp\/v2\/comments?post=1970"}],"version-history":[{"count":1,"href":"https:\/\/www.bfv.cloud\/ajedrezeuropa\/wp-json\/wp\/v2\/posts\/1970\/revisions"}],"predecessor-version":[{"id":1974,"href":"https:\/\/www.bfv.cloud\/ajedrezeuropa\/wp-json\/wp\/v2\/posts\/1970\/revisions\/1974"}],"wp:featuredmedia":[{"embeddable":true,"href":"https:\/\/www.bfv.cloud\/ajedrezeuropa\/wp-json\/wp\/v2\/media\/1971"}],"wp:attachment":[{"href":"https:\/\/www.bfv.cloud\/ajedrezeuropa\/wp-json\/wp\/v2\/media?parent=1970"}],"wp:term":[{"taxonomy":"category","embeddable":true,"href":"https:\/\/www.bfv.cloud\/ajedrezeuropa\/wp-json\/wp\/v2\/categories?post=1970"},{"taxonomy":"post_tag","embeddable":true,"href":"https:\/\/www.bfv.cloud\/ajedrezeuropa\/wp-json\/wp\/v2\/tags?post=1970"}],"curies":[{"name":"wp","href":"https:\/\/api.w.org\/{rel}","templated":true}]}}