{"id":1975,"date":"2011-01-23T20:40:00","date_gmt":"2011-01-23T20:40:00","guid":{"rendered":"https:\/\/www.bfv.cloud\/ajedrezeuropa\/index.php\/2011\/01\/23\/campeonato-por-equipos-sub-16-de-ciudad-real\/"},"modified":"2025-11-20T10:40:44","modified_gmt":"2025-11-20T10:40:44","slug":"campeonato-por-equipos-sub-16-de-ciudad-real","status":"publish","type":"post","link":"https:\/\/www.bfv.cloud\/ajedrezeuropa\/campeonato-por-equipos-sub-16-de-ciudad-real\/","title":{"rendered":"CAMPEONATO POR EQUIPOS SUB-16 DE CIUDAD REAL"},"content":{"rendered":"<table cellpadding=\"0\" cellspacing=\"0\" class=\"tr-caption-container\" style=\"float: left;margin-right: 1em;text-align: left\">\n<tbody>\n<tr>\n<td style=\"text-align: center\"><a href=\"https:\/\/www.bfv.cloud\/ajedrezeuropa\/wp-content\/uploads\/2011\/01\/fotos2011005.jpg\" style=\"clear: left;margin-bottom: 1em;margin-left: auto;margin-right: auto\"><img fetchpriority=\"high\" decoding=\"async\" border=\"0\" height=\"240\" src=\"https:\/\/blogger.googleusercontent.com\/img\/b\/R29vZ2xl\/AVvXsEhpKvdDeMq69BHaRChw0nhXj2oFJamV621E5fr57WM7nsSw9AebGeei5hYSq-hfuxTN9nD0_7UH_jlkXdlgbJdr2T-lkz0WcMiXv47RYIPNa1IcKeS2U_PhRxm7M1aNdoC0DyiiPsZko5E\/s320\/fotos+2011+005.jpg\" width=\"320\" \/><\/a><\/td>\n<\/tr>\n<tr>\n<td class=\"tr-caption\" style=\"text-align: center\">Enrique, Jos\u00e9 \u00c1ngel, Cosimo y Javier son 4 de los 6 integrantes de <br \/>\nnuestro equipo. Adem\u00e1s participan Manuel&nbsp; y Samuel <\/td>\n<\/tr>\n<\/tbody>\n<\/table>\n<p><span style=\"font-family: Verdana, sans-serif\">En la tarde del pr\u00f3ximo s\u00e1bado se jugar\u00e1 en Ciudad Real la 3\u00aa jornada de la \u00abIV Liga Provincial de Equipos sub-16\u00bb. Nuestro equipo de la escuela de Alc\u00e1zar se enfrentar\u00e1 con el del Club de Almagro, jugando con blancas en los tableros 1 y 3, que estar\u00e1n defendidos por Jos\u00e9 \u00c1ngel Vela y Cosimo De Giorgi, y con negras en los tableros 2 y 4, con Manuel Marcos-Alberca y Javier Valdepe\u00f1as al frente. El Club de Ajedrez Almagro tiene uno de los equipos m\u00e1s fuertes del campeonato, pero conf\u00edamos en la buena preparaci\u00f3n y s\u00f3lida estrategia de nuestros chicos para&nbsp;continuar encabezando la clasificaci\u00f3n provisional. Os facilitamos el enlace con la p\u00e1gina de chess-results para tener informaci\u00f3n actualizada durante la ronda: <\/span><br \/>\n<span style=\"font-family: Verdana, sans-serif\"><a href=\"http:\/\/chess-results.com\/tnr43219.aspx?art=46&amp;lan=2&amp;turdet=YES&amp;m=-1&amp;wi=1000\">http:\/\/chess-results.com\/tnr43219.aspx?art=46&amp;lan=2&amp;turdet=YES&amp;m=-1&amp;wi=1000<\/a><\/span><\/p>\n","protected":false},"excerpt":{"rendered":"<p>Enrique, Jos\u00e9 \u00c1ngel, Cosimo y Javier son 4 de los 6 integrantes de nuestro equipo. Adem\u00e1s participan Manuel&nbsp; y Samuel En la tarde del pr\u00f3ximo s\u00e1bado se jugar\u00e1 en Ciudad Real la 3\u00aa jornada de la \u00abIV Liga Provincial de Equipos sub-16\u00bb. Nuestro equipo de la escuela de Alc\u00e1zar se enfrentar\u00e1 con el del Club [&hellip;]<\/p>\n","protected":false},"author":1,"featured_media":1976,"comment_status":"open","ping_status":"closed","sticky":false,"template":"","format":"standard","meta":{"footnotes":""},"categories":[1],"tags":[],"class_list":["post-1975","post","type-post","status-publish","format-standard","has-post-thumbnail","hentry","category-noticias"],"_links":{"self":[{"href":"https:\/\/www.bfv.cloud\/ajedrezeuropa\/wp-json\/wp\/v2\/posts\/1975","targetHints":{"allow":["GET"]}}],"collection":[{"href":"https:\/\/www.bfv.cloud\/ajedrezeuropa\/wp-json\/wp\/v2\/posts"}],"about":[{"href":"https:\/\/www.bfv.cloud\/ajedrezeuropa\/wp-json\/wp\/v2\/types\/post"}],"author":[{"embeddable":true,"href":"https:\/\/www.bfv.cloud\/ajedrezeuropa\/wp-json\/wp\/v2\/users\/1"}],"replies":[{"embeddable":true,"href":"https:\/\/www.bfv.cloud\/ajedrezeuropa\/wp-json\/wp\/v2\/comments?post=1975"}],"version-history":[{"count":1,"href":"https:\/\/www.bfv.cloud\/ajedrezeuropa\/wp-json\/wp\/v2\/posts\/1975\/revisions"}],"predecessor-version":[{"id":1977,"href":"https:\/\/www.bfv.cloud\/ajedrezeuropa\/wp-json\/wp\/v2\/posts\/1975\/revisions\/1977"}],"wp:featuredmedia":[{"embeddable":true,"href":"https:\/\/www.bfv.cloud\/ajedrezeuropa\/wp-json\/wp\/v2\/media\/1976"}],"wp:attachment":[{"href":"https:\/\/www.bfv.cloud\/ajedrezeuropa\/wp-json\/wp\/v2\/media?parent=1975"}],"wp:term":[{"taxonomy":"category","embeddable":true,"href":"https:\/\/www.bfv.cloud\/ajedrezeuropa\/wp-json\/wp\/v2\/categories?post=1975"},{"taxonomy":"post_tag","embeddable":true,"href":"https:\/\/www.bfv.cloud\/ajedrezeuropa\/wp-json\/wp\/v2\/tags?post=1975"}],"curies":[{"name":"wp","href":"https:\/\/api.w.org\/{rel}","templated":true}]}}