{"id":1978,"date":"2014-12-01T15:56:00","date_gmt":"2014-12-01T15:56:00","guid":{"rendered":"https:\/\/www.bfv.cloud\/ajedrezeuropa\/index.php\/2014\/12\/01\/nuestro-ajedrez-en-europa-sigue-liderando-la-1a-division-de-toledo\/"},"modified":"2025-11-20T10:40:56","modified_gmt":"2025-11-20T10:40:56","slug":"nuestro-ajedrez-en-europa-sigue-liderando-la-1a-division-de-toledo","status":"publish","type":"post","link":"https:\/\/www.bfv.cloud\/ajedrezeuropa\/nuestro-ajedrez-en-europa-sigue-liderando-la-1a-division-de-toledo\/","title":{"rendered":"NUESTRO AJEDREZ EN EUROPA SIGUE LIDERANDO LA 1\u00aa DIVISI\u00d3N DE TOLEDO"},"content":{"rendered":"<table cellpadding=\"0\" cellspacing=\"0\" class=\"tr-caption-container\" style=\"float: left;margin-right: 1em;text-align: left\">\n<tbody>\n<tr>\n<td style=\"text-align: center\"><a href=\"https:\/\/www.bfv.cloud\/ajedrezeuropa\/wp-content\/uploads\/2014\/12\/SAM_1228.jpg\" style=\"clear: left;margin-bottom: 1em;margin-left: auto;margin-right: auto\"><img fetchpriority=\"high\" decoding=\"async\" border=\"0\" src=\"https:\/\/www.bfv.cloud\/ajedrezeuropa\/wp-content\/uploads\/2014\/12\/SAM_1228.jpg\" height=\"271\" width=\"400\" \/><\/a><\/td>\n<\/tr>\n<tr>\n<td class=\"tr-caption\" style=\"text-align: center\">\u00abEUROPA-A\u00bb durante la 3\u00aa jornada&nbsp;<\/td>\n<\/tr>\n<\/tbody>\n<\/table>\n<h3>\n<span style=\"color: #274e13;font-family: Courier New, Courier, monospace\"><u>UN LIDERAZGO MERECIDO<\/u>&nbsp;&nbsp;<\/span><\/h3>\n<p><b style=\"color: #274e13;font-family: 'Courier New', Courier, monospace\">Finalizada la 3\u00aa jornada del Campeonato Provincial por Equipos de 1\u00aa divisi\u00f3n de Toledo, el equipo de \u00abNUESTRO AJEDREZ EN EUROPA-A\u00bb contin\u00faa al frente de la clasificaci\u00f3n con 17 puntos. A falta de una sola ronda, la que se jugar\u00e1 el domingo 14 de diciembre por la ma\u00f1ana, aventajan en un punto del primer desempate al 2\u00ba clasificado.<\/b><br \/>\n<b style=\"color: #274e13;font-family: 'Courier New', Courier, monospace\"><br \/><\/b><br \/>\n<\/p>\n<table cellpadding=\"0\" cellspacing=\"0\" class=\"tr-caption-container\" style=\"float: right;margin-left: 1em;text-align: right\">\n<tbody>\n<tr>\n<td style=\"text-align: center\"><a href=\"https:\/\/www.bfv.cloud\/ajedrezeuropa\/wp-content\/uploads\/2014\/12\/SAM_1229.jpg\" style=\"clear: right;margin-bottom: 1em;margin-left: auto;margin-right: auto\"><img decoding=\"async\" border=\"0\" src=\"https:\/\/www.bfv.cloud\/ajedrezeuropa\/wp-content\/uploads\/2014\/12\/SAM_1229.jpg\" height=\"290\" width=\"400\" \/><\/a><\/td>\n<\/tr>\n<tr>\n<td class=\"tr-caption\" style=\"text-align: center\">El equipo m\u00e1s joven del provincial por equipos de 1\u00aa divisi\u00f3n,<br \/>\n\u00abNUESTRO AJEDREZ POR LA IGUALDAD C\u00bb<\/td>\n<\/tr>\n<\/tbody>\n<\/table>\n<h3>\n<b style=\"color: #274e13;font-family: 'Courier New', Courier, monospace\"><u>LOS PUESTOS DE HONOR A\u00daN POR DEFINIR<\/u>&nbsp; &nbsp; &nbsp;<\/b><\/h3>\n<p><b style=\"color: #274e13;font-family: 'Courier New', Courier, monospace\">A esta 7\u00aa ronda, que les enfrentar\u00e1 con \u00abIGUALDAD-B\u00bb, llegan con la necesidad de ganar todas sus partidas si quieren depender \u00fanicamente de sus propios resultados.&nbsp;<\/b><br \/>\n<span style=\"color: #274e13;font-family: Courier New, Courier, monospace\"><b>El emparejamiento final de la competici\u00f3n ajedrec\u00edstica anual m\u00e1s importante del calendario toledano ha deparado algunos duelos muy interesantes: Coordinadora de Toledo A &#8211; Nuestro Ajedrez en Europa B o Bargas A &#8211; TodoM\u00f3vil Talavera, son los m\u00e1s relevantes.<\/b><\/span><\/p>\n<table align=\"center\" cellpadding=\"0\" cellspacing=\"0\" class=\"tr-caption-container\" style=\"margin-left: auto;margin-right: auto;text-align: center\">\n<tbody>\n<tr>\n<td style=\"text-align: center\"><a href=\"https:\/\/www.bfv.cloud\/ajedrezeuropa\/wp-content\/uploads\/2014\/12\/SAM_1227.jpg\" style=\"margin-left: auto;margin-right: auto\"><img decoding=\"async\" border=\"0\" src=\"https:\/\/www.bfv.cloud\/ajedrezeuropa\/wp-content\/uploads\/2014\/12\/SAM_1227.jpg\" height=\"400\" width=\"335\" \/><\/a><\/td>\n<\/tr>\n<tr>\n<td class=\"tr-caption\" style=\"text-align: center\">El equipo \u00abB\u00bb de \u00abNUESTRO AJEDREZ EN EUROPA\u00bb<br \/>\nen la ronda de la ma\u00f1ana del domingo<\/td>\n<\/tr>\n<\/tbody>\n<\/table>\n<p>&nbsp;<span style=\"color: #274e13;font-family: Courier New, Courier, monospace\"><b>A esta 7\u00aa ronda llegan 3 equipos con opciones reales de luchar por el t\u00edtulo provincial, seg\u00fan puede verse en el siguiente cuadro clasificatorio despu\u00e9s de la 6\u00aa ronda.&nbsp;<\/b><\/span><br \/>\n<span style=\"color: #274e13;font-family: Courier New, Courier, monospace\"><b>Con los 4 equipos de nuestro proyecto disput\u00e1ndose su clasificaci\u00f3n definitiva en esta 1\u00aa divisi\u00f3n, el domingo 14 de diciembre promete ser una gran jornada para las aspiraciones de cada uno de ellos. \u00a1\u00a1\u00c1nimo y buen juego a todos!!<\/b><\/span><\/p>\n<div class=\"separator\" style=\"clear: both;text-align: center\">\n<a href=\"https:\/\/www.bfv.cloud\/ajedrezeuropa\/wp-content\/uploads\/2014\/12\/image-1.jpg\" style=\"margin-left: 1em;margin-right: 1em\"><img loading=\"lazy\" decoding=\"async\" border=\"0\" src=\"https:\/\/www.bfv.cloud\/ajedrezeuropa\/wp-content\/uploads\/2014\/12\/image-1.jpg\" height=\"292\" width=\"640\" \/><\/a><\/div>\n<p><\/p>\n<div class=\"separator\" style=\"clear: both;text-align: center\">\n<a href=\"https:\/\/www.bfv.cloud\/ajedrezeuropa\/wp-content\/uploads\/2014\/12\/empequiposr-71C2AA.jpg\" style=\"margin-left: 1em;margin-right: 1em\"><img loading=\"lazy\" decoding=\"async\" border=\"0\" src=\"https:\/\/www.bfv.cloud\/ajedrezeuropa\/wp-content\/uploads\/2014\/12\/empequiposr-71C2AA.jpg\" height=\"216\" width=\"640\" \/><\/a><\/div>\n<h4 style=\"text-align: center\">\n<br \/><\/h4>\n<h4 style=\"text-align: center\">\n&nbsp;<span style=\"color: #660000;font-family: Courier New, Courier, monospace\"><u>EL CAMPEONATO DE PROMOCI\u00d3N DEPORTIVA ALCANZA SU 4\u00aa RONDA<\/u><\/span><\/h4>\n<table cellpadding=\"0\" cellspacing=\"0\" class=\"tr-caption-container\" style=\"float: left;margin-right: 1em;text-align: left\">\n<tbody>\n<tr>\n<td style=\"text-align: center\"><a href=\"https:\/\/www.bfv.cloud\/ajedrezeuropa\/wp-content\/uploads\/2014\/12\/SAM_1224.jpg\" style=\"clear: left;margin-bottom: 1em;margin-left: auto;margin-right: auto\"><img loading=\"lazy\" decoding=\"async\" border=\"0\" src=\"https:\/\/www.bfv.cloud\/ajedrezeuropa\/wp-content\/uploads\/2014\/12\/SAM_1224.jpg\" height=\"245\" width=\"400\" \/><\/a><\/td>\n<\/tr>\n<tr>\n<td class=\"tr-caption\" style=\"text-align: center\">Una imagen de la sala de juego del Campeonato de Promoci\u00f3n<br \/>\ncon las chicos y chicos de la \u00abIGUALDAD C\u00bb en primer plano<\/td>\n<\/tr>\n<\/tbody>\n<\/table>\n<p>&nbsp;<span style=\"color: #660000;font-family: Courier New, Courier, monospace\"><b>El mismo domingo 14 de diciembre tambi\u00e9n finalizar\u00e1 el Campeonato de Promoci\u00f3n Deportiva de Toledo donde han participado 12 formaciones de varios clubes y escuelas de la provincia. Esta competici\u00f3n concluir\u00e1 con una doble ronda, la 5\u00aa y la 6\u00aa, para proclamar al campe\u00f3n y subcampe\u00f3n de esta categor\u00eda. Despu\u00e9s de la 4\u00aa ronda, \u00abNUESTRO AJEDREZ EN EUROPA C\u00bb, alcanza la 2\u00aa plaza con 6 puntos de encuentro y 11 de partidas, lo que le permite optar al primer puesto. Mientras, el equipo \u00abC\u00bb de \u00abNUESTRO AJEDREZ POR LA IGUALDAD\u00bb se sit\u00faa en la 9\u00aa posici\u00f3n, aunque en una&nbsp;<\/b><\/span><b style=\"color: #660000;font-family: 'Courier New', Courier, monospace\">clasificaci\u00f3n<\/b><\/p>\n<table cellpadding=\"0\" cellspacing=\"0\" class=\"tr-caption-container\" style=\"float: left;margin-right: 1em;text-align: left\">\n<tbody>\n<tr>\n<td style=\"text-align: center\"><a href=\"https:\/\/www.bfv.cloud\/ajedrezeuropa\/wp-content\/uploads\/2014\/12\/SAM_1225.jpg\" style=\"clear: left;margin-bottom: 1em;margin-left: auto;margin-right: auto\"><img loading=\"lazy\" decoding=\"async\" border=\"0\" src=\"https:\/\/www.bfv.cloud\/ajedrezeuropa\/wp-content\/uploads\/2014\/12\/SAM_1225.jpg\" height=\"338\" width=\"400\" \/><\/a><\/td>\n<\/tr>\n<tr>\n<td class=\"tr-caption\" style=\"text-align: center\">En la 2\u00aa posici\u00f3n del Campeonato de Promoci\u00f3n se sit\u00faa<br \/>\nel tercer equipo de \u00abEUROPA\u00bb<\/td>\n<\/tr>\n<\/tbody>\n<\/table>\n<p><span style=\"color: #660000;font-family: Courier New, Courier, monospace\"><b>con pocas diferencias todav\u00eda todo es posible.&nbsp;<\/b><\/span><\/p>\n<h3>\n<span style=\"color: #660000;font-family: Courier New, Courier, monospace\"><b><u>UNA REALIDAD POR ASUMIR<\/u><\/b><\/span><\/h3>\n<p><span style=\"color: #660000;font-family: Courier New, Courier, monospace\"><b>Lo que s\u00ed nos parece necesario pedir a los organizadores y participantes es un poco de seriedad en cuanto a la presencia de jugadores. No es de recibo que nosotros desplacemos semanalmente a m\u00e1s de 25 ajedrecistas desde distintos pueblos y ciudades de las provincias de Toledo y Ciudad Real, muy alejados de la capital regional algunos de ellos, sin que se produzcan bajas en las alineaciones de los equipos, y sean los clubes de la propia ciudad sede de estos campeonatos y de las poblaciones de alrededor los que no presenten completos todos sus tableros. Es tan sencillo como que algunos parecen no sentirse con capacidad para completar con jugadores los distintos equipos con los que se han inscrito, y basta decirles que la soluci\u00f3n pasa por adecuar sus participantes a la realidad de sus clubes o escuelas.De nada vale aparecer con un suced\u00e1neo de abecedario de equipos cuando no se tienen jugadores para completar todos los tableros. No es de recibo que algunos de nuestros chicos y chicas de menor edad tengan que levantarse a las 8 de ma\u00f1ana para terminar jugando partidas amistosas con compa\u00f1eros de escuela.<\/b><\/span><\/p>\n<div class=\"separator\" style=\"clear: both;text-align: center\">\n<a href=\"https:\/\/www.bfv.cloud\/ajedrezeuropa\/wp-content\/uploads\/2014\/12\/PROMOimage-1.jpg\" style=\"margin-left: 1em;margin-right: 1em\"><img loading=\"lazy\" decoding=\"async\" border=\"0\" src=\"https:\/\/www.bfv.cloud\/ajedrezeuropa\/wp-content\/uploads\/2014\/12\/PROMOimage-1.jpg\" height=\"268\" width=\"640\" \/><\/a><\/div>\n<div class=\"separator\" style=\"clear: both;text-align: center\">\n<a href=\"https:\/\/www.bfv.cloud\/ajedrezeuropa\/wp-content\/uploads\/2014\/12\/empequiposr-5promo.jpg\" style=\"margin-left: 1em;margin-right: 1em\"><img loading=\"lazy\" decoding=\"async\" border=\"0\" src=\"https:\/\/www.bfv.cloud\/ajedrezeuropa\/wp-content\/uploads\/2014\/12\/empequiposr-5promo.jpg\" height=\"172\" width=\"640\" \/><\/a><\/div>\n","protected":false},"excerpt":{"rendered":"<p>\u00abEUROPA-A\u00bb durante la 3\u00aa jornada&nbsp; UN LIDERAZGO MERECIDO&nbsp;&nbsp; Finalizada la 3\u00aa jornada del Campeonato Provincial por Equipos de 1\u00aa divisi\u00f3n de Toledo, el equipo de \u00abNUESTRO AJEDREZ EN EUROPA-A\u00bb contin\u00faa al frente de la clasificaci\u00f3n con 17 puntos. A falta de una sola ronda, la que se jugar\u00e1 el domingo 14 de diciembre por la [&hellip;]<\/p>\n","protected":false},"author":1,"featured_media":1979,"comment_status":"open","ping_status":"closed","sticky":false,"template":"","format":"standard","meta":{"footnotes":""},"categories":[1],"tags":[],"class_list":["post-1978","post","type-post","status-publish","format-standard","has-post-thumbnail","hentry","category-noticias"],"_links":{"self":[{"href":"https:\/\/www.bfv.cloud\/ajedrezeuropa\/wp-json\/wp\/v2\/posts\/1978","targetHints":{"allow":["GET"]}}],"collection":[{"href":"https:\/\/www.bfv.cloud\/ajedrezeuropa\/wp-json\/wp\/v2\/posts"}],"about":[{"href":"https:\/\/www.bfv.cloud\/ajedrezeuropa\/wp-json\/wp\/v2\/types\/post"}],"author":[{"embeddable":true,"href":"https:\/\/www.bfv.cloud\/ajedrezeuropa\/wp-json\/wp\/v2\/users\/1"}],"replies":[{"embeddable":true,"href":"https:\/\/www.bfv.cloud\/ajedrezeuropa\/wp-json\/wp\/v2\/comments?post=1978"}],"version-history":[{"count":1,"href":"https:\/\/www.bfv.cloud\/ajedrezeuropa\/wp-json\/wp\/v2\/posts\/1978\/revisions"}],"predecessor-version":[{"id":1988,"href":"https:\/\/www.bfv.cloud\/ajedrezeuropa\/wp-json\/wp\/v2\/posts\/1978\/revisions\/1988"}],"wp:featuredmedia":[{"embeddable":true,"href":"https:\/\/www.bfv.cloud\/ajedrezeuropa\/wp-json\/wp\/v2\/media\/1979"}],"wp:attachment":[{"href":"https:\/\/www.bfv.cloud\/ajedrezeuropa\/wp-json\/wp\/v2\/media?parent=1978"}],"wp:term":[{"taxonomy":"category","embeddable":true,"href":"https:\/\/www.bfv.cloud\/ajedrezeuropa\/wp-json\/wp\/v2\/categories?post=1978"},{"taxonomy":"post_tag","embeddable":true,"href":"https:\/\/www.bfv.cloud\/ajedrezeuropa\/wp-json\/wp\/v2\/tags?post=1978"}],"curies":[{"name":"wp","href":"https:\/\/api.w.org\/{rel}","templated":true}]}}