{"id":1989,"date":"2014-09-16T21:35:00","date_gmt":"2014-09-16T21:35:00","guid":{"rendered":"https:\/\/www.bfv.cloud\/ajedrezeuropa\/index.php\/2014\/09\/16\/en-la-apertura-de-una-nueva-temporada\/"},"modified":"2025-11-20T10:40:57","modified_gmt":"2025-11-20T10:40:57","slug":"en-la-apertura-de-una-nueva-temporada","status":"publish","type":"post","link":"https:\/\/www.bfv.cloud\/ajedrezeuropa\/en-la-apertura-de-una-nueva-temporada\/","title":{"rendered":"EN LA APERTURA DE UNA NUEVA TEMPORADA"},"content":{"rendered":"<div class=\"separator\" style=\"clear: both;text-align: center\">\n<a href=\"https:\/\/www.bfv.cloud\/ajedrezeuropa\/wp-content\/uploads\/2014\/09\/cartelinicioclases2014condirecciC3B3npC3A1ginaweb.jpg\" style=\"clear: right;float: right;margin-bottom: 1em;margin-left: 1em\"><img fetchpriority=\"high\" decoding=\"async\" border=\"0\" src=\"https:\/\/www.bfv.cloud\/ajedrezeuropa\/wp-content\/uploads\/2014\/09\/cartelinicioclases2014condirecciC3B3npC3A1ginaweb.jpg\" height=\"640\" width=\"452\" \/><\/a><\/div>\n<div class=\"MsoNormal\" style=\"text-align: justify\">\n<b><u><span style=\"font-family: Trebuchet MS, sans-serif\">Las escuelas ante el 2015<\/span><\/u><\/b><\/div>\n<div class=\"MsoNormal\" style=\"text-align: justify\">\n<span style=\"font-family: Trebuchet MS, sans-serif\"><b>En breve<br \/>\ndar\u00e1 comienzo la temporada 2014\/2015 en las escuelas deportivas municipales de<br \/>\najedrez de Alc\u00e1zar y Villafranca. El s\u00e1bado 27 de septiembre ser\u00e1 el d\u00eda de<br \/>\ninicio de las clases, con los horarios que figuran en el cartel que acompa\u00f1a<br \/>\nesta informaci\u00f3n. El plazo de inscripciones para ambas escuelas ya est\u00e1<br \/>\nabierto, admitiendo&nbsp; a chicos y chicas<br \/>\ndesde los 5 a\u00f1os de edad hasta los 18. Se facilitar\u00e1n todos los datos en<br \/>\nlas reuniones programadas con los padres y madres de alumnos que se<br \/>\ndesarrollar\u00e1n conforme al siguiente calendario:<\/b><\/span><\/div>\n<div align=\"center\" class=\"MsoBodyText\" style=\"text-align: center\">\n<b><span style=\"color: blue\"><span style=\"font-family: Trebuchet MS, sans-serif\">Alc\u00e1zar de San Juan: domingo 28 de septiembre, a las 12 de<br \/>\nla ma\u00f1ana, en el local de la escuela de ajedrez de la calle Independencia.<\/span><\/span><\/b><\/div>\n<div align=\"center\" class=\"MsoBodyText\" style=\"text-align: center\">\n<b><span style=\"color: blue\"><span style=\"font-family: Trebuchet MS, sans-serif\">Villafranca de los Caballeros: s\u00e1bado 4 de octubre, a las 8<br \/>\nde la tarde, en el aula del ajedrez de la casa de la cultura.<\/span><\/span><\/b><\/div>\n<div class=\"MsoBodyText\">\n<\/div>\n<div class=\"MsoBodyText\">\n<span style=\"font-family: Trebuchet MS, sans-serif\"><b>&nbsp;&nbsp;&nbsp;&nbsp;&nbsp;&nbsp;&nbsp;&nbsp;&nbsp;&nbsp;&nbsp; <u>Nuevos<br \/>\nretos para el proyecto<\/u><\/b><\/span><\/div>\n<div class=\"MsoBodyText\">\n<span style=\"font-family: Trebuchet MS, sans-serif\"><b>&nbsp; &nbsp; &nbsp; &nbsp; &nbsp; &nbsp;Para este<br \/>\nnuevo periodo tenemos previstas algunas iniciativas que redundar\u00e1n en beneficio<br \/>\nde la capacidad formativa y divulgativa del ajedrez en edad escolar, junto a<br \/>\notros novedosos proyectos de extensi\u00f3n de su aprendizaje a grupos de adultos y<br \/>\nmayores. Todo el potencial de la utilizaci\u00f3n del ajedrez como herramienta<br \/>\neducativa, terap\u00e9utica y socializadora est\u00e1 a\u00fan por venir en Castilla-La<br \/>\nMancha.<\/b><\/span><\/div>\n<div class=\"MsoBodyText\">\n<\/div>\n<div class=\"MsoBodyText\">\n<span style=\"font-family: Trebuchet MS, sans-serif\"><b>&nbsp;&nbsp;&nbsp;&nbsp;&nbsp;&nbsp;&nbsp;&nbsp;&nbsp;&nbsp;&nbsp; <u>Las<br \/>\ncompeticiones deportivas<\/u><\/b><\/span><\/div>\n<div class=\"MsoBodyText\">\n<span style=\"font-family: Trebuchet MS, sans-serif\"><b>&nbsp;&nbsp;&nbsp;&nbsp;&nbsp;&nbsp;&nbsp;&nbsp;&nbsp;&nbsp;&nbsp; En el<br \/>\nterreno de las competiciones de ajedrez tambi\u00e9n se abren perspectivas muy<br \/>\ndiferentes a las de otras temporadas. De hecho, empezando por los campeonatos<br \/>\npor equipos, es conocido que varios clubes de la regi\u00f3n preparan algunos<br \/>\ncambios importantes en sus formaciones de la categor\u00eda absoluta, aunque todav\u00eda<br \/>\nno est\u00e1n totalmente definidos los jugadores que incorporar\u00e1n. Esta situaci\u00f3n<br \/>\ncambiante puede alterar notablemente los objetivos de muchos clubes de<br \/>\nCastilla-La Mancha, y como consecuencia hacer variar los criterios que segu\u00edan<br \/>\nen la elaboraci\u00f3n de sus equipos.<\/b><\/span><\/div>\n<div class=\"MsoBodyText\">\n<span style=\"font-family: Trebuchet MS, sans-serif\"><b>&nbsp;&nbsp;&nbsp;&nbsp;&nbsp;&nbsp;&nbsp;&nbsp;&nbsp;&nbsp;&nbsp; La<br \/>\nsituaci\u00f3n en los equipos de la categor\u00eda sub-16 de la regi\u00f3n aportar\u00e1 muchas<br \/>\nnovedades para 2015. Atendiendo, exclusivamente, a la evoluci\u00f3n que se ha<br \/>\nproducido en nuestros propios clubes, debemos admitir que el proceso de<br \/>\nrenovaci\u00f3n constante al que se han visto sometidos desde 2011, siendo<br \/>\ninevitable, nos ha ofrecido la oportunidad de trabajar a fondo la preparaci\u00f3n<br \/>\nde los chicos y chicas que gradualmente han ido sustituyendo a las generaciones<br \/>\nque superaban la edad de 16 a\u00f1os. Una experiencia que ha resultado muy positiva<br \/>\npara todos y que a corto plazo se ver\u00e1 enriquecida con la llegada de alg\u00fan<br \/>\njoven ajedrecista de gran proyecci\u00f3n internacional, que compartir\u00e1 preparaci\u00f3n<br \/>\ny objetivos con los jugadores de nuestros equipos sub-16. Esta ambiciosa fase<br \/>\ndel proyecto \u201cNuestro Ajedrez en Europa\u201d quiere cumplir diferentes misiones. En<br \/>\nla primera fase, que ahora comienza, se realizar\u00e1n intercambios de experiencias<br \/>\ncon chicos y chicas de escuelas o clubes con gran implantaci\u00f3n en el mundo del<br \/>\najedrez.<\/b><\/span><\/div>\n<div class=\"MsoBodyText\">\n<b><span style=\"font-family: 'Trebuchet MS', sans-serif\">&nbsp; &nbsp; &nbsp; &nbsp; &nbsp; &nbsp; &nbsp; &nbsp;<\/span><span style=\"font-family: 'Trebuchet MS', sans-serif\">Una<br \/>\nconsecuencia de este programa de colaboraci\u00f3n va a ser la presencia en la<br \/>\ncompetici\u00f3n internacional de un peque\u00f1o grupo de chicos y chicas. El premio a<br \/>\nlos que mejor y m\u00e1s trabajen es uno de los objetivos que tambi\u00e9n nos hemos<br \/>\nplanteado dentro de los torneos y campeonatos individuales celebrados en<br \/>\nEuropa.&nbsp;<\/span><\/b><\/div>\n","protected":false},"excerpt":{"rendered":"<p>Las escuelas ante el 2015 En breve dar\u00e1 comienzo la temporada 2014\/2015 en las escuelas deportivas municipales de ajedrez de Alc\u00e1zar y Villafranca. El s\u00e1bado 27 de septiembre ser\u00e1 el d\u00eda de inicio de las clases, con los horarios que figuran en el cartel que acompa\u00f1a esta informaci\u00f3n. El plazo de inscripciones para ambas escuelas [&hellip;]<\/p>\n","protected":false},"author":1,"featured_media":1990,"comment_status":"open","ping_status":"closed","sticky":false,"template":"","format":"standard","meta":{"footnotes":""},"categories":[1],"tags":[],"class_list":["post-1989","post","type-post","status-publish","format-standard","has-post-thumbnail","hentry","category-noticias"],"_links":{"self":[{"href":"https:\/\/www.bfv.cloud\/ajedrezeuropa\/wp-json\/wp\/v2\/posts\/1989","targetHints":{"allow":["GET"]}}],"collection":[{"href":"https:\/\/www.bfv.cloud\/ajedrezeuropa\/wp-json\/wp\/v2\/posts"}],"about":[{"href":"https:\/\/www.bfv.cloud\/ajedrezeuropa\/wp-json\/wp\/v2\/types\/post"}],"author":[{"embeddable":true,"href":"https:\/\/www.bfv.cloud\/ajedrezeuropa\/wp-json\/wp\/v2\/users\/1"}],"replies":[{"embeddable":true,"href":"https:\/\/www.bfv.cloud\/ajedrezeuropa\/wp-json\/wp\/v2\/comments?post=1989"}],"version-history":[{"count":1,"href":"https:\/\/www.bfv.cloud\/ajedrezeuropa\/wp-json\/wp\/v2\/posts\/1989\/revisions"}],"predecessor-version":[{"id":1991,"href":"https:\/\/www.bfv.cloud\/ajedrezeuropa\/wp-json\/wp\/v2\/posts\/1989\/revisions\/1991"}],"wp:featuredmedia":[{"embeddable":true,"href":"https:\/\/www.bfv.cloud\/ajedrezeuropa\/wp-json\/wp\/v2\/media\/1990"}],"wp:attachment":[{"href":"https:\/\/www.bfv.cloud\/ajedrezeuropa\/wp-json\/wp\/v2\/media?parent=1989"}],"wp:term":[{"taxonomy":"category","embeddable":true,"href":"https:\/\/www.bfv.cloud\/ajedrezeuropa\/wp-json\/wp\/v2\/categories?post=1989"},{"taxonomy":"post_tag","embeddable":true,"href":"https:\/\/www.bfv.cloud\/ajedrezeuropa\/wp-json\/wp\/v2\/tags?post=1989"}],"curies":[{"name":"wp","href":"https:\/\/api.w.org\/{rel}","templated":true}]}}