{"id":1992,"date":"2012-12-30T18:49:00","date_gmt":"2012-12-30T18:49:00","guid":{"rendered":"https:\/\/www.bfv.cloud\/ajedrezeuropa\/index.php\/2012\/12\/30\/celebrada-la-5a-edicion-de-la-concentracion-de-navidad\/"},"modified":"2025-11-20T10:41:06","modified_gmt":"2025-11-20T10:41:06","slug":"celebrada-la-5a-edicion-de-la-concentracion-de-navidad","status":"publish","type":"post","link":"https:\/\/www.bfv.cloud\/ajedrezeuropa\/celebrada-la-5a-edicion-de-la-concentracion-de-navidad\/","title":{"rendered":"CELEBRADA LA 5\u00aa EDICI\u00d3N DE LA CONCENTRACI\u00d3N DE NAVIDAD"},"content":{"rendered":"<p>\ufeff <br \/>\n\ufeff\ufeff\ufeff\ufeff\ufeff\ufeff <br \/>\n\ufeff <\/p>\n<table cellpadding=\"0\" cellspacing=\"0\" class=\"tr-caption-container\" style=\"float: right;margin-left: 1em;text-align: right\">\n<tbody>\n<tr>\n<td style=\"text-align: center\"><a href=\"https:\/\/www.bfv.cloud\/ajedrezeuropa\/wp-content\/uploads\/2012\/12\/VCONCENTRACIONDENAVIDAD016.jpg\" style=\"clear: right;margin-bottom: 1em;margin-left: auto;margin-right: auto\"><img fetchpriority=\"high\" decoding=\"async\" border=\"0\" height=\"300\" src=\"https:\/\/blogger.googleusercontent.com\/img\/b\/R29vZ2xl\/AVvXsEjGxg3ChblQujcF2J_CKBY5O1CkK0L2js_SQaoQ0UesvNeEkLSAZ0xjEATafKILdCi1_9pUUMJDQbGW5z4wxoFptoxlNrJmYOJAaa0wfrCuy_JEWYxSznsyq4hayVp6Lm5vqOCLDlRT7Z8\/s400\/V+CONCENTRACION+DE+NAVIDAD+016.jpg\" width=\"400\" \/><\/a><\/td>\n<\/tr>\n<tr>\n<td class=\"tr-caption\" style=\"text-align: center\">Un momento de la rueda de prensa celebrada en el ayto. de <br \/>\nAlc\u00e1zar de San Juan el 28 de diciembre<\/td>\n<\/tr>\n<\/tbody>\n<\/table>\n<p>\ufeff<br \/>\n\ufeff\ufeff\ufeff\ufeff\ufeff\ufeff\ufeff\ufeff\ufeff\ufeff\ufeff\ufeff\ufeff\ufeff\ufeff\ufeff\ufeff <br \/>\n\ufeff\ufeff\ufeff\ufeff <\/p>\n<table cellpadding=\"0\" cellspacing=\"0\" class=\"tr-caption-container\" style=\"clear: right;float: right;margin-bottom: 1em;text-align: right\">\n<tbody>\n<tr>\n<td style=\"text-align: center\">\n<div class=\"separator\" style=\"clear: both;text-align: center\">\n<\/div>\n<div class=\"separator\" style=\"clear: both;text-align: center\">\n<\/div>\n<div class=\"separator\" style=\"clear: both;text-align: center\">\n<object><\/object><\/div>\n<div style=\"border-bottom: medium none;border-left: medium none;border-right: medium none;border-top: medium none\">\n<a href=\"https:\/\/www.bfv.cloud\/ajedrezeuropa\/wp-content\/uploads\/2012\/12\/VCONCENTRACIONDENAVIDAD017.jpg\" style=\"clear: right;margin-bottom: 1em;margin-left: auto;margin-right: auto\"><img decoding=\"async\" border=\"0\" height=\"300\" src=\"https:\/\/blogger.googleusercontent.com\/img\/b\/R29vZ2xl\/AVvXsEin-L3SoBkQWLidr7Vyz9M76ySWuplRqfs5gIz_iEyZPUm2K6FdRjAYqJJNnuUMKLMeJnsQ7J3gJQ0p1-8bEnlNnSNiWlNY8_6SUMnr-3YkuYdMScTLPm0mHj_00YmiAPt1BfjSxt0gHio\/s400\/V+CONCENTRACION+DE+NAVIDAD+017.jpg\" width=\"400\" \/><\/a><\/div>\n<\/td>\n<\/tr>\n<tr>\n<td class=\"tr-caption\" style=\"text-align: center\">Irene, Silvia, Isaac, Leo, Jes\u00fas M\u00aa y Javier, son los actuales componentes<br \/>\ndel equipo sub-16 de Nuestro Ajedrez en Europa<\/td>\n<\/tr>\n<\/tbody>\n<\/table>\n<p>\ufeff\ufeff\ufeff\ufeff<br \/>\n\ufeff\ufeff\ufeff\ufeff\ufeff\ufeff\ufeff\ufeff\ufeff\ufeff\ufeff\ufeff\ufeff\ufeff <\/p>\n<div style=\"border-bottom: medium none;border-left: medium none;border-right: medium none;border-top: medium none\">\n<strong><span style=\"color: #274e13;, sans-serif\">La 5\u00aa Concentraci\u00f3n de Navidad fue clausurada el pasado viernes 28 de diciembre, teniendo como acto principal una rueda de prensa en las dependencias del ayuntamiento de Alc\u00e1zar de San Juan. El teniente de alcalde y concejal de deportes de Alc\u00e1zar, Manuel de la Gu\u00eda, el alcalde de la corporaci\u00f3n de Villafranca, Andr\u00e9s Beldad,&nbsp;junto al&nbsp;concejal de deportes del ayuntamiento toledano, Javier Romo, fueron la representaci\u00f3n institucional que acompa\u00f1aron al actual equipo sub-16 de \u00abNUESTRO AJEDREZ EN EUROPA\u00bb, al entrenador&nbsp;y gran maestro internacional, Herminio Herr\u00e1iz, y al director del proyecto, F\u00e9lix Toribio. Durante la rueda&nbsp;se adelantaron los programas&nbsp;sociales que&nbsp;&nbsp;<\/span><\/strong>\ufeff\ufeff \ufeff\ufeff<\/div>\n<div style=\"border-bottom: medium none;border-left: medium none;border-right: medium none;border-top: medium none\">\n\ufeff <strong><span style=\"color: #274e13;, sans-serif\">van a ponerse&nbsp;en marcha aprovechando la firma de un nuevo convenio de colaboraci\u00f3n&nbsp;entre el club Nuestro Ajedrez en Europa y el I.M.D. de Alc\u00e1zar para la ejecuci\u00f3n de esta importante vertiente del proyecto. La presencia ante los m\u00faltiples medios de comunicaci\u00f3n de los integrantes del equipo sub-16 que ha estado presente en la fase final del Campeonato de Espa\u00f1a, ha simbolizado el apoyo que se presta al perfeccionamiento y tecnificaci\u00f3n de los alumnos y alumnas de las escuelas de ajedrez de Alc\u00e1zar y Villafranca. Por parte de Andr\u00e9s Beldad, alcalde de Villafranca, y Manuel de la Gu\u00eda, concejal de deportes de Alc\u00e1zar, tambi\u00e9n se reiter\u00f3 el inter\u00e9s de las instituciones que representan en apoyar la totalidad del proyecto, tanto en su aspecto formativo y deportivo como en el social, donde muy pronto se concretar\u00e1n las primeras actuaciones a desarrollar, en concreto, en el centro penitenciario alcazare\u00f1o.<\/span><\/strong>\ufeff\ufeff<\/div>\n<div class=\"separator\" style=\"border-bottom: medium none;border-left: medium none;border-right: medium none;border-top: medium none;clear: both;text-align: center\">\n\ufeff <\/div>\n<table align=\"center\" cellpadding=\"0\" cellspacing=\"0\" class=\"tr-caption-container\" style=\"clear: left;float: left;margin-bottom: 1em;margin-right: 1em;text-align: center\">\n<tbody>\n<tr>\n<td style=\"text-align: center\">\n<div style=\"border-bottom: medium none;border-left: medium none;border-right: medium none;border-top: medium none\">\n<a href=\"https:\/\/www.bfv.cloud\/ajedrezeuropa\/wp-content\/uploads\/2012\/12\/VCONCENTRACIONDENAVIDAD007.jpg\" style=\"margin-left: auto;margin-right: auto\"><img decoding=\"async\" border=\"0\" height=\"300\" src=\"https:\/\/blogger.googleusercontent.com\/img\/b\/R29vZ2xl\/AVvXsEhirVy6N0EzACacKtQKysw_nBYk4aC8LWL4gEuATarXCY_nzaA6NGSTaaiC49hwfb1XMheoblC0bRbfWtsm7DhYXlRCPg8qSce5VGE1m29SmMsBMSPEuuKurhwzH3WD0-bHt45llxy0rfk\/s400\/V+CONCENTRACION+DE+NAVIDAD+007.jpg\" width=\"400\" \/><\/a><\/div>\n<\/td>\n<\/tr>\n<tr>\n<td class=\"tr-caption\" style=\"text-align: center\">\n<div style=\"border-bottom: medium none;border-left: medium none;border-right: medium none;border-top: medium none\">\nAna Isabel Gonz\u00e1lez, al frente del grupo de tecnificaci\u00f3n que integraban<\/div>\n<div style=\"border-bottom: medium none;border-left: medium none;border-right: medium none;border-top: medium none\">\nIrene, Silvia, Alba, Samuel, Rub\u00e9n Jos\u00e9 Luis y Raul<\/div>\n<\/td>\n<\/tr>\n<\/tbody>\n<\/table>\n<p>\ufeff<\/p>\n<div class=\"separator\" style=\"border-bottom: medium none;border-left: medium none;border-right: medium none;border-top: medium none;clear: both;text-align: center\">\n<\/div>\n<table align=\"center\" cellpadding=\"0\" cellspacing=\"0\" class=\"tr-caption-container\" style=\"clear: left;float: left;margin-bottom: 1em;margin-right: 1em;text-align: center\">\n<tbody>\n<tr>\n<td style=\"text-align: center\"><a href=\"https:\/\/www.bfv.cloud\/ajedrezeuropa\/wp-content\/uploads\/2012\/12\/VCONCENTRACIONDENAVIDAD009.jpg\" style=\"margin-left: auto;margin-right: auto\"><img loading=\"lazy\" decoding=\"async\" border=\"0\" height=\"300\" src=\"https:\/\/blogger.googleusercontent.com\/img\/b\/R29vZ2xl\/AVvXsEgTrhN17BWgbGWxRb06rzSiKxNor_XAwJqQyypzWA85ijnM2OqA_GfHDwljhD2AjqhoJPx2GEf8aA8-Lm7PJCwZIV9U_BExHFgvdO7nblh59nQYmjypidxeB-a6r7nPRLBMghsfEKzfoVc\/s400\/V+CONCENTRACION+DE+NAVIDAD+009.jpg\" width=\"400\" \/><\/a><\/td>\n<\/tr>\n<tr>\n<td class=\"tr-caption\" style=\"text-align: center\">Uno de los grupos de tecnificaci\u00f3n de Herminio Herr\u00e1iz tuvo como<br \/>\nalumnos a Isaac, Jes\u00fas M\u00aa, Javier, Enrique, Leo y Daniel<\/td>\n<\/tr>\n<\/tbody>\n<\/table>\n<div class=\"separator\" style=\"border-bottom: medium none;border-left: medium none;border-right: medium none;border-top: medium none;clear: both;text-align: center\">\n<\/div>\n<table align=\"center\" cellpadding=\"0\" cellspacing=\"0\" class=\"tr-caption-container\" style=\"clear: left;float: left;margin-bottom: 1em;margin-right: 1em;text-align: center\">\n<tbody>\n<tr>\n<td style=\"text-align: center\"><a href=\"https:\/\/www.bfv.cloud\/ajedrezeuropa\/wp-content\/uploads\/2012\/12\/VCONCENTRACIONDENAVIDAD005.jpg\" style=\"margin-left: auto;margin-right: auto\"><img loading=\"lazy\" decoding=\"async\" border=\"0\" height=\"300\" src=\"https:\/\/blogger.googleusercontent.com\/img\/b\/R29vZ2xl\/AVvXsEj44nMoBbRMO-HuG2cr3f9AXTB0KZ7wAEnQdYyMGtT_q3eqd3CTZMoSb4949ZbOuiOrWKrVtcKT8c5O3ilzm5kbnCOsmNlnl-eUjZTjqN1rAJJxcMJkWbmUj-cU-OgUafzidPkaUutKVyg\/s400\/V+CONCENTRACION+DE+NAVIDAD+005.jpg\" width=\"400\" \/><\/a><\/td>\n<\/tr>\n<tr>\n<td class=\"tr-caption\" style=\"text-align: center\">Otro grupo de iniciaci\u00f3n con Isabel, Mar\u00eda, \u00d3scar, Arturo e Isabel<br \/>\nen la fotograf\u00eda<\/td>\n<\/tr>\n<\/tbody>\n<\/table>\n<div class=\"separator\" style=\"border-bottom: medium none;border-left: medium none;border-right: medium none;border-top: medium none;clear: both;text-align: center\">\n<\/div>\n<table align=\"center\" cellpadding=\"0\" cellspacing=\"0\" class=\"tr-caption-container\" style=\"margin-left: 1em;margin-right: 1em;text-align: center\">\n<tbody>\n<tr>\n<td style=\"text-align: center\"><a href=\"https:\/\/www.bfv.cloud\/ajedrezeuropa\/wp-content\/uploads\/2012\/12\/VCONCENTRACIONDENAVIDAD002.jpg\" style=\"margin-left: auto;margin-right: auto\"><img loading=\"lazy\" decoding=\"async\" border=\"0\" height=\"300\" src=\"https:\/\/blogger.googleusercontent.com\/img\/b\/R29vZ2xl\/AVvXsEimFwzpM8k-7U26bDWcdUsr3gcTq70VisXMKs41iInyuawav8S9paxuNJUGFYREzfQUvKckc1g5BldAYh28-dKWFBUsqEo0hqzhWIo9zDYT9AXyqBmMklCwW-e3WtGoXitO7A9GYry-blo\/s400\/V+CONCENTRACION+DE+NAVIDAD+002.jpg\" width=\"400\" \/><\/a><\/td>\n<\/tr>\n<tr>\n<td class=\"tr-caption\" style=\"text-align: center\">H\u00e9ctor, Gracia, Jes\u00fas, Pablo y \u00c1ngela, han formado parte de uno<br \/>\nde los grupos de iniciaci\u00f3n<\/td>\n<\/tr>\n<\/tbody>\n<\/table>\n<div class=\"separator\" style=\"border-bottom: medium none;border-left: medium none;border-right: medium none;border-top: medium none;clear: both;text-align: center\">\n<\/div>\n<div class=\"separator\" style=\"border-bottom: medium none;border-left: medium none;border-right: medium none;border-top: medium none;clear: both;text-align: center\">\n<\/div>\n","protected":false},"excerpt":{"rendered":"<p>\ufeff \ufeff\ufeff\ufeff\ufeff\ufeff\ufeff \ufeff Un momento de la rueda de prensa celebrada en el ayto. de Alc\u00e1zar de San Juan el 28 de diciembre \ufeff \ufeff\ufeff\ufeff\ufeff\ufeff\ufeff\ufeff\ufeff\ufeff\ufeff\ufeff\ufeff\ufeff\ufeff\ufeff\ufeff\ufeff \ufeff\ufeff\ufeff\ufeff Irene, Silvia, Isaac, Leo, Jes\u00fas M\u00aa y Javier, son los actuales componentes del equipo sub-16 de Nuestro Ajedrez en Europa \ufeff\ufeff\ufeff\ufeff \ufeff\ufeff\ufeff\ufeff\ufeff\ufeff\ufeff\ufeff\ufeff\ufeff\ufeff\ufeff\ufeff\ufeff La 5\u00aa Concentraci\u00f3n de Navidad fue clausurada [&hellip;]<\/p>\n","protected":false},"author":1,"featured_media":1993,"comment_status":"open","ping_status":"closed","sticky":false,"template":"","format":"standard","meta":{"footnotes":""},"categories":[1],"tags":[],"class_list":["post-1992","post","type-post","status-publish","format-standard","has-post-thumbnail","hentry","category-noticias"],"_links":{"self":[{"href":"https:\/\/www.bfv.cloud\/ajedrezeuropa\/wp-json\/wp\/v2\/posts\/1992","targetHints":{"allow":["GET"]}}],"collection":[{"href":"https:\/\/www.bfv.cloud\/ajedrezeuropa\/wp-json\/wp\/v2\/posts"}],"about":[{"href":"https:\/\/www.bfv.cloud\/ajedrezeuropa\/wp-json\/wp\/v2\/types\/post"}],"author":[{"embeddable":true,"href":"https:\/\/www.bfv.cloud\/ajedrezeuropa\/wp-json\/wp\/v2\/users\/1"}],"replies":[{"embeddable":true,"href":"https:\/\/www.bfv.cloud\/ajedrezeuropa\/wp-json\/wp\/v2\/comments?post=1992"}],"version-history":[{"count":1,"href":"https:\/\/www.bfv.cloud\/ajedrezeuropa\/wp-json\/wp\/v2\/posts\/1992\/revisions"}],"predecessor-version":[{"id":1999,"href":"https:\/\/www.bfv.cloud\/ajedrezeuropa\/wp-json\/wp\/v2\/posts\/1992\/revisions\/1999"}],"wp:featuredmedia":[{"embeddable":true,"href":"https:\/\/www.bfv.cloud\/ajedrezeuropa\/wp-json\/wp\/v2\/media\/1993"}],"wp:attachment":[{"href":"https:\/\/www.bfv.cloud\/ajedrezeuropa\/wp-json\/wp\/v2\/media?parent=1992"}],"wp:term":[{"taxonomy":"category","embeddable":true,"href":"https:\/\/www.bfv.cloud\/ajedrezeuropa\/wp-json\/wp\/v2\/categories?post=1992"},{"taxonomy":"post_tag","embeddable":true,"href":"https:\/\/www.bfv.cloud\/ajedrezeuropa\/wp-json\/wp\/v2\/tags?post=1992"}],"curies":[{"name":"wp","href":"https:\/\/api.w.org\/{rel}","templated":true}]}}