{"id":2000,"date":"2014-06-23T20:49:00","date_gmt":"2014-06-23T20:49:00","guid":{"rendered":"https:\/\/www.bfv.cloud\/ajedrezeuropa\/index.php\/2014\/06\/23\/nuestro-campus-celebra-su-7a-edicion\/"},"modified":"2025-11-20T10:41:09","modified_gmt":"2025-11-20T10:41:09","slug":"nuestro-campus-celebra-su-7a-edicion","status":"publish","type":"post","link":"https:\/\/www.bfv.cloud\/ajedrezeuropa\/nuestro-campus-celebra-su-7a-edicion\/","title":{"rendered":"NUESTRO CAMPUS CELEBRA SU 7\u00aa EDICI\u00d3N"},"content":{"rendered":"<div class=\"separator\" style=\"clear: both;text-align: center\">\n<a href=\"https:\/\/www.bfv.cloud\/ajedrezeuropa\/wp-content\/uploads\/2014\/06\/CARTELVIICAMPUS2014JPG.jpg\" style=\"clear: left;float: left;margin-bottom: 1em;margin-right: 1em\"><img fetchpriority=\"high\" decoding=\"async\" border=\"0\" src=\"https:\/\/www.bfv.cloud\/ajedrezeuropa\/wp-content\/uploads\/2014\/06\/CARTELVIICAMPUS2014JPG.jpg\" height=\"640\" width=\"452\" \/><\/a><\/div>\n<p>&nbsp;<span style=\"font-family: Georgia, Times New Roman, serif\"><b>Dentro de poco m\u00e1s de un mes se celebrar\u00e1 la 7\u00aa edici\u00f3n de nuestro campus de verano. Una actividad esencial dentro del proyecto que une a las escuelas de ajedrez de Alc\u00e1zar y Villafranca. A los indudables beneficios de la formaci\u00f3n especializada, se unen ventajas como el car\u00e1cter presencial de las clases, las actividades l\u00fadicas del mediod\u00eda o el desarrollo del aprendizaje en grupos reducidos de no m\u00e1s de 10 alumnos.<\/b><\/span><br \/>\n<span style=\"font-family: Georgia, Times New Roman, serif\"><b>La experiencia acumulada durante estos a\u00f1os nos permite ofrecer distintos enfoques al alumnado en funci\u00f3n de sus conocimientos, sus propias habilidades, sus inquietudes y, por supuesto, su edad.<\/b><\/span><br \/>\n<span style=\"font-family: Georgia, Times New Roman, serif\"><b>En resumen, el campus es una gran posibilidad de acercamiento de los j\u00f3venes y de los ni\u00f1os al mundo del ajedrez, con sus estrategias y sus t\u00e9cnicas adaptadas a cualquier nivel de juego.&nbsp;<\/b><\/span><br \/>\n<span style=\"font-family: Georgia, Times New Roman, serif\"><b>\u00a1\u00a1Os esperamos!!<\/b><\/span><\/p>\n<div class=\"separator\" style=\"clear: both;text-align: center\">\n<a href=\"https:\/\/www.bfv.cloud\/ajedrezeuropa\/wp-content\/uploads\/2014\/06\/TRIPTICOVIICAMPUSEXTERIOR.jpg\" style=\"margin-left: 1em;margin-right: 1em\"><img decoding=\"async\" border=\"0\" src=\"https:\/\/www.bfv.cloud\/ajedrezeuropa\/wp-content\/uploads\/2014\/06\/TRIPTICOVIICAMPUSEXTERIOR.jpg\" height=\"451\" width=\"640\" \/><\/a><\/div>\n<p><\/p>\n<div class=\"separator\" style=\"clear: both;text-align: center\">\n<a href=\"https:\/\/www.bfv.cloud\/ajedrezeuropa\/wp-content\/uploads\/2014\/06\/TRIPTICOVIICAMPUSINTERIOR.jpg\" style=\"margin-left: 1em;margin-right: 1em\"><img decoding=\"async\" border=\"0\" src=\"https:\/\/www.bfv.cloud\/ajedrezeuropa\/wp-content\/uploads\/2014\/06\/TRIPTICOVIICAMPUSINTERIOR.jpg\" height=\"451\" width=\"640\" \/><\/a><\/div>\n<p><\/p>\n","protected":false},"excerpt":{"rendered":"<p>&nbsp;Dentro de poco m\u00e1s de un mes se celebrar\u00e1 la 7\u00aa edici\u00f3n de nuestro campus de verano. Una actividad esencial dentro del proyecto que une a las escuelas de ajedrez de Alc\u00e1zar y Villafranca. A los indudables beneficios de la formaci\u00f3n especializada, se unen ventajas como el car\u00e1cter presencial de las clases, las actividades l\u00fadicas [&hellip;]<\/p>\n","protected":false},"author":1,"featured_media":2001,"comment_status":"open","ping_status":"closed","sticky":false,"template":"","format":"standard","meta":{"footnotes":""},"categories":[1],"tags":[],"class_list":["post-2000","post","type-post","status-publish","format-standard","has-post-thumbnail","hentry","category-noticias"],"_links":{"self":[{"href":"https:\/\/www.bfv.cloud\/ajedrezeuropa\/wp-json\/wp\/v2\/posts\/2000","targetHints":{"allow":["GET"]}}],"collection":[{"href":"https:\/\/www.bfv.cloud\/ajedrezeuropa\/wp-json\/wp\/v2\/posts"}],"about":[{"href":"https:\/\/www.bfv.cloud\/ajedrezeuropa\/wp-json\/wp\/v2\/types\/post"}],"author":[{"embeddable":true,"href":"https:\/\/www.bfv.cloud\/ajedrezeuropa\/wp-json\/wp\/v2\/users\/1"}],"replies":[{"embeddable":true,"href":"https:\/\/www.bfv.cloud\/ajedrezeuropa\/wp-json\/wp\/v2\/comments?post=2000"}],"version-history":[{"count":1,"href":"https:\/\/www.bfv.cloud\/ajedrezeuropa\/wp-json\/wp\/v2\/posts\/2000\/revisions"}],"predecessor-version":[{"id":2004,"href":"https:\/\/www.bfv.cloud\/ajedrezeuropa\/wp-json\/wp\/v2\/posts\/2000\/revisions\/2004"}],"wp:featuredmedia":[{"embeddable":true,"href":"https:\/\/www.bfv.cloud\/ajedrezeuropa\/wp-json\/wp\/v2\/media\/2001"}],"wp:attachment":[{"href":"https:\/\/www.bfv.cloud\/ajedrezeuropa\/wp-json\/wp\/v2\/media?parent=2000"}],"wp:term":[{"taxonomy":"category","embeddable":true,"href":"https:\/\/www.bfv.cloud\/ajedrezeuropa\/wp-json\/wp\/v2\/categories?post=2000"},{"taxonomy":"post_tag","embeddable":true,"href":"https:\/\/www.bfv.cloud\/ajedrezeuropa\/wp-json\/wp\/v2\/tags?post=2000"}],"curies":[{"name":"wp","href":"https:\/\/api.w.org\/{rel}","templated":true}]}}