{"id":2005,"date":"2012-07-22T19:30:00","date_gmt":"2012-07-22T19:30:00","guid":{"rendered":"https:\/\/www.bfv.cloud\/ajedrezeuropa\/index.php\/2012\/07\/22\/manana-comienza-el-regional-por-equipos-sub-16\/"},"modified":"2025-11-20T10:41:10","modified_gmt":"2025-11-20T10:41:10","slug":"manana-comienza-el-regional-por-equipos-sub-16","status":"publish","type":"post","link":"https:\/\/www.bfv.cloud\/ajedrezeuropa\/manana-comienza-el-regional-por-equipos-sub-16\/","title":{"rendered":"MA\u00d1ANA COMIENZA EL REGIONAL POR EQUIPOS SUB-16"},"content":{"rendered":"<table cellpadding=\"0\" cellspacing=\"0\" class=\"tr-caption-container\" style=\"float: right;margin-left: 1em;text-align: right\">\n<tbody>\n<tr>\n<td style=\"text-align: center\"><a href=\"https:\/\/www.bfv.cloud\/ajedrezeuropa\/wp-content\/uploads\/2012\/07\/residencia.gif\" style=\"clear: right;margin-bottom: 1em;margin-left: auto;margin-right: auto\"><img decoding=\"async\" border=\"0\" src=\"https:\/\/www.bfv.cloud\/ajedrezeuropa\/wp-content\/uploads\/2012\/07\/residencia.gif\" \/><\/a><\/td>\n<\/tr>\n<tr>\n<td class=\"tr-caption\" style=\"text-align: center\">La residencia universitaria Alonso de <br \/>\nOjeda en Cuenca es la sede de<br \/>\nesta 3\u00aa edici\u00f3n<\/td>\n<\/tr>\n<\/tbody>\n<\/table>\n<p><span style=\"color: #274e13;font-family: Arial, Helvetica, sans-serif\">Ma\u00f1ana lunes se iniciar\u00e1 la 3\u00aa edici\u00f3n del Campeonato Regional por Equipos Sub-16 en la ciudad de Cuenca. Los 8 equipos participantes disputar\u00e1n un suizo a 6 rondas con puntos por encuentro como principal sistema de puntuaci\u00f3n y de suma total de partidas como primer desempate. Aunque la igualdad en&nbsp;los 5 primeros equipos del ranking inicial es una de sus principales caracter\u00edsticas, ser\u00e1 el juego sobre el tablero el que dar\u00e1 la medida final de cada uno de los clubes. <\/span><br \/>\n<span style=\"color: #274e13;font-family: Arial\">Estos son los 8 equipos por orden de fuerza con su media de elo:<\/span><\/p>\n<ol>\n<li>\n<div align=\"center\"><span style=\"color: #274e13;font-family: Arial\">C. A. Bargas (1.685)<\/span><\/div>\n<\/li>\n<li>\n<div align=\"center\"><span style=\"color: #274e13;font-family: Arial\">C. A. Almansa (1.646)<\/span><\/div>\n<\/li>\n<li>\n<div align=\"center\"><span style=\"color: #274e13;font-family: Arial\">C. A. Tomelloso (1.631)<\/span><\/div>\n<\/li>\n<li>\n<div align=\"center\"><span style=\"color: #274e13;font-family: Arial\">CDE NUESTRO AJEDREZ EN EUROPA (1.613)<\/span><\/div>\n<\/li>\n<li>\n<div align=\"center\"><span style=\"color: #274e13;font-family: Arial\">CDB Ateneo de Albacete (1.610)<\/span><\/div>\n<\/li>\n<li>\n<div align=\"center\"><span style=\"color: #274e13;font-family: Arial\">C.A. Almagro (1.498)<\/span><\/div>\n<\/li>\n<li>\n<div align=\"center\"><span style=\"color: #274e13;font-family: Arial\">C. A. Cuenca 2016 (1.360)<\/span><\/div>\n<\/li>\n<li>\n<div style=\"text-align: center\"><span style=\"color: #274e13;font-family: Arial\">Pe\u00f1a Ajedrec\u00edstica Conquense (1.295)<\/span><\/div>\n<\/li>\n<\/ol>\n<div align=\"left\" style=\"text-align: center\"><span style=\"color: #0c343d;font-family: Arial, Helvetica, sans-serif\">De acuerdo con las bases del torneo cada formaci\u00f3n debe incluir un m\u00e1ximo de 5 jugadores y 1 delegado, por lo que&nbsp;acudiremos representados por los siguientes chicos y chicas, tambi\u00e9n por orden de fuerza:<\/span><\/div>\n<ol>\n<li>\n<div align=\"left\" style=\"text-align: center\"><span style=\"color: #0c343d;font-family: Arial\">Carlos \u00c1lvarez Serrano<\/span><\/div>\n<\/li>\n<li>\n<div align=\"left\" style=\"text-align: center\"><span style=\"color: #0c343d;font-family: Arial\">Isaac Lozano Osorio<\/span><\/div>\n<\/li>\n<li>\n<div align=\"left\" style=\"text-align: center\"><span style=\"color: #0c343d;font-family: Arial\">Cosimo Leonardo de Giorgi Benavent<\/span><\/div>\n<\/li>\n<li>\n<div align=\"left\" style=\"text-align: center\"><span style=\"color: #0c343d;font-family: Arial\">Silvia Toribio Camu\u00f1as<\/span><\/div>\n<\/li>\n<li>\n<div align=\"left\" style=\"text-align: center\"><span style=\"color: #0c343d;font-family: Arial\">Irene Sim\u00f3n Escalona<\/span><\/div>\n<\/li>\n<\/ol>\n<div align=\"left\" style=\"text-align: center\"><span style=\"color: #0c343d;font-family: Arial\">Delegado\/entrenador: Daniel P\u00edriz Fern\u00e1ndez<\/span><\/div>\n<div align=\"left\" style=\"text-align: center\">\n<\/div>\n<div align=\"left\" style=\"text-align: center\">\ufeff<span style=\"color: #274e13;font-family: Arial, Helvetica, sans-serif\">Las rondas se jugar\u00e1n a 4 tableros y a un ritmo de 1 hora y media + 30 segundos por movimiento, siendo valedero para valoraci\u00f3n FIDE y FEDA.<\/span><\/div>\n<div align=\"left\" style=\"text-align: center\"><span style=\"color: #274e13;font-family: Arial\">Nuestro club asiste a este campeonato con la ilusi\u00f3n puesta en una nueva generaci\u00f3n de ajedrecistas que han convivido, disfrutado y aprendido con el estupendo conjunto de jugadores nacidos en 1995 que tantos logros ha proporcionado a nuestro ajedrez.<\/span><\/div>\n<div align=\"left\" style=\"text-align: center\"><span style=\"color: #274e13;font-family: Arial\">Este equipo tiene una media de edad de 14 a\u00f1os y se completa con Jes\u00fas M\u00aa Bricio G\u00aa de la Torre para el resto de competiciones nacionales y provinciales.<\/span><\/div>\n<div align=\"left\" style=\"text-align: center\"><span style=\"color: #274e13;font-family: Arial\">\u00a1\u00a1Todos los que componemos el proyecto \u00abNUESTRO AJEDREZ EN EUROPA\u00bb les deseamos lo mejor en los pr\u00f3ximos 4 d\u00edas de torneo!!<\/span><\/div>\n<div align=\"left\" style=\"text-align: center\">\n<\/div>\n<div align=\"left\" style=\"text-align: center\"><span style=\"color: #274e13;font-family: Arial\">Este es el enlace para seguir los resultados y clasificaciones:<\/span><\/div>\n<div align=\"left\" style=\"text-align: center\">\n<\/div>\n<div align=\"left\" style=\"text-align: center\"><a href=\"http:\/\/chess-results.com\/tnr77326.aspx?lan=2\"><strong><span style=\"color: #4c1130\">CAMPEONATO CASTILLA-LA MANCHA POR EQUIPOS S-16<\/span><\/strong><\/a><\/div>\n<div align=\"left\" style=\"text-align: center\">\ufeff<\/div>\n<div style=\"text-align: left\">\ufeff<\/div>\n","protected":false},"excerpt":{"rendered":"<p>La residencia universitaria Alonso de Ojeda en Cuenca es la sede de esta 3\u00aa edici\u00f3n Ma\u00f1ana lunes se iniciar\u00e1 la 3\u00aa edici\u00f3n del Campeonato Regional por Equipos Sub-16 en la ciudad de Cuenca. Los 8 equipos participantes disputar\u00e1n un suizo a 6 rondas con puntos por encuentro como principal sistema de puntuaci\u00f3n y de suma [&hellip;]<\/p>\n","protected":false},"author":1,"featured_media":2006,"comment_status":"open","ping_status":"closed","sticky":false,"template":"","format":"standard","meta":{"footnotes":""},"categories":[1],"tags":[],"class_list":["post-2005","post","type-post","status-publish","format-standard","has-post-thumbnail","hentry","category-noticias"],"_links":{"self":[{"href":"https:\/\/www.bfv.cloud\/ajedrezeuropa\/wp-json\/wp\/v2\/posts\/2005","targetHints":{"allow":["GET"]}}],"collection":[{"href":"https:\/\/www.bfv.cloud\/ajedrezeuropa\/wp-json\/wp\/v2\/posts"}],"about":[{"href":"https:\/\/www.bfv.cloud\/ajedrezeuropa\/wp-json\/wp\/v2\/types\/post"}],"author":[{"embeddable":true,"href":"https:\/\/www.bfv.cloud\/ajedrezeuropa\/wp-json\/wp\/v2\/users\/1"}],"replies":[{"embeddable":true,"href":"https:\/\/www.bfv.cloud\/ajedrezeuropa\/wp-json\/wp\/v2\/comments?post=2005"}],"version-history":[{"count":1,"href":"https:\/\/www.bfv.cloud\/ajedrezeuropa\/wp-json\/wp\/v2\/posts\/2005\/revisions"}],"predecessor-version":[{"id":2007,"href":"https:\/\/www.bfv.cloud\/ajedrezeuropa\/wp-json\/wp\/v2\/posts\/2005\/revisions\/2007"}],"wp:featuredmedia":[{"embeddable":true,"href":"https:\/\/www.bfv.cloud\/ajedrezeuropa\/wp-json\/wp\/v2\/media\/2006"}],"wp:attachment":[{"href":"https:\/\/www.bfv.cloud\/ajedrezeuropa\/wp-json\/wp\/v2\/media?parent=2005"}],"wp:term":[{"taxonomy":"category","embeddable":true,"href":"https:\/\/www.bfv.cloud\/ajedrezeuropa\/wp-json\/wp\/v2\/categories?post=2005"},{"taxonomy":"post_tag","embeddable":true,"href":"https:\/\/www.bfv.cloud\/ajedrezeuropa\/wp-json\/wp\/v2\/tags?post=2005"}],"curies":[{"name":"wp","href":"https:\/\/api.w.org\/{rel}","templated":true}]}}