{"id":2008,"date":"2017-05-28T12:00:00","date_gmt":"2017-05-28T12:00:00","guid":{"rendered":"https:\/\/www.bfv.cloud\/ajedrezeuropa\/index.php\/2017\/05\/28\/campeonato-provincial-por-equipos-de-toledo-s-18-y-s-12\/"},"modified":"2025-11-20T10:41:20","modified_gmt":"2025-11-20T10:41:20","slug":"campeonato-provincial-por-equipos-de-toledo-s-18-y-s-12","status":"publish","type":"post","link":"https:\/\/www.bfv.cloud\/ajedrezeuropa\/campeonato-provincial-por-equipos-de-toledo-s-18-y-s-12\/","title":{"rendered":"CAMPEONATO PROVINCIAL POR EQUIPOS DE TOLEDO S-18 Y S-12"},"content":{"rendered":"<table cellpadding=\"0\" cellspacing=\"0\" class=\"tr-caption-container\" style=\"float: right;margin-left: 1em;text-align: right\">\n<tbody>\n<tr>\n<td style=\"text-align: center\"><a href=\"https:\/\/www.bfv.cloud\/ajedrezeuropa\/wp-content\/uploads\/2017\/05\/IMG_20170527_190525.jpg\" style=\"clear: right;margin-bottom: 1em;margin-left: auto;margin-right: auto\"><img fetchpriority=\"high\" decoding=\"async\" border=\"0\" data-original-height=\"1600\" data-original-width=\"1464\" height=\"400\" src=\"https:\/\/blogger.googleusercontent.com\/img\/b\/R29vZ2xl\/AVvXsEgfMI9a2M7wRR5khGlaOOItgsL1qaMAyPEs8XgBJu45RKHbKPb837BgBLDnitZzgTnd-xp0S9WxuDP1rUkvdZBJ3zULPNMVr5AZCq69xiLst8KLc1qFdd_l8wjvgl8N1OtUT0NMsUeAikc\/s400\/IMG_20170527_190525.jpg\" width=\"365\" \/><\/a><\/td>\n<\/tr>\n<tr>\n<td class=\"tr-caption\" style=\"text-align: center\">Los 4 jugadores que representaron a Nuestro Ajedrez en Europa<br \/>en el momento de recoger el trofeo de subcampeones<\/td>\n<\/tr>\n<\/tbody>\n<\/table>\n<p>&nbsp;<span style=\"font-family: Arial, Helvetica, sans-serif;font-size: large\">Los torneos sub-18 y sub-12 del provincial por equipos de Toledo se celebraron ayer en el Instituto Azarquiel en un ambiente caluroso y de gran deportividad. Algunas ausencias de jugadores en las formaciones del equipo sub-18 de Nuestro Ajedrez en Europa y del sub-12 de Nuestro Ajedrez por la Igualdad marcaron el resultado final de ambos campeonatos. La hora de medir las fuerzas reales de nuestros equipos llegar\u00e1 en el Campeonato de Castilla-La Mancha por Equipos sub-18 y sub-12, que se celebrar\u00e1 del 31 de agosto al 3 de septiembre, y en los torneos nacionales de ambas categor\u00edas, todav\u00eda pendientes de sede y fechas de juego.&nbsp;<\/span><\/p>\n<table cellpadding=\"0\" cellspacing=\"0\" class=\"tr-caption-container\" style=\"float: right;margin-left: 1em;text-align: right\">\n<tbody>\n<tr>\n<td style=\"text-align: center\"><a href=\"https:\/\/www.bfv.cloud\/ajedrezeuropa\/wp-content\/uploads\/2017\/05\/IMG_20170527_190436.jpg\" style=\"clear: right;margin-bottom: 1em;margin-left: auto;margin-right: auto\"><img decoding=\"async\" border=\"0\" data-original-height=\"1162\" data-original-width=\"1600\" height=\"290\" src=\"https:\/\/blogger.googleusercontent.com\/img\/b\/R29vZ2xl\/AVvXsEhu7yERj5a4UF_CM4vXSbGmkyt4ZksxIbLrvpkJ-OALF-9msGiorcm_arJ_eqQA6NszolTvNdK0l870OqL5Gp1Vaf0GI6QvWyBi57XEJMxrGVg6VkhyXsY_-oScMpidBZ7SdvDJRIrVAyQ\/s400\/IMG_20170527_190436.jpg\" width=\"400\" \/><\/a><\/td>\n<\/tr>\n<tr>\n<td class=\"tr-caption\" style=\"text-align: center\">El equipo sub-18 de Nuestro Ajedrez por la Igualdad qued\u00f3 3\u00ba<\/td>\n<\/tr>\n<\/tbody>\n<\/table>\n<p>&nbsp;<span style=\"font-family: Arial, Helvetica, sans-serif;font-size: large\">En la categor\u00eda juvenil, Nuestro Ajedrez en Europa ocup\u00f3 la 2\u00aa posici\u00f3n y Nuestro Ajedrez por la Igualdad la 3\u00aa. Los equipos representantes del IESO La Falcata de Villafranca ocuparon la 4\u00aa y 5\u00aa plaza, obteniendo el primero de ellos el trofeo al mejor resultado por institutos.&nbsp;<\/span><br \/>\n<span style=\"font-family: Arial, Helvetica, sans-serif;font-size: large\">En el sub-12, Nuestro Ajedrez por la Igualdad, quedaba en la 3\u00aa posici\u00f3n.&nbsp;<\/span><\/p>\n<table cellpadding=\"0\" cellspacing=\"0\" class=\"tr-caption-container\" style=\"float: left;margin-right: 1em;text-align: left\">\n<tbody>\n<tr>\n<td style=\"text-align: center\"><a href=\"https:\/\/www.bfv.cloud\/ajedrezeuropa\/wp-content\/uploads\/2017\/05\/IMG_20170527_190345.jpg\" style=\"clear: left;margin-bottom: 1em;margin-left: auto;margin-right: auto\"><img decoding=\"async\" border=\"0\" data-original-height=\"1444\" data-original-width=\"1600\" height=\"360\" src=\"https:\/\/blogger.googleusercontent.com\/img\/b\/R29vZ2xl\/AVvXsEgMFqAWOTI2oUJtiPbGGjDPAV3ZRV8Yomvya2znd53VSz9KCgKLq6CBLnopfLgFN2FwRjkT_RHL6H3E7rhql5-Nl7cAfHRyek2psx1JriN3w6U4iWAGEC56rznPoIqBro1TsludAuDGiSE\/s400\/IMG_20170527_190345.jpg\" width=\"400\" \/><\/a><\/td>\n<\/tr>\n<tr>\n<td class=\"tr-caption\" style=\"text-align: center\">Los jugadores que participaron por el IES LA FALCATA dentro de<br \/>la categor\u00eda sub-18 recibiendo el trofeo a mejor instituto<\/td>\n<\/tr>\n<\/tbody>\n<\/table>\n<p>&nbsp;<span style=\"font-family: Arial, Helvetica, sans-serif;font-size: large\">Felicitamos a todos los chicos y chicas que han participado en esta jornada de convivencia deportiva y a los dos clubes vencedores, Coordinadora y Bargas.<\/span><br \/>\n<span style=\"font-family: Arial, Helvetica, sans-serif;font-size: large\">En pocas semanas llega la cita con el Regional por Equipos Absoluto en el hotel Beatriz de Albacete. All\u00ed estaremos compitiendo entre los clubes m\u00e1s destacados de Castilla-La Mancha con un equipo integrado, b\u00e1sicamente, por los jugadores juveniles de Nuestro Ajedrez en Europa.<\/span><\/p>\n<table align=\"center\" cellpadding=\"0\" cellspacing=\"0\" class=\"tr-caption-container\" style=\"margin-left: auto;margin-right: auto;text-align: center\">\n<tbody>\n<tr>\n<td style=\"text-align: center\"><a href=\"https:\/\/www.bfv.cloud\/ajedrezeuropa\/wp-content\/uploads\/2017\/05\/IMG_20170527_145624.jpg\" style=\"margin-left: auto;margin-right: auto\"><img loading=\"lazy\" decoding=\"async\" border=\"0\" data-original-height=\"1258\" data-original-width=\"1443\" height=\"556\" src=\"https:\/\/blogger.googleusercontent.com\/img\/b\/R29vZ2xl\/AVvXsEhzLRClwNV37clG-HcLTBvdsBhRO4d-A2kVzz46YBn7p7pd_HHAI_5otNQjaZ50JLzKZ0ArcFTeLjPaRXytaU5v6TGLpqgpRwReikrinppKCN875Qp-3FIl3F8NvsF6_aMNCFSlHNekDpc\/s640\/IMG_20170527_145624.jpg\" width=\"640\" \/><\/a><\/td>\n<\/tr>\n<tr>\n<td class=\"tr-caption\" style=\"text-align: center\">Los componentes del equipo sub-12 de Nuestro Ajedrez por la Igualdad quedaron en la 3\u00aa posici\u00f3n del torneo<\/td>\n<\/tr>\n<\/tbody>\n<\/table>\n<p><\/p>\n<table cellpadding=\"0\" cellspacing=\"0\" class=\"tr-caption-container\" style=\"float: left;margin-right: 1em;text-align: left\">\n<tbody>\n<tr>\n<td style=\"text-align: center\"><a href=\"https:\/\/www.bfv.cloud\/ajedrezeuropa\/wp-content\/uploads\/2017\/05\/IMG_20170527_094311.jpg\" style=\"clear: left;margin-bottom: 1em;margin-left: auto;margin-right: auto\"><img loading=\"lazy\" decoding=\"async\" border=\"0\" data-original-height=\"1600\" data-original-width=\"900\" height=\"400\" src=\"https:\/\/blogger.googleusercontent.com\/img\/b\/R29vZ2xl\/AVvXsEhx2qNns1Ps1r6cWAv4T_nAv_RaaSCKX9wuuUvDZJjILA_wSJZOpQgxESFkU5Fw4ao9elh7OdW9A2SUH1L8wiEf1avGaPDFzbYjerJFT0G3zCr8z-J6H1zMtoQJ8iqOv4BSjidWnbnR8Lw\/s400\/IMG_20170527_094311.jpg\" width=\"225\" \/><\/a><\/td>\n<\/tr>\n<tr>\n<td class=\"tr-caption\" style=\"text-align: center\">Los jugadores del IESO La Falcata &#8211; A<\/td>\n<\/tr>\n<\/tbody>\n<\/table>\n<p><\/p>\n<table cellpadding=\"0\" cellspacing=\"0\" class=\"tr-caption-container\" style=\"float: right;margin-left: 1em;text-align: right\">\n<tbody>\n<tr>\n<td style=\"text-align: center\"><a href=\"https:\/\/www.bfv.cloud\/ajedrezeuropa\/wp-content\/uploads\/2017\/05\/IMG_20170527_094129.jpg\" style=\"clear: right;margin-bottom: 1em;margin-left: auto;margin-right: auto\"><img loading=\"lazy\" decoding=\"async\" border=\"0\" data-original-height=\"1600\" data-original-width=\"1371\" height=\"320\" src=\"https:\/\/blogger.googleusercontent.com\/img\/b\/R29vZ2xl\/AVvXsEi-GsYaZvL_fmdOK0JbvROo1n4bVyRDtyx3r84nVjY-nB5DymM1IvfDODtkSuNlY3j2_wXpNqHwCSwi0bIBUNQ_vr3WP9xMNYkHYgI79MJ9IQUV-wJCxtVaxZ088Qr1-bN2W8kmUFBbabM\/s320\/IMG_20170527_094129.jpg\" width=\"274\" \/><\/a><\/td>\n<\/tr>\n<tr>\n<td class=\"tr-caption\" style=\"text-align: center\">El m\u00e1s joven de los equipos participantes en la<br \/>categor\u00eda sub-18 fueron los integrantes del equipo<br \/>B de La Falcata<\/td>\n<\/tr>\n<\/tbody>\n<\/table>\n<table align=\"center\" cellpadding=\"0\" cellspacing=\"0\" class=\"tr-caption-container\" style=\"margin-left: auto;margin-right: auto;text-align: center\">\n<tbody>\n<tr>\n<td style=\"text-align: center\"><a href=\"https:\/\/www.bfv.cloud\/ajedrezeuropa\/wp-content\/uploads\/2017\/05\/IMG_20170527_162731.jpg\" style=\"margin-left: auto;margin-right: auto\"><img loading=\"lazy\" decoding=\"async\" border=\"0\" data-original-height=\"900\" data-original-width=\"1600\" height=\"360\" src=\"https:\/\/blogger.googleusercontent.com\/img\/b\/R29vZ2xl\/AVvXsEiTMCarz7970bCgQYGmtU8bsww9_VQtEwehFVdHmeB5AYamfhZqARPXunF6Yim0XbLVX5BXtF_IG2-ORbpYvvlAHW9T_qSuBLulQMEJmv3MLbuyDf8w5-hQdz28HN7AlHpJGu9kIitP0AQ\/s640\/IMG_20170527_162731.jpg\" width=\"640\" \/><\/a><\/td>\n<\/tr>\n<tr>\n<td class=\"tr-caption\" style=\"text-align: center\">Uno de nuestros equipos formado por menores de 12 a\u00f1os particip\u00f3 en el torneo sub-18<\/td>\n<\/tr>\n<\/tbody>\n<\/table>\n<p><\/p>\n","protected":false},"excerpt":{"rendered":"<p>Los 4 jugadores que representaron a Nuestro Ajedrez en Europaen el momento de recoger el trofeo de subcampeones &nbsp;Los torneos sub-18 y sub-12 del provincial por equipos de Toledo se celebraron ayer en el Instituto Azarquiel en un ambiente caluroso y de gran deportividad. Algunas ausencias de jugadores en las formaciones del equipo sub-18 de [&hellip;]<\/p>\n","protected":false},"author":1,"featured_media":2009,"comment_status":"open","ping_status":"closed","sticky":false,"template":"","format":"standard","meta":{"footnotes":""},"categories":[1],"tags":[],"class_list":["post-2008","post","type-post","status-publish","format-standard","has-post-thumbnail","hentry","category-noticias"],"_links":{"self":[{"href":"https:\/\/www.bfv.cloud\/ajedrezeuropa\/wp-json\/wp\/v2\/posts\/2008","targetHints":{"allow":["GET"]}}],"collection":[{"href":"https:\/\/www.bfv.cloud\/ajedrezeuropa\/wp-json\/wp\/v2\/posts"}],"about":[{"href":"https:\/\/www.bfv.cloud\/ajedrezeuropa\/wp-json\/wp\/v2\/types\/post"}],"author":[{"embeddable":true,"href":"https:\/\/www.bfv.cloud\/ajedrezeuropa\/wp-json\/wp\/v2\/users\/1"}],"replies":[{"embeddable":true,"href":"https:\/\/www.bfv.cloud\/ajedrezeuropa\/wp-json\/wp\/v2\/comments?post=2008"}],"version-history":[{"count":1,"href":"https:\/\/www.bfv.cloud\/ajedrezeuropa\/wp-json\/wp\/v2\/posts\/2008\/revisions"}],"predecessor-version":[{"id":2016,"href":"https:\/\/www.bfv.cloud\/ajedrezeuropa\/wp-json\/wp\/v2\/posts\/2008\/revisions\/2016"}],"wp:featuredmedia":[{"embeddable":true,"href":"https:\/\/www.bfv.cloud\/ajedrezeuropa\/wp-json\/wp\/v2\/media\/2009"}],"wp:attachment":[{"href":"https:\/\/www.bfv.cloud\/ajedrezeuropa\/wp-json\/wp\/v2\/media?parent=2008"}],"wp:term":[{"taxonomy":"category","embeddable":true,"href":"https:\/\/www.bfv.cloud\/ajedrezeuropa\/wp-json\/wp\/v2\/categories?post=2008"},{"taxonomy":"post_tag","embeddable":true,"href":"https:\/\/www.bfv.cloud\/ajedrezeuropa\/wp-json\/wp\/v2\/tags?post=2008"}],"curies":[{"name":"wp","href":"https:\/\/api.w.org\/{rel}","templated":true}]}}