{"id":2017,"date":"2011-03-14T14:39:00","date_gmt":"2011-03-14T14:39:00","guid":{"rendered":"https:\/\/www.bfv.cloud\/ajedrezeuropa\/index.php\/2011\/03\/14\/subcampeones-del-absoluto-por-equipos-de-toledo\/"},"modified":"2025-11-20T10:41:27","modified_gmt":"2025-11-20T10:41:27","slug":"subcampeones-del-absoluto-por-equipos-de-toledo","status":"publish","type":"post","link":"https:\/\/www.bfv.cloud\/ajedrezeuropa\/subcampeones-del-absoluto-por-equipos-de-toledo\/","title":{"rendered":"SUBCAMPEONES DEL ABSOLUTO POR EQUIPOS DE TOLEDO"},"content":{"rendered":"<table align=\"center\" cellpadding=\"0\" cellspacing=\"0\" class=\"tr-caption-container\" style=\"margin-left: auto;margin-right: auto;text-align: center\">\n<tbody>\n<tr>\n<td style=\"text-align: center\"><a href=\"https:\/\/www.bfv.cloud\/ajedrezeuropa\/wp-content\/uploads\/2011\/03\/PROVINCIALEQUIPOSABSTOLEDO037.jpg\" style=\"margin-left: auto;margin-right: auto\"><img fetchpriority=\"high\" decoding=\"async\" border=\"0\" height=\"300\" src=\"https:\/\/blogger.googleusercontent.com\/img\/b\/R29vZ2xl\/AVvXsEgMB8h49ZqXADQFtSLKpG-MxgQFwRAY9O8USOvJeQqzIxe_1yC_8YIvPb_j3n3Pf4SewM64SHhou7-HgUe2LWiuTexFVUiG5MYAPnXwSDcrU1YMttMfdfcnQOeqycwprCAjEbMUKPkhIYU\/s400\/PROVINCIAL+EQUIPOS+ABS+TOLEDO+037.jpg\" width=\"400\" \/><\/a><\/td>\n<\/tr>\n<tr>\n<td class=\"tr-caption\" style=\"text-align: center\">NUESTRO AJEDREZ EN EUROPA \u00abA\u00bb REVALIDA EL T\u00cdTULO DE<br \/>\nSUBCAMPE\u00d3N EN EL ABSOLUTO POR EQUIPOS DE TOLEDO<\/p>\n<div align=\"left\"><\/div>\n<\/td>\n<\/tr>\n<\/tbody>\n<\/table>\n<p><strong><span style=\"font-family: Arial, Helvetica, sans-serif\">Acaba de finalizar el Campeonato Absoluto por Equipos de Toledo 2011, despu\u00e9s de 4 intensos domingos de competici\u00f3n. Por primera vez nuestro proyecto ha estado representado por 4 equipos que son el ejemplo del magn\u00edfico momento que vive el ajedrez en Alc\u00e1zar de San Juan y Villafranca de los Caballeros. Los 24 ajedrecistas de nuestras escuelas que han tomado parte en este provincial son el mejor exponente de la importante labor desarrollada durante los \u00faltimos&nbsp;a\u00f1os en el coraz\u00f3n de Castilla-La Mancha.&nbsp;<\/span><\/strong><br \/>\n\ufeff\ufeff <\/p>\n<table cellpadding=\"0\" cellspacing=\"0\" class=\"tr-caption-container\" style=\"float: left;margin-right: 1em;text-align: left\">\n<tbody>\n<tr>\n<td style=\"text-align: center\"><a href=\"https:\/\/www.bfv.cloud\/ajedrezeuropa\/wp-content\/uploads\/2011\/03\/PROVINCIALEQUIPOSABSTOLEDO032.jpg\" style=\"clear: left;margin-bottom: 1em;margin-left: auto;margin-right: auto\"><img decoding=\"async\" border=\"0\" height=\"300\" src=\"https:\/\/blogger.googleusercontent.com\/img\/b\/R29vZ2xl\/AVvXsEiUzEtf4Z5t_Cx9Zdw6MPD8Ev9WuKV7K5Jtpjrjzxvycy5rBBYO9YnC9dEs-i9QHpspaGoCjE-kK9tAB_XQ6iNvJnksp-10bizv1rVUraf_CxaI3NBpZ04vxQqZiGZksRak3Y42T91tHT8\/s400\/PROVINCIAL+EQUIPOS+ABS+TOLEDO+032.jpg\" width=\"400\" \/><\/a><\/td>\n<\/tr>\n<tr>\n<td class=\"tr-caption\" style=\"text-align: center\">Imagen de la \u00faltima ronda, Nuestro Ajedrez en Europa \u00abA\u00bb <br \/>\nalcanza 20 puntos que le llevan a la 2\u00aa plaza.<\/td>\n<\/tr>\n<\/tbody>\n<\/table>\n<p>\ufeff\ufeff <strong><span style=\"font-family: Arial, Helvetica, sans-serif\">La participaci\u00f3n de 16 equipos y 115 jugadores convierten a este provincial en la competici\u00f3n m\u00e1s importante del calendario ajedrec\u00edstico toledano. Nuestro primer equipo ha realizado un magn\u00edfico campeonato tras haberse enfrentado con todos los clasificados en los 6 primeros puestos y conseguir 5 victorias, 1 empate y 1 derrota en las 7 rondas.<\/span><\/strong><br \/>\n<strong><span style=\"font-family: Arial\">A partir del jueves 17 de marzo, este equipo formado por: Santiago Talavera, Daniel P\u00edriz, Jorge Sim\u00f3n, Sergio Valencia, Luis Miguel Monreal y Jos\u00e9 M\u00aa Pastrana comenzar\u00e1n su participaci\u00f3n en el Campeonato Regional Absoluto por Equipos que se celebrar\u00e1 hasta el domingo 20 de marzo en el hotel NL de Almansa (Albacete). \u00a1\u00a1 Mucho \u00e1nimo y suerte para ellos !!<\/span><\/strong><\/p>\n<table cellpadding=\"0\" cellspacing=\"0\" class=\"tr-caption-container\" style=\"float: right;margin-left: 1em;text-align: right\">\n<tbody>\n<tr>\n<td style=\"text-align: center\"><a href=\"https:\/\/www.bfv.cloud\/ajedrezeuropa\/wp-content\/uploads\/2011\/03\/PROVINCIALEQUIPOSABSTOLEDO033.jpg\" style=\"clear: right;margin-bottom: 1em;margin-left: auto;margin-right: auto\"><img decoding=\"async\" border=\"0\" height=\"300\" src=\"https:\/\/blogger.googleusercontent.com\/img\/b\/R29vZ2xl\/AVvXsEjt8SMLZpEjUWNhDQ0aBGn3VWNkQOl2oeg413RcSf9cOfv1rmSP7gJjFq0TZekaDb6S64d0MIs_9t_u7-w4hq_RX7PN87eqNVSV3KTk9kglGMh4aHdR1Yw4aMojFpc2udxTHKupP1nO21M\/s400\/PROVINCIAL+EQUIPOS+ABS+TOLEDO+033.jpg\" width=\"400\" \/><\/a><\/td>\n<\/tr>\n<tr>\n<td class=\"tr-caption\" style=\"text-align: center\">Nuestro Ajedrez en Europa \u00abB\u00bb obtiene 14 puntos y la 9\u00aa posici\u00f3n<\/td>\n<\/tr>\n<\/tbody>\n<\/table>\n<p>\ufeff\ufeff\ufeff\ufeff<\/p>\n<p>\n<strong><span style=\"font-family: Arial, Helvetica, sans-serif\">El segundo de los&nbsp;equipos, Nuestro Ajedrez en Europa \u00abB\u00bb, formado por antiguos alumnos de la escuela de Villafranca junto a 2 j\u00f3venes valores de Alc\u00e1zar, suma un total de 14 puntos tras 3 victorias, 1 empate y 3 derrotas,&nbsp;revalidando con su juego&nbsp;sus opciones de mantenerse en la 1\u00aa divisi\u00f3n provincial y&nbsp;un brillante campeonato.<\/span><\/strong><\/p>\n<table cellpadding=\"0\" cellspacing=\"0\" class=\"tr-caption-container\" style=\"float: left;margin-right: 1em;text-align: left\">\n<tbody>\n<tr>\n<td style=\"text-align: center\"><a href=\"https:\/\/www.bfv.cloud\/ajedrezeuropa\/wp-content\/uploads\/2011\/03\/PROVINCIALEQUIPOSABSTOLEDO035.jpg\" style=\"clear: left;margin-bottom: 1em;margin-left: auto;margin-right: auto\"><img loading=\"lazy\" decoding=\"async\" border=\"0\" height=\"300\" src=\"https:\/\/blogger.googleusercontent.com\/img\/b\/R29vZ2xl\/AVvXsEiQeAgGU8vzBofX6vBcAnpovuypf5IBKLC83Dg-LqVZuneDw8LXbkmbdhA7XoaNsG-OzpF6uonKyVqEJVOOsH7wyzcaPptNgxoEscv8vKBrmqqoQ3UcTL2_NxruVJG4HQsNp67GX21KCFI\/s400\/PROVINCIAL+EQUIPOS+ABS+TOLEDO+035.jpg\" width=\"400\" \/><\/a><\/td>\n<\/tr>\n<tr>\n<td class=\"tr-caption\" style=\"text-align: center\">10\u00aa plaza con 14 puntos para Nuestro Ajedrez por la Igualdad \u00abA\u00bb.<\/td>\n<\/tr>\n<\/tbody>\n<\/table>\n<p><strong><em><span style=\"font-family: Arial, Helvetica, sans-serif\">Por su parte, el&nbsp; club Nuestro Ajedrez por la Igualdad tambi\u00e9n ha estado presente con 2 equipos integrados exclusivamente por chicos y chicas de entre 10 y 17 a\u00f1os de edad. Para la \u00abIgualdad-A\u00bb los 14 puntos obtenidos han supuesto la 10\u00aa posici\u00f3n en la clasificaci\u00f3n final, mejorando notablemente su ranking inicial y superando a varios conjuntos de mayor valoraci\u00f3n elo. <\/span><\/em><\/strong><br \/>\n<strong><em><span style=\"font-family: Arial, Helvetica, sans-serif\">De este club forman parte los jugadores y jugadoras que el a\u00f1o que viene dar\u00e1n el relevo a los actuales campeones regionales sub-16&nbsp;con Nuestro Ajedrez en Europa. La preparaci\u00f3n para este importante reto les llevar\u00e1 a participar en un buen n\u00famero de competiciones a lo largo de 2011 y 2012, con el objetivo puesto en la adquisici\u00f3n de experiencia y en&nbsp;su mejora t\u00e9cnica.<\/span><\/em><\/strong><\/p>\n<p>\ufeff <\/p>\n<table cellpadding=\"0\" cellspacing=\"0\" class=\"tr-caption-container\" style=\"float: right;margin-left: 1em;text-align: right\">\n<tbody>\n<tr>\n<td style=\"text-align: center\"><a href=\"https:\/\/www.bfv.cloud\/ajedrezeuropa\/wp-content\/uploads\/2011\/03\/PROVINCIALEQUIPOSABSTOLEDO036.jpg\" style=\"clear: right;margin-bottom: 1em;margin-left: auto;margin-right: auto\"><img loading=\"lazy\" decoding=\"async\" border=\"0\" height=\"300\" src=\"https:\/\/blogger.googleusercontent.com\/img\/b\/R29vZ2xl\/AVvXsEhmXPJ5SJom1ciJiZc6foG_A0Y66p_V43xAQfwOU-LxnvmScuidRFhEy_DWPcB82rnojjdvx5Y4RSDJ8yqbCDR-madEgRjWK-ciU80ectgi7HN7ymKpleCIx-LYpWi8kUkx9ml4Vb6cqNk\/s400\/PROVINCIAL+EQUIPOS+ABS+TOLEDO+036.jpg\" width=\"400\" \/><\/a><\/td>\n<\/tr>\n<tr>\n<td class=\"tr-caption\" style=\"text-align: center\">Nuestro Ajedrez por la Igualdad \u00abB\u00bb: Ra\u00fal, Jos\u00e9 Luis, Jes\u00fas Mar\u00eda y An\u00edbal<\/td>\n<\/tr>\n<\/tbody>\n<\/table>\n<p>\ufeff <strong><em><span style=\"font-family: Arial\">La 4\u00aa formaci\u00f3n de nuestro proyecto presente en la sala de juego de Toledo&nbsp;ha sido la \u00abIgualdad-B\u00bb, que gracias a la constancia y tes\u00f3n de sus 5 componentes han mantenido su lucha por la 14\u00aa plaza hasta la \u00faltima ronda. Finalmente, con 6 puntos,&nbsp;es 16\u00aa clasificada&nbsp;a s\u00f3lo 0,5 punto de Y\u00e9benes y Sonseca \u00abB\u00bb.<\/span><\/em><\/strong><\/p>\n<p><strong><em><span style=\"font-family: Arial\">El balance final es excelente, ya que son este tipo de torneos los que aportan una visi\u00f3n m\u00e1s clara y definida del nivel conjunto de los alumnos y alumnas de nuestras escuelas, evidenciando los&nbsp;aspectos sobre los que habr\u00e1 que seguir incidiendo, as\u00ed como los avances que se han producido en cada caso.<\/span><\/em><\/strong><\/p>\n","protected":false},"excerpt":{"rendered":"<p>NUESTRO AJEDREZ EN EUROPA \u00abA\u00bb REVALIDA EL T\u00cdTULO DE SUBCAMPE\u00d3N EN EL ABSOLUTO POR EQUIPOS DE TOLEDO Acaba de finalizar el Campeonato Absoluto por Equipos de Toledo 2011, despu\u00e9s de 4 intensos domingos de competici\u00f3n. Por primera vez nuestro proyecto ha estado representado por 4 equipos que son el ejemplo del magn\u00edfico momento que vive [&hellip;]<\/p>\n","protected":false},"author":1,"featured_media":2018,"comment_status":"open","ping_status":"closed","sticky":false,"template":"","format":"standard","meta":{"footnotes":""},"categories":[1],"tags":[],"class_list":["post-2017","post","type-post","status-publish","format-standard","has-post-thumbnail","hentry","category-noticias"],"_links":{"self":[{"href":"https:\/\/www.bfv.cloud\/ajedrezeuropa\/wp-json\/wp\/v2\/posts\/2017","targetHints":{"allow":["GET"]}}],"collection":[{"href":"https:\/\/www.bfv.cloud\/ajedrezeuropa\/wp-json\/wp\/v2\/posts"}],"about":[{"href":"https:\/\/www.bfv.cloud\/ajedrezeuropa\/wp-json\/wp\/v2\/types\/post"}],"author":[{"embeddable":true,"href":"https:\/\/www.bfv.cloud\/ajedrezeuropa\/wp-json\/wp\/v2\/users\/1"}],"replies":[{"embeddable":true,"href":"https:\/\/www.bfv.cloud\/ajedrezeuropa\/wp-json\/wp\/v2\/comments?post=2017"}],"version-history":[{"count":1,"href":"https:\/\/www.bfv.cloud\/ajedrezeuropa\/wp-json\/wp\/v2\/posts\/2017\/revisions"}],"predecessor-version":[{"id":2023,"href":"https:\/\/www.bfv.cloud\/ajedrezeuropa\/wp-json\/wp\/v2\/posts\/2017\/revisions\/2023"}],"wp:featuredmedia":[{"embeddable":true,"href":"https:\/\/www.bfv.cloud\/ajedrezeuropa\/wp-json\/wp\/v2\/media\/2018"}],"wp:attachment":[{"href":"https:\/\/www.bfv.cloud\/ajedrezeuropa\/wp-json\/wp\/v2\/media?parent=2017"}],"wp:term":[{"taxonomy":"category","embeddable":true,"href":"https:\/\/www.bfv.cloud\/ajedrezeuropa\/wp-json\/wp\/v2\/categories?post=2017"},{"taxonomy":"post_tag","embeddable":true,"href":"https:\/\/www.bfv.cloud\/ajedrezeuropa\/wp-json\/wp\/v2\/tags?post=2017"}],"curies":[{"name":"wp","href":"https:\/\/api.w.org\/{rel}","templated":true}]}}