{"id":2024,"date":"2018-10-28T14:49:00","date_gmt":"2018-10-28T14:49:00","guid":{"rendered":"https:\/\/www.bfv.cloud\/ajedrezeuropa\/index.php\/2018\/10\/28\/alonso-lopez-en-el-campeonato-del-mundo-sub-12\/"},"modified":"2025-11-20T10:41:32","modified_gmt":"2025-11-20T10:41:32","slug":"alonso-lopez-en-el-campeonato-del-mundo-sub-12","status":"publish","type":"post","link":"https:\/\/www.bfv.cloud\/ajedrezeuropa\/alonso-lopez-en-el-campeonato-del-mundo-sub-12\/","title":{"rendered":"ALONSO L\u00d3PEZ EN EL CAMPEONATO DEL MUNDO SUB-12"},"content":{"rendered":"<table cellpadding=\"0\" cellspacing=\"0\" class=\"tr-caption-container\" style=\"float: left;margin-right: 1em;text-align: left\">\n<tbody>\n<tr>\n<td style=\"text-align: center\"><a href=\"https:\/\/www.bfv.cloud\/ajedrezeuropa\/wp-content\/uploads\/2018\/10\/IMG_20181026_224737.jpg\" style=\"clear: left;margin-bottom: 1em;margin-left: auto;margin-right: auto\"><img fetchpriority=\"high\" decoding=\"async\" border=\"0\" data-original-height=\"1600\" data-original-width=\"937\" height=\"640\" src=\"https:\/\/blogger.googleusercontent.com\/img\/b\/R29vZ2xl\/AVvXsEh3KLa42A0lI8tfDz0SS-lYJQ4Og53VKpMULGfmnpSFnvj5bhVk4VfYN0liAOjxJDH6yWrIzKpzWFQNmzhoDBx5mCKDAqKWbnrvcKsIA9aPm03p-U6yqSH8QtrrGt5lsN1V_VEMu0gYxx0\/s640\/IMG_20181026_224737.jpg\" width=\"369\" \/><\/a><\/td>\n<\/tr>\n<tr>\n<td class=\"tr-caption\" style=\"text-align: center\">Alonso con su premio en la Gala del Deporte de Alc\u00e1zar<\/td>\n<\/tr>\n<\/tbody>\n<\/table>\n<p><a href=\"https:\/\/www.bfv.cloud\/ajedrezeuropa\/wp-content\/uploads\/2018\/10\/CARTELCAMPEONATO.jpg\" style=\"clear: right;float: right;margin-bottom: 1em;margin-left: 1em\"><img decoding=\"async\" border=\"0\" data-original-height=\"341\" data-original-width=\"265\" height=\"400\" src=\"https:\/\/blogger.googleusercontent.com\/img\/b\/R29vZ2xl\/AVvXsEhYfa4JKLA5_iqUgiQPtYFl4sc6gJjCkwo_puCOPFGt3WtvzczBLUsiACOWSQlKpwP3BOGk6qLYQ0pZiaK8AqZ0k0l2evMHjiH3JrJXNyKCGFIaCNvEaBCwiQ5DeLbkHL6pMkW6UMBE06o\/s400\/CARTEL+CAMPEONATO.jpg\" width=\"307\" \/><\/a><span style=\"font-family: Verdana, sans-serif;font-size: large\"><b>Entre el 4 y el 15 de noviembre se disputar\u00e1 en Santiago de Compostela los campeonatos del mundo de las categor\u00edas sub-8, sub-10 y sub-12. Ser\u00e1n 200 los chicos que participar\u00e1n en el sub-12 procedentes de 63 pa\u00edses distintos. Alonso L\u00f3pez N\u00fa\u00f1ez, de 11 a\u00f1os de edad y nacido en la poblaci\u00f3n toledana de Mora, estar\u00e1 entre los 53 espa\u00f1oles que vivir\u00e1n esta experiencia \u00fanica. De este modo, Alonso, se convertir\u00e1 en el primer alumno\/jugador del proyecto Nuestro Ajedrez en Europa en competir en un mundial.&nbsp;<\/b><\/span><br \/>\n<span style=\"font-family: Verdana, sans-serif;font-size: large\"><b><br \/><\/b><\/span><br \/>\n<span style=\"font-family: Verdana, sans-serif;font-size: large\"><b><br \/><\/b><\/span><br \/>\n<span style=\"font-family: Verdana, sans-serif;font-size: large\"><b><br \/><\/b><\/span><br \/>\n<span style=\"font-family: Verdana, sans-serif;font-size: large\"><b><br \/><\/b><\/span><br \/>\n<span style=\"font-family: Verdana, sans-serif;font-size: large\"><b>A partir del pr\u00f3ximo 4 de noviembre tendremos oportunidad de seguirlo, partida a partida, hasta completar las 11 rondas que se disputar\u00e1n durante el campeonato.<\/b><\/span><br \/>\n<span style=\"font-family: Verdana, sans-serif;font-size: large\"><b>\u00a1\u00a1Mucho \u00e1nimo y a disfrutar de la experiencia, Alonso!!<\/b><\/span><\/p>\n<table align=\"center\" cellpadding=\"0\" cellspacing=\"0\" class=\"tr-caption-container\" style=\"margin-left: auto;margin-right: auto;text-align: center\">\n<tbody>\n<tr>\n<td style=\"text-align: center\"><a href=\"https:\/\/www.bfv.cloud\/ajedrezeuropa\/wp-content\/uploads\/2018\/10\/IMG_20181026_214538.jpg\" style=\"margin-left: auto;margin-right: auto\"><img decoding=\"async\" border=\"0\" data-original-height=\"1191\" data-original-width=\"1600\" height=\"472\" src=\"https:\/\/blogger.googleusercontent.com\/img\/b\/R29vZ2xl\/AVvXsEiNUYobPQVftj5z6ukVIPWZuJTOal61yot8-tdkxMYp9dHDP1OwQQCo9raPMuAUhM3sWZS6TziJK7L0bMi-uKZHS70ZycZdfYcVjAhALtpGRUkAaFw6kiSJ-kvx0b9TcDNyGKOB5BRI0g4\/s640\/IMG_20181026_214538.jpg\" width=\"640\" \/><\/a><\/td>\n<\/tr>\n<tr>\n<td class=\"tr-caption\" style=\"text-align: center\">Premiados en la Gala del Deporte de Alc\u00e1zar de San Juan 2018<\/td>\n<\/tr>\n<\/tbody>\n<\/table>\n<div style=\"text-align: center\">\n<span style=\"color: #660000;font-family: Verdana, sans-serif;font-size: large\"><i><u>Gala del Deporte de Alc\u00e1zar de San Juan<\/u><\/i><\/span><\/div>\n<div style=\"text-align: left\">\n<span style=\"color: #660000;font-family: Verdana, sans-serif;font-size: large\"><i>Adem\u00e1s, Alonso, tambi\u00e9n es noticia por ser uno de los tres finalistas al \u00abpremio del deporte en edad escolar\u00bb en la Gala del Deporte de Alc\u00e1zar de San Juan celebrada el pasado viernes por la noche en el Auditorio. Aunque, finalmente, el premio lo obtuvo el Grupo 76 de baloncesto, es todo un reconocimiento encontrarse entre los m\u00e1s destacados de la temporada en una ciudad con la enorme variedad en la pr\u00e1ctica deportiva que mantiene Alc\u00e1zar desde hace d\u00e9cadas.<\/i><\/span><\/div>\n<table align=\"center\" cellpadding=\"0\" cellspacing=\"0\" class=\"tr-caption-container\" style=\"margin-left: auto;margin-right: auto;text-align: center\">\n<tbody>\n<tr>\n<td style=\"text-align: center\"><a href=\"https:\/\/www.bfv.cloud\/ajedrezeuropa\/wp-content\/uploads\/2018\/10\/IMG_20181026_214521.jpg\" style=\"margin-left: auto;margin-right: auto\"><img loading=\"lazy\" decoding=\"async\" border=\"0\" data-original-height=\"1095\" data-original-width=\"1600\" height=\"434\" src=\"https:\/\/blogger.googleusercontent.com\/img\/b\/R29vZ2xl\/AVvXsEhAVgGktvUZCUT1DyRDVgprBRpKdv0-k1Igdy3oqG_CGb-do2ripo8e0SRWBNCDcJMIm7ANey1Jk3hymXohAjQ2UOTpTAuJKw5ILaewGKzrr7TQqCs8-EdM_soxvRz-90Qkgu_N0p9RAyU\/s640\/IMG_20181026_214521.jpg\" width=\"640\" \/><\/a><\/td>\n<\/tr>\n<tr>\n<td class=\"tr-caption\" style=\"text-align: center\">La alcaldesa de Alc\u00e1zar, Rosa Melchor, entregando el premio a Alonso<\/td>\n<\/tr>\n<\/tbody>\n<\/table>\n<div style=\"text-align: left\">\n<span style=\"color: #660000;font-family: Verdana, sans-serif;font-size: large\"><i><br \/><\/i><\/span><\/div>\n","protected":false},"excerpt":{"rendered":"<p>Alonso con su premio en la Gala del Deporte de Alc\u00e1zar Entre el 4 y el 15 de noviembre se disputar\u00e1 en Santiago de Compostela los campeonatos del mundo de las categor\u00edas sub-8, sub-10 y sub-12. Ser\u00e1n 200 los chicos que participar\u00e1n en el sub-12 procedentes de 63 pa\u00edses distintos. Alonso L\u00f3pez N\u00fa\u00f1ez, de 11 [&hellip;]<\/p>\n","protected":false},"author":1,"featured_media":2025,"comment_status":"open","ping_status":"closed","sticky":false,"template":"","format":"standard","meta":{"footnotes":""},"categories":[1],"tags":[],"class_list":["post-2024","post","type-post","status-publish","format-standard","has-post-thumbnail","hentry","category-noticias"],"_links":{"self":[{"href":"https:\/\/www.bfv.cloud\/ajedrezeuropa\/wp-json\/wp\/v2\/posts\/2024","targetHints":{"allow":["GET"]}}],"collection":[{"href":"https:\/\/www.bfv.cloud\/ajedrezeuropa\/wp-json\/wp\/v2\/posts"}],"about":[{"href":"https:\/\/www.bfv.cloud\/ajedrezeuropa\/wp-json\/wp\/v2\/types\/post"}],"author":[{"embeddable":true,"href":"https:\/\/www.bfv.cloud\/ajedrezeuropa\/wp-json\/wp\/v2\/users\/1"}],"replies":[{"embeddable":true,"href":"https:\/\/www.bfv.cloud\/ajedrezeuropa\/wp-json\/wp\/v2\/comments?post=2024"}],"version-history":[{"count":1,"href":"https:\/\/www.bfv.cloud\/ajedrezeuropa\/wp-json\/wp\/v2\/posts\/2024\/revisions"}],"predecessor-version":[{"id":2029,"href":"https:\/\/www.bfv.cloud\/ajedrezeuropa\/wp-json\/wp\/v2\/posts\/2024\/revisions\/2029"}],"wp:featuredmedia":[{"embeddable":true,"href":"https:\/\/www.bfv.cloud\/ajedrezeuropa\/wp-json\/wp\/v2\/media\/2025"}],"wp:attachment":[{"href":"https:\/\/www.bfv.cloud\/ajedrezeuropa\/wp-json\/wp\/v2\/media?parent=2024"}],"wp:term":[{"taxonomy":"category","embeddable":true,"href":"https:\/\/www.bfv.cloud\/ajedrezeuropa\/wp-json\/wp\/v2\/categories?post=2024"},{"taxonomy":"post_tag","embeddable":true,"href":"https:\/\/www.bfv.cloud\/ajedrezeuropa\/wp-json\/wp\/v2\/tags?post=2024"}],"curies":[{"name":"wp","href":"https:\/\/api.w.org\/{rel}","templated":true}]}}