{"id":2030,"date":"2016-03-22T08:12:00","date_gmt":"2016-03-22T08:12:00","guid":{"rendered":"https:\/\/www.bfv.cloud\/ajedrezeuropa\/index.php\/2016\/03\/22\/nuestro-ajedrez-en-europa-vuelve-a-hacer-patente-su-fuerza-en-el-regional-de-edades\/"},"modified":"2025-11-20T10:41:38","modified_gmt":"2025-11-20T10:41:38","slug":"nuestro-ajedrez-en-europa-vuelve-a-hacer-patente-su-fuerza-en-el-regional-de-edades","status":"publish","type":"post","link":"https:\/\/www.bfv.cloud\/ajedrezeuropa\/nuestro-ajedrez-en-europa-vuelve-a-hacer-patente-su-fuerza-en-el-regional-de-edades\/","title":{"rendered":"NUESTRO AJEDREZ EN EUROPA VUELVE A HACER PATENTE SU FUERZA EN EL REGIONAL DE EDADES"},"content":{"rendered":"<table align=\"center\" cellpadding=\"0\" cellspacing=\"0\" class=\"tr-caption-container\" style=\"margin-left: auto;margin-right: auto;text-align: center\">\n<tbody>\n<tr>\n<td style=\"text-align: center\"><a href=\"https:\/\/www.bfv.cloud\/ajedrezeuropa\/wp-content\/uploads\/2016\/03\/IMG_20160320_094750.jpg\" style=\"margin-left: auto;margin-right: auto\"><img fetchpriority=\"high\" decoding=\"async\" border=\"0\" height=\"321\" src=\"https:\/\/blogger.googleusercontent.com\/img\/b\/R29vZ2xl\/AVvXsEhtPrd8rsIJzo7RoJQ97TX7p6GWCPQaf41QukRtk_euZ6kaMqk0o_J6yrwJBiQ1nuXXw7ccQkCZ4VRFwKpAe7Mysb8jQhj4jSliTi6RaJ6Y0TF0CXFwDOJ5MPo3dEr8SiRztUutpxurDDc\/s640\/IMG_20160320_094750.jpg\" width=\"640\" \/><\/a><\/td>\n<\/tr>\n<tr>\n<td class=\"tr-caption\" style=\"text-align: center\">18 de nuestros jugadores con su monitor<\/td>\n<\/tr>\n<\/tbody>\n<\/table>\n<p><span style=\"color: blue;, sans-serif\"><b>Tres d\u00edas de competici\u00f3n han servido para volver a situar a nuestro proyecto entre los mejores del ajedrez castellano-manchego. La cuenta de resultados de los 20 jugadores de las escuelas de Alc\u00e1zar y Villafranca en el Campeonato Regional de Edades ha sumado grandes beneficios tanto en nivel de juego como en \u00e9xitos deportivos.&nbsp;<\/b><\/span><br \/>\n<span style=\"color: blue;, sans-serif\"><b><br \/><\/b><\/span><br \/>\n<\/p>\n<div>\n<div style=\"text-align: center\">\n<span style=\"color: blue;, sans-serif;font-size: large\"><b><i><u>DOS OROS, DOS PLATAS Y UN BRONCE<\/u><\/i><\/b><\/span><\/div>\n<\/div>\n<div>\n<table cellpadding=\"0\" cellspacing=\"0\" class=\"tr-caption-container\" style=\"float: right;margin-left: 1em;text-align: right\">\n<tbody>\n<tr>\n<td style=\"text-align: center\"><a href=\"https:\/\/www.bfv.cloud\/ajedrezeuropa\/wp-content\/uploads\/2016\/03\/IMG-20160321-WA0003.jpg\" style=\"clear: right;margin-bottom: 1em;margin-left: auto;margin-right: auto\"><img decoding=\"async\" border=\"0\" height=\"252\" src=\"https:\/\/blogger.googleusercontent.com\/img\/b\/R29vZ2xl\/AVvXsEi-bhqR-qNB8l432R8NFxX8TccFssDSxPDlYQrAJxxWSzde7BCZL6Tpp58d_T6UuXnwiVPe3MRTRVxgtN4rWwkxzKOXhQT6Az_GdFBkhbt25jH29S3FMpr_nyM2xIHl0uF_KGn8M90TDpc\/s400\/IMG-20160321-WA0003.jpg\" width=\"400\" \/><\/a><\/td>\n<\/tr>\n<tr>\n<td class=\"tr-caption\" style=\"text-align: center\">Alonso L\u00f3pez, campe\u00f3n sub-10, y Nuria Lozano, campeona sub-12<\/td>\n<\/tr>\n<\/tbody>\n<\/table>\n<p><span style=\"color: blue;, sans-serif\"><b><br \/><\/b><\/span><br \/>\n<span style=\"color: blue;, sans-serif\"><b><u>Alonso L\u00f3pez N\u00fa\u00f1ez<\/u>, campe\u00f3n sub-10 con 8 puntos sobre 9, y<u> Nuria Lozano Serrano<\/u>, campeona sub-12 con 4 puntos sobre 6, han confirmado su enorme futuro y su magn\u00edfica progresi\u00f3n en el mundo del ajedrez de competici\u00f3n.&nbsp;<\/b><\/span><\/div>\n<div>\n<span style=\"color: blue;, sans-serif\"><b>Como subcampeonas auton\u00f3micas:<u> Isabel Marcos-Alberca Lizcano<\/u> en el sub-14 e <u>Irene Sim\u00f3n Escalona<\/u> en el sub-16, han demostrado su val\u00eda y su merecida presencia entre las mejores jugadoras de Castilla-La Mancha.&nbsp;<\/b><\/span><\/div>\n<div>\n<span style=\"color: blue;, sans-serif\"><b>En el tercer escal\u00f3n del medallero, con un bronce que pod\u00eda haber sido perfectamente un oro por los merecimientos sobre el tablero, se ha situado <u>Roberto L\u00f3pez N\u00fa\u00f1ez<\/u>. Este joven jugador, en su primer a\u00f1o de sub-16, se ha enfrentado con los ajedrecistas de mayor ranking de su categor\u00eda, venciendo con autoridad a varios de ellos y quedando muy cerca del triunfo con el resto. La profundidad del juego de Roberto unida a su exhaustiva preparaci\u00f3n t\u00e9cnica han contribuido a situarlo en la \u00e9lite de su categor\u00eda.<\/b><\/span><br \/>\n<span style=\"color: blue;, sans-serif\"><b><br \/><\/b><\/span><\/div>\n<div>\n<div style=\"text-align: center\">\n<span style=\"color: blue;, sans-serif;font-size: large\"><b><i><u>PUESTOS DE M\u00c9RITO EN EL RESTO DE CATEGOR\u00cdAS<\/u><\/i><\/b><\/span><\/div>\n<div class=\"separator\" style=\"clear: both;text-align: center\">\n<\/div>\n<p><\/p>\n<table cellpadding=\"0\" cellspacing=\"0\" class=\"tr-caption-container\" style=\"float: left;margin-right: 1em;text-align: left\">\n<tbody>\n<tr>\n<td style=\"text-align: center\"><a href=\"https:\/\/www.bfv.cloud\/ajedrezeuropa\/wp-content\/uploads\/2016\/03\/IMG_20160320_100613.jpg\" style=\"clear: left;margin-bottom: 1em;margin-left: auto;margin-right: auto\"><img decoding=\"async\" border=\"0\" height=\"180\" src=\"https:\/\/blogger.googleusercontent.com\/img\/b\/R29vZ2xl\/AVvXsEgTXYPxAaFmVTDaaDSapN0A6zNVcMs4tkwPczXolAdNXIm3psCJn0m1CpYBUgbXRMPm3VAQN6dZuqbS-crjbztIUvn5RgVQHNoPWzRtdPCh0gC3srX8lZc19vPVuqFdAcVZiIOw_o583wU\/s400\/IMG_20160320_100613.jpg\" width=\"400\" \/><\/a><\/td>\n<\/tr>\n<tr>\n<td class=\"tr-caption\" style=\"text-align: center\">Una imagen general de la sala de juego<\/td>\n<\/tr>\n<\/tbody>\n<\/table>\n<div style=\"text-align: center\">\n<span style=\"color: blue;, sans-serif\"><b><i><u><br \/><\/u><\/i><\/b><\/span><\/div>\n<\/div>\n<div>\n<span style=\"color: blue;, sans-serif\"><b>Haciendo un repaso por las distintas categor\u00edas donde han participado jugadores de Nuestro Ajedrez por la Igualdad y de Nuestro Ajedrez en Europa nos encontramos con muchos m\u00e1s resultados destacados. Comenzando por el sub-10, estos han sido:<\/b><\/span><\/div>\n<div>\n<span style=\"color: blue;, sans-serif\"><b><u>Gabriel Amador And\u00fajar<\/u>, 7\u00ba con 6 puntos, despu\u00e9s de sumar como victorias todas sus partidas de las \u00faltimas 5 rondas. <u>\u00c1lvaro Alberca Ortuno<\/u>, 4 puntos, mejorando significativamente su resultado de primer a\u00f1o de la temporada pasada.<u> \u00c1ngel Carrasco Blazquez<\/u>, 4 puntos, en su primera participaci\u00f3n en una fase regional.<\/b><\/span><\/div>\n<div>\n<span style=\"color: blue;, sans-serif\"><b>En el sub-12, el novel <u>Daniel Climent Castillo<\/u>, ha sorprendido por su madurez en el juego, obteniendo la 19\u00aa posici\u00f3n con 3 puntos; acompa\u00f1ado de <u>Rafael Carrasco Blazquez<\/u> con 2 puntos.<\/b><\/span><\/div>\n<div>\n<span style=\"color: blue;, sans-serif\"><b>La categor\u00eda sub-14 ha sido la m\u00e1s numerosa en cuanto a la participaci\u00f3n de los chicos y chicas de nuestros clubes y escuelas, 8 de un total de 44. Esta ha sido la puntuaci\u00f3n y clasificaci\u00f3n final de los 7 que no han obtenido trofeo: <u>Alfredo Amador And\u00fajar<\/u>, 4 puntos y 8\u00ba clasificado; <u>Arturo Mate Mart\u00edn<\/u>, 3,5 puntos (12\u00ba); <u>Enrique Velasco Aragon\u00e9s<\/u>, 3,5 puntos (14\u00ba); con 2 puntos, <u>Pablo Vela Adri\u00e1n<\/u>&nbsp;(34\u00ba); <u>Clara Vela Adri\u00e1n<\/u>&nbsp;(7\u00aa femenina); <u>Mar\u00eda Oliver Ropero<\/u>&nbsp;(8\u00aa femenina); y <u>Julia Meza Osorio<\/u>, (9\u00aa femenina).<\/b><\/span><br \/>\n<span style=\"color: blue;, sans-serif\"><b>El sub-16 tiene una importancia decisiva para nuestros equipos, por eso es tan relevante la evoluci\u00f3n de los jugadores en esta categor\u00eda. Tanto Irene como Roberto han merecido mayor premio, aunque el deporte es as\u00ed y la \u00faltima ronda los situ\u00f3 por debajo de sus m\u00e9ritos durante el torneo. <u>Julio M\u00e9rida Ortiz<\/u> ha sido el tercer ajedrecista que nos ha representado, obteniendo 2 puntos.<\/b><\/span><br \/>\n<span style=\"color: blue;, sans-serif\"><b>Por \u00faltimo, hemos de destacar la labor realizada por nuestros representantes en la categor\u00eda sub-18, donde&nbsp;<u>Javier Valdepe\u00f1as Octavio<\/u>, 3 puntos y 10\u00ba clasificado, y <u>Silvia Toribio Camu\u00f1as<\/u>, 2 puntos y 4\u00aa posici\u00f3n femenina, no han obtenido un buen resultado, pero hay que rese\u00f1ar el esfuerzo suplementario que se les exige a nuestros jugadores del juvenil al ser tambi\u00e9n responsables de la preparaci\u00f3n del resto de sus compa\u00f1eros.<\/b><\/span><br \/>\n<span style=\"color: blue;, sans-serif\"><b><br \/><\/b><\/span><br \/>\n<\/p>\n<div style=\"text-align: center\">\n<span style=\"color: blue;, sans-serif;font-size: large\"><b><i><u>EL TRABAJO DE LOS TRES MONITORES DE NUESTRAS ESCUELAS<\/u><\/i><\/b><\/span><\/div>\n<div style=\"text-align: center\">\n<span style=\"color: blue;, sans-serif\"><b><i><u><br \/><\/u><\/i><\/b><\/span><\/div>\n<table cellpadding=\"0\" cellspacing=\"0\" class=\"tr-caption-container\" style=\"float: right;margin-left: 1em;text-align: right\">\n<tbody>\n<tr>\n<td style=\"text-align: center\"><a href=\"https:\/\/www.bfv.cloud\/ajedrezeuropa\/wp-content\/uploads\/2016\/03\/IMG_20160321_141347.jpg\" style=\"clear: right;margin-bottom: 1em;margin-left: auto;margin-right: auto\"><img loading=\"lazy\" decoding=\"async\" border=\"0\" height=\"300\" src=\"https:\/\/blogger.googleusercontent.com\/img\/b\/R29vZ2xl\/AVvXsEgAkk_x6JxcZIm4iPMND0HaDGc00Iq_u_nDleE8mKGJDaZCkKyc_p_ncH-rD8I2AmUGjxVsKOkYuNJl_EvE77EZbBabddphXxZKH-c3N4QuJyBG_flo9-C9lIb5xnRMQUxHyBOqTtWeXw0\/s400\/IMG_20160321_141347.jpg\" width=\"400\" \/><\/a><\/td>\n<\/tr>\n<tr>\n<td class=\"tr-caption\" style=\"text-align: center\">Algunos de nuestros jugadores tras la entrega de premios<\/td>\n<\/tr>\n<\/tbody>\n<\/table>\n<p><span style=\"color: blue;, sans-serif\"><b>Es imprescindible agradecer y mencionar el buen trabajo realizado por Luismi Monreal Bejarano, como monitor de los chicos de menor edad, y por los dos jugadores del sub-18 que acabamos de mencionar, Javier Valdepe\u00f1as Octavio y Silvia Toribio Camu\u00f1as, que han compatibilizado su participaci\u00f3n en el torneo con el entrenamiento de los jugadores sub-14 y sub-16.<\/b><\/span><\/div>\n","protected":false},"excerpt":{"rendered":"<p>18 de nuestros jugadores con su monitor Tres d\u00edas de competici\u00f3n han servido para volver a situar a nuestro proyecto entre los mejores del ajedrez castellano-manchego. La cuenta de resultados de los 20 jugadores de las escuelas de Alc\u00e1zar y Villafranca en el Campeonato Regional de Edades ha sumado grandes beneficios tanto en nivel de [&hellip;]<\/p>\n","protected":false},"author":1,"featured_media":2031,"comment_status":"open","ping_status":"closed","sticky":false,"template":"","format":"standard","meta":{"footnotes":""},"categories":[1],"tags":[],"class_list":["post-2030","post","type-post","status-publish","format-standard","has-post-thumbnail","hentry","category-noticias"],"_links":{"self":[{"href":"https:\/\/www.bfv.cloud\/ajedrezeuropa\/wp-json\/wp\/v2\/posts\/2030","targetHints":{"allow":["GET"]}}],"collection":[{"href":"https:\/\/www.bfv.cloud\/ajedrezeuropa\/wp-json\/wp\/v2\/posts"}],"about":[{"href":"https:\/\/www.bfv.cloud\/ajedrezeuropa\/wp-json\/wp\/v2\/types\/post"}],"author":[{"embeddable":true,"href":"https:\/\/www.bfv.cloud\/ajedrezeuropa\/wp-json\/wp\/v2\/users\/1"}],"replies":[{"embeddable":true,"href":"https:\/\/www.bfv.cloud\/ajedrezeuropa\/wp-json\/wp\/v2\/comments?post=2030"}],"version-history":[{"count":1,"href":"https:\/\/www.bfv.cloud\/ajedrezeuropa\/wp-json\/wp\/v2\/posts\/2030\/revisions"}],"predecessor-version":[{"id":2035,"href":"https:\/\/www.bfv.cloud\/ajedrezeuropa\/wp-json\/wp\/v2\/posts\/2030\/revisions\/2035"}],"wp:featuredmedia":[{"embeddable":true,"href":"https:\/\/www.bfv.cloud\/ajedrezeuropa\/wp-json\/wp\/v2\/media\/2031"}],"wp:attachment":[{"href":"https:\/\/www.bfv.cloud\/ajedrezeuropa\/wp-json\/wp\/v2\/media?parent=2030"}],"wp:term":[{"taxonomy":"category","embeddable":true,"href":"https:\/\/www.bfv.cloud\/ajedrezeuropa\/wp-json\/wp\/v2\/categories?post=2030"},{"taxonomy":"post_tag","embeddable":true,"href":"https:\/\/www.bfv.cloud\/ajedrezeuropa\/wp-json\/wp\/v2\/tags?post=2030"}],"curies":[{"name":"wp","href":"https:\/\/api.w.org\/{rel}","templated":true}]}}