{"id":2036,"date":"2015-04-21T22:01:00","date_gmt":"2015-04-21T22:01:00","guid":{"rendered":"https:\/\/www.bfv.cloud\/ajedrezeuropa\/index.php\/2015\/04\/21\/la-fase-regional-del-deporte-en-edad-escolar-contara-con-8-jugadores-de-nuestro-ajedrez-en-europa\/"},"modified":"2025-11-20T10:41:38","modified_gmt":"2025-11-20T10:41:38","slug":"la-fase-regional-del-deporte-en-edad-escolar-contara-con-8-jugadores-de-nuestro-ajedrez-en-europa","status":"publish","type":"post","link":"https:\/\/www.bfv.cloud\/ajedrezeuropa\/la-fase-regional-del-deporte-en-edad-escolar-contara-con-8-jugadores-de-nuestro-ajedrez-en-europa\/","title":{"rendered":"LA FASE REGIONAL DEL DEPORTE EN EDAD ESCOLAR CONTAR\u00c1 CON 8 JUGADORES DE NUESTRO AJEDREZ EN EUROPA"},"content":{"rendered":"<table align=\"center\" cellpadding=\"0\" cellspacing=\"0\" class=\"tr-caption-container\" style=\"float: right;margin-left: 1em;text-align: right\">\n<tbody>\n<tr>\n<td style=\"text-align: center\"><img fetchpriority=\"high\" decoding=\"async\" height=\"203\" src=\"http:\/\/www.cuencanews.es\/images\/stories\/agosto13\/maria-molina.jpg\" style=\"margin-left: auto;margin-right: auto\" width=\"320\" \/><\/td>\n<\/tr>\n<tr>\n<td class=\"tr-caption\" style=\"text-align: center\">Una vista del exterior de la R.U. Mar\u00eda de Molina de Cuenca<\/td>\n<\/tr>\n<\/tbody>\n<\/table>\n<div style=\"margin-bottom: .0001pt;margin: 0cm;text-align: justify\">\n<span style=\"font-family: Arial, Helvetica, sans-serif\"><i>Entre<br \/>\nel 30 de abril y el 3 de mayo se disputar\u00e1 en la residencia universitaria Mar\u00eda<br \/>\nde Molina de Cuenca la fase auton\u00f3mica del Campeonato Regional del Deporte en<br \/>\nEdad Escolar en la modalidad de ajedrez. Los 8 clasificados del proyecto<br \/>\nNUESTRO AJEDREZ EN EUROPA asistir\u00e1n en representaci\u00f3n de las provincias de<br \/>\nCiudad Real y Toledo, ocupando sus plazas dentro de las 4 categor\u00edas en juego:<\/i><\/span><\/div>\n<div style=\"margin-bottom: .0001pt;margin: 0cm;text-align: justify\">\n<\/div>\n<div style=\"margin-bottom: .0001pt;margin: 0cm;text-align: justify\">\n<span style=\"font-family: Arial, Helvetica, sans-serif\"><b><u><span style=\"color: navy\">CADETE MASCULINO:<\/span><\/u><\/b><b><span style=\"color: navy\">&nbsp; &nbsp;<\/span><\/b><b>Javier Valdepe\u00f1as Octavio.<\/b><\/span><\/div>\n<div style=\"margin-bottom: .0001pt;margin: 0cm;text-align: justify\">\n<span style=\"font-family: Arial, Helvetica, sans-serif\"><b><u><span style=\"color: navy\">CADETE FEMENINO:<\/span><\/u><\/b><b><span style=\"color: navy\">&nbsp;&nbsp; <\/span><\/b><b>Irene<br \/>\nSim\u00f3n Escalona, Marta Espinosa Gil y Alba P\u00edriz Fern\u00e1ndez.<\/b><\/span><\/div>\n<div style=\"margin-bottom: .0001pt;margin: 0cm;text-align: justify\">\n<span style=\"font-family: Arial, Helvetica, sans-serif\"><b><u><span style=\"color: navy\">INFANTIL MASCULINO:<\/span><\/u><\/b><b><span style=\"color: navy\">&nbsp;&nbsp; <\/span><\/b><b>Roberto<br \/>\nL\u00f3pez N\u00fa\u00f1ez.<\/b><\/span><\/div>\n<div style=\"margin-bottom: .0001pt;margin: 0cm;text-align: justify\">\n<span style=\"font-family: Arial, Helvetica, sans-serif\"><b><u><span style=\"color: navy\">INFANTIL FEMENINO:<\/span><\/u><\/b><b><span style=\"color: navy\">&nbsp;&nbsp; <\/span><\/b><b>Mar\u00eda<br \/>\nOliver Ropero, Julia Meza Osorio e Isabel Marcos-Alberca Lizcano.<\/b><\/span><span><\/span><\/div>\n<div class=\"MsoBodyText\" style=\"text-align: justify\">\n<\/div>\n<div class=\"MsoBodyText\" style=\"text-align: justify\">\n<i><span style=\"color: windowtext;font-size: 12.0pt\"><span style=\"font-family: Arial, Helvetica, sans-serif\">El reciente cambio en la ciudad que<br \/>\nalbergar\u00e1 esta fase regional, ha pasado a ser en Cuenca aunque inicialmente era<br \/>\nen Toledo, no permite participar a otra de nuestras jugadoras: Nuria Lozano.<br \/>\nAunque por su edad, apenas 10 a\u00f1os, y su notable trayectoria ajedrec\u00edstica,<br \/>\ntendr\u00e1 muchas m\u00e1s oportunidades de competir por su clasificaci\u00f3n para el<br \/>\nCampeonato de Espa\u00f1a. Las 6 chicas y los 2 chicos pertenecientes a las escuelas<br \/>\nde ajedrez de Alc\u00e1zar y Villafranca medir\u00e1n sus conocimientos y preparaci\u00f3n con<br \/>\nun centenar de jugadores de toda Castilla-La Mancha, en un campeonato a 6<br \/>\nrondas con un ritmo de juego de 90 minutos m\u00e1s 30 segundos por jugada.<\/span><\/span><span style=\"color: windowtext;font-family: Arial, Helvetica, sans-serif;font-size: 12pt\">&nbsp;<\/span><\/i><\/div>\n<p><\/p>\n<div class=\"MsoBodyText\" style=\"text-align: justify\">\n<span style=\"color: windowtext;font-size: 12.0pt\"><span style=\"font-family: Arial, Helvetica, sans-serif\"><i>Las dos categor\u00edas del Infantil dan<br \/>\nla oportunidad de jugar la fase nacional por selecciones auton\u00f3micas a los 3<br \/>\nprimeros clasificados masculinos y a las 3 primeras chicas, mientras que el<br \/>\ncadete sigue quedando fuera de los restrictivos planes de promoci\u00f3n deportiva<br \/>\ndel actual Consejo Superior de Deportes.&nbsp;<\/i><\/span><\/span><\/div>\n","protected":false},"excerpt":{"rendered":"<p>Una vista del exterior de la R.U. Mar\u00eda de Molina de Cuenca Entre el 30 de abril y el 3 de mayo se disputar\u00e1 en la residencia universitaria Mar\u00eda de Molina de Cuenca la fase auton\u00f3mica del Campeonato Regional del Deporte en Edad Escolar en la modalidad de ajedrez. Los 8 clasificados del proyecto NUESTRO [&hellip;]<\/p>\n","protected":false},"author":1,"featured_media":0,"comment_status":"open","ping_status":"closed","sticky":false,"template":"","format":"standard","meta":{"footnotes":""},"categories":[1],"tags":[],"class_list":["post-2036","post","type-post","status-publish","format-standard","hentry","category-noticias"],"_links":{"self":[{"href":"https:\/\/www.bfv.cloud\/ajedrezeuropa\/wp-json\/wp\/v2\/posts\/2036","targetHints":{"allow":["GET"]}}],"collection":[{"href":"https:\/\/www.bfv.cloud\/ajedrezeuropa\/wp-json\/wp\/v2\/posts"}],"about":[{"href":"https:\/\/www.bfv.cloud\/ajedrezeuropa\/wp-json\/wp\/v2\/types\/post"}],"author":[{"embeddable":true,"href":"https:\/\/www.bfv.cloud\/ajedrezeuropa\/wp-json\/wp\/v2\/users\/1"}],"replies":[{"embeddable":true,"href":"https:\/\/www.bfv.cloud\/ajedrezeuropa\/wp-json\/wp\/v2\/comments?post=2036"}],"version-history":[{"count":1,"href":"https:\/\/www.bfv.cloud\/ajedrezeuropa\/wp-json\/wp\/v2\/posts\/2036\/revisions"}],"predecessor-version":[{"id":2037,"href":"https:\/\/www.bfv.cloud\/ajedrezeuropa\/wp-json\/wp\/v2\/posts\/2036\/revisions\/2037"}],"wp:attachment":[{"href":"https:\/\/www.bfv.cloud\/ajedrezeuropa\/wp-json\/wp\/v2\/media?parent=2036"}],"wp:term":[{"taxonomy":"category","embeddable":true,"href":"https:\/\/www.bfv.cloud\/ajedrezeuropa\/wp-json\/wp\/v2\/categories?post=2036"},{"taxonomy":"post_tag","embeddable":true,"href":"https:\/\/www.bfv.cloud\/ajedrezeuropa\/wp-json\/wp\/v2\/tags?post=2036"}],"curies":[{"name":"wp","href":"https:\/\/api.w.org\/{rel}","templated":true}]}}