{"id":2038,"date":"2012-06-03T13:00:00","date_gmt":"2012-06-03T13:00:00","guid":{"rendered":"https:\/\/www.bfv.cloud\/ajedrezeuropa\/index.php\/2012\/06\/03\/nuestros-equipos-entran-en-competicion\/"},"modified":"2025-11-20T10:41:42","modified_gmt":"2025-11-20T10:41:42","slug":"nuestros-equipos-entran-en-competicion","status":"publish","type":"post","link":"https:\/\/www.bfv.cloud\/ajedrezeuropa\/nuestros-equipos-entran-en-competicion\/","title":{"rendered":"NUESTROS EQUIPOS ENTRAN EN COMPETICI\u00d3N"},"content":{"rendered":"<div class=\"separator\" style=\"clear: both;text-align: center\"><a href=\"https:\/\/www.bfv.cloud\/ajedrezeuropa\/wp-content\/uploads\/2012\/06\/PresentaciC3B3ngaladeldeporte2011-2.png\" style=\"clear: left;float: left;margin-bottom: 1em;margin-right: 1em\"><img fetchpriority=\"high\" decoding=\"async\" border=\"0\" height=\"240\" src=\"https:\/\/blogger.googleusercontent.com\/img\/b\/R29vZ2xl\/AVvXsEiTnhO6QPG_vK86ZrlqH7zUCfdDLwNtHzQwoACZlahBZKvj3i9bqNaUn7R8a7NDoV6iXMohpggEejB8nRxAn0N9rStaWtKKr6kUc32f1gheE8p620NXSGWha8b_YJ0bdHI-UIMWBHlkc60\/s320\/Presentaci%C3%B3n+gala+del+deporte+2011-2.png\" width=\"320\" \/><\/a><\/div>\n<p>&nbsp;<span style=\"color: blue;font-family: Verdana, sans-serif\">La segunda parte de cada temporada est\u00e1 principalmente dedicada a las distintas competiciones de ajedrez&nbsp;por equipos organizadas por las&nbsp;federaciones dentro de su \u00e1mbito territorial. La primera cita es el Campeonato de Castilla-La Mancha por equipos en la categor\u00eda absoluta, donde NUESTRO AJEDREZ EN EUROPA intentar\u00e1 mejorar la 5\u00aa plaza obtenida el a\u00f1o pasado en Almansa. El equipo que nos representar\u00e1 ser\u00e1 casi en su integridad el del a\u00f1o pasado con la incorporaci\u00f3n de 2 jugadores de nuestra actual formaci\u00f3n sub-16. <\/span><span style=\"color: blue;font-family: Verdana\">El enlace para seguir los resultados es este:<\/span><\/p>\n<div align=\"center\"><a href=\"http:\/\/chess-results.com\/tnr72249.aspx?lan=2\"><span style=\"color: lime;font-family: Verdana, sans-serif\"><strong>Campeonato Regional por Equipos ABS-2012<\/strong><\/span><\/a><span style=\"color: lime;font-family: Verdana, sans-serif\"><strong>\ufeff<\/strong><\/span><\/div>\n<div align=\"center\">\n<\/div>\n<div class=\"separator\" style=\"clear: both;text-align: center\"><a href=\"https:\/\/www.bfv.cloud\/ajedrezeuropa\/wp-content\/uploads\/2012\/06\/PresentaciC3B3ngaladeldeporte2011.png\" style=\"margin-left: 1em;margin-right: 1em\"><img decoding=\"async\" border=\"0\" height=\"300\" src=\"https:\/\/blogger.googleusercontent.com\/img\/b\/R29vZ2xl\/AVvXsEjaoJqzn046b97Q8VaQR8m8WEAFM00GtFDWUlV1CxFGXqjGjyWYKOARYkIkwXG-9uN8qE7lXr0pdg7UtXvM7N31shW9WIlLLH3mBsisgls9XrisRHCyaWDb2QMWXLML4KBjTk87mELzNTI\/s400\/Presentaci%C3%B3n+gala+del+deporte+2011.png\" width=\"400\" \/><\/a><\/div>\n<div align=\"center\" style=\"border-bottom: medium none;border-left: medium none;border-right: medium none;border-top: medium none\">\n<\/div>\n<div style=\"clear: both;text-align: center\"><span style=\", sans-serif\"><u>CAMPEONATO PROVINCIAL DE TOLEDO POR CLUBES SUB-16<\/u>&nbsp;<\/span><\/div>\n<div style=\"clear: both;text-align: left\"><span style=\"font-family: Trebuchet MS\">Hace un par de d\u00edas que hemos recibido la grata sorpresa de la pr\u00f3xima celebraci\u00f3n de este campeonato por equipos en su fase provincial de Toledo. Al parecer la Delegaci\u00f3n de Toledo y sus asesores t\u00e9cnicos han conseguido confeccionar un 4\u00ba equipo para hacer posible la disputa de esta competici\u00f3n de una forma seria y ya veremos si correcta. Esperemos que la chapucera forma de actuar y organizar los torneos que tan acreditada tiene esta Delegaci\u00f3n no sea, de nuevo, la ense\u00f1a con la que nos obsequien. Por lo pronto, tanto NUESTRO AJEDREZ POR LA IGUALDAD como NUESTRO AJEDREZ EN EUROPA, van a participar de la forma que es costumbre: con absoluta deportividad y entrega leal y respetuosa al noble juego del ajedrez. <\/span><\/div>\n<div style=\"clear: both;text-align: left\"><span style=\"font-family: Trebuchet MS\">El s\u00e1bado 23 de junio el Centro Cultural San Marcos de Toledo albergar\u00e1 este campeonato en jornada de ma\u00f1ana y tarde. La organizaci\u00f3n ha establecido un sistema de liga a una vuelta a un ritmo de 45 minutos por jugador con incremento de 30 segundos desde el primer movimiento. De acuerdo con los plazos que se dan en las bases, por cierto, confeccionadas con posterioridad a&nbsp;nuestra inscripci\u00f3n, el d\u00eda 21&nbsp;facilitaremos los respectivos&nbsp;\u00f3rdenes de fuerza de nuestros equipos y, si&nbsp;existiera, os insertaremos el enlace para seguir los resultados en la p\u00e1gina de Chess-Results.&nbsp;<\/span><\/div>\n<div class=\"separator\" style=\"clear: both;text-align: center\"><span style=\"font-family: Trebuchet MS\">&nbsp; &nbsp; <\/span><\/div>\n<div class=\"separator\" style=\"clear: both;text-align: center\">\n<\/div>\n<div align=\"center\">\ufeff<\/div>\n","protected":false},"excerpt":{"rendered":"<p>&nbsp;La segunda parte de cada temporada est\u00e1 principalmente dedicada a las distintas competiciones de ajedrez&nbsp;por equipos organizadas por las&nbsp;federaciones dentro de su \u00e1mbito territorial. La primera cita es el Campeonato de Castilla-La Mancha por equipos en la categor\u00eda absoluta, donde NUESTRO AJEDREZ EN EUROPA intentar\u00e1 mejorar la 5\u00aa plaza obtenida el a\u00f1o pasado en Almansa. [&hellip;]<\/p>\n","protected":false},"author":1,"featured_media":2039,"comment_status":"open","ping_status":"closed","sticky":false,"template":"","format":"standard","meta":{"footnotes":""},"categories":[1],"tags":[],"class_list":["post-2038","post","type-post","status-publish","format-standard","has-post-thumbnail","hentry","category-noticias"],"_links":{"self":[{"href":"https:\/\/www.bfv.cloud\/ajedrezeuropa\/wp-json\/wp\/v2\/posts\/2038","targetHints":{"allow":["GET"]}}],"collection":[{"href":"https:\/\/www.bfv.cloud\/ajedrezeuropa\/wp-json\/wp\/v2\/posts"}],"about":[{"href":"https:\/\/www.bfv.cloud\/ajedrezeuropa\/wp-json\/wp\/v2\/types\/post"}],"author":[{"embeddable":true,"href":"https:\/\/www.bfv.cloud\/ajedrezeuropa\/wp-json\/wp\/v2\/users\/1"}],"replies":[{"embeddable":true,"href":"https:\/\/www.bfv.cloud\/ajedrezeuropa\/wp-json\/wp\/v2\/comments?post=2038"}],"version-history":[{"count":1,"href":"https:\/\/www.bfv.cloud\/ajedrezeuropa\/wp-json\/wp\/v2\/posts\/2038\/revisions"}],"predecessor-version":[{"id":2041,"href":"https:\/\/www.bfv.cloud\/ajedrezeuropa\/wp-json\/wp\/v2\/posts\/2038\/revisions\/2041"}],"wp:featuredmedia":[{"embeddable":true,"href":"https:\/\/www.bfv.cloud\/ajedrezeuropa\/wp-json\/wp\/v2\/media\/2039"}],"wp:attachment":[{"href":"https:\/\/www.bfv.cloud\/ajedrezeuropa\/wp-json\/wp\/v2\/media?parent=2038"}],"wp:term":[{"taxonomy":"category","embeddable":true,"href":"https:\/\/www.bfv.cloud\/ajedrezeuropa\/wp-json\/wp\/v2\/categories?post=2038"},{"taxonomy":"post_tag","embeddable":true,"href":"https:\/\/www.bfv.cloud\/ajedrezeuropa\/wp-json\/wp\/v2\/tags?post=2038"}],"curies":[{"name":"wp","href":"https:\/\/api.w.org\/{rel}","templated":true}]}}