{"id":2042,"date":"2016-11-21T23:54:00","date_gmt":"2016-11-21T23:54:00","guid":{"rendered":"https:\/\/www.bfv.cloud\/ajedrezeuropa\/index.php\/2016\/11\/21\/finaliza-otra-edicion-de-san-viator-con-grandes-resultados-para-nuestros-jugadores\/"},"modified":"2025-11-20T10:41:44","modified_gmt":"2025-11-20T10:41:44","slug":"finaliza-otra-edicion-de-san-viator-con-grandes-resultados-para-nuestros-jugadores","status":"publish","type":"post","link":"https:\/\/www.bfv.cloud\/ajedrezeuropa\/finaliza-otra-edicion-de-san-viator-con-grandes-resultados-para-nuestros-jugadores\/","title":{"rendered":"FINALIZA OTRA EDICI\u00d3N DE SAN VIATOR CON GRANDES RESULTADOS PARA NUESTROS JUGADORES"},"content":{"rendered":"<table cellpadding=\"0\" cellspacing=\"0\" class=\"tr-caption-container\" style=\"float: right;margin-left: 1em;text-align: right\">\n<tbody>\n<tr>\n<td style=\"text-align: center\"><a href=\"https:\/\/www.bfv.cloud\/ajedrezeuropa\/wp-content\/uploads\/2016\/11\/IMG-20161120-WA003.jpg\" style=\"clear: right;margin-bottom: 1em;margin-left: auto;margin-right: auto\"><img fetchpriority=\"high\" decoding=\"async\" border=\"0\" height=\"400\" src=\"https:\/\/blogger.googleusercontent.com\/img\/b\/R29vZ2xl\/AVvXsEjKKIv1C_6IPYZNsKxLYs8Wc6o5ycRt2WrxcI4VJzJCUIGth1simeZq-sWyFm0WQMiy-v4TPJ3dsrM3CtA0CUKsD5bGwKZ0c8QSLLTpvsBMa_hsMEax0kX7lfRMiYSU0watYDkZ2fQw-V4\/s400\/IMG-20161120-WA003.jpg\" width=\"201\" \/><\/a><\/td>\n<\/tr>\n<tr>\n<td class=\"tr-caption\" style=\"text-align: center\">Roberto L\u00f3pez, 3\u00ba del <br \/>\n27\u00ba San Viator Grupo A<\/td>\n<\/tr>\n<\/tbody>\n<\/table>\n<p><span style=\", serif;font-size: large\">Ha finalizado el 27\u00ba Torneo de San Viator y, como sucediera el a\u00f1o pasado, los resultados de nuestros chicos y chicas son notablemente destacados.<\/span><br \/>\n<span style=\", serif;font-size: large\">En el grupo A, Roberto L\u00f3pez N\u00fa\u00f1ez, finaliza 3\u00ba, con 6,5 puntos, mejorando en 33 puestos su ranking inicial. Adem\u00e1s suma 142 puntos de elo FIDE y consigue una performance de 2179.<\/span><br \/>\n<span style=\", serif;font-size: large\">El grupo B, por su parte, tambi\u00e9n ha servido para mejorar las valoraciones de nuestros ajedrecistas:<\/span><br \/>\n<span style=\", serif;font-size: large\">Irene Sim\u00f3n Escalona (5 puntos), mejora en 41 su elo internacional;<\/span><br \/>\n<span style=\", serif;font-size: large\">Alonso L\u00f3pez N\u00fa\u00f1ez (4,5 puntos), sube 38; Nuria Lozano Serrano (3,5 puntos) tambi\u00e9n gana 38 de valoraci\u00f3n. Mientras que Arsenio L\u00f3pez Ochoa y Daniel Climent Castillo, consiguen con su actuaci\u00f3n en el torneo su primer rating FIDE a partir del 1 de diciembre. Aunque tan solo han jugado 4 partidas, la participaci\u00f3n de nuestros jugadores se ha completado con los hermanos Alfredo y Gabriel Amador And\u00fajar.&nbsp;<\/span><\/p>\n","protected":false},"excerpt":{"rendered":"<p>Roberto L\u00f3pez, 3\u00ba del 27\u00ba San Viator Grupo A Ha finalizado el 27\u00ba Torneo de San Viator y, como sucediera el a\u00f1o pasado, los resultados de nuestros chicos y chicas son notablemente destacados. En el grupo A, Roberto L\u00f3pez N\u00fa\u00f1ez, finaliza 3\u00ba, con 6,5 puntos, mejorando en 33 puestos su ranking inicial. Adem\u00e1s suma 142 [&hellip;]<\/p>\n","protected":false},"author":1,"featured_media":2043,"comment_status":"open","ping_status":"closed","sticky":false,"template":"","format":"standard","meta":{"footnotes":""},"categories":[1],"tags":[],"class_list":["post-2042","post","type-post","status-publish","format-standard","has-post-thumbnail","hentry","category-noticias"],"_links":{"self":[{"href":"https:\/\/www.bfv.cloud\/ajedrezeuropa\/wp-json\/wp\/v2\/posts\/2042","targetHints":{"allow":["GET"]}}],"collection":[{"href":"https:\/\/www.bfv.cloud\/ajedrezeuropa\/wp-json\/wp\/v2\/posts"}],"about":[{"href":"https:\/\/www.bfv.cloud\/ajedrezeuropa\/wp-json\/wp\/v2\/types\/post"}],"author":[{"embeddable":true,"href":"https:\/\/www.bfv.cloud\/ajedrezeuropa\/wp-json\/wp\/v2\/users\/1"}],"replies":[{"embeddable":true,"href":"https:\/\/www.bfv.cloud\/ajedrezeuropa\/wp-json\/wp\/v2\/comments?post=2042"}],"version-history":[{"count":1,"href":"https:\/\/www.bfv.cloud\/ajedrezeuropa\/wp-json\/wp\/v2\/posts\/2042\/revisions"}],"predecessor-version":[{"id":2044,"href":"https:\/\/www.bfv.cloud\/ajedrezeuropa\/wp-json\/wp\/v2\/posts\/2042\/revisions\/2044"}],"wp:featuredmedia":[{"embeddable":true,"href":"https:\/\/www.bfv.cloud\/ajedrezeuropa\/wp-json\/wp\/v2\/media\/2043"}],"wp:attachment":[{"href":"https:\/\/www.bfv.cloud\/ajedrezeuropa\/wp-json\/wp\/v2\/media?parent=2042"}],"wp:term":[{"taxonomy":"category","embeddable":true,"href":"https:\/\/www.bfv.cloud\/ajedrezeuropa\/wp-json\/wp\/v2\/categories?post=2042"},{"taxonomy":"post_tag","embeddable":true,"href":"https:\/\/www.bfv.cloud\/ajedrezeuropa\/wp-json\/wp\/v2\/tags?post=2042"}],"curies":[{"name":"wp","href":"https:\/\/api.w.org\/{rel}","templated":true}]}}