{"id":2045,"date":"2016-01-22T00:21:00","date_gmt":"2016-01-22T00:21:00","guid":{"rendered":"https:\/\/www.bfv.cloud\/ajedrezeuropa\/index.php\/2016\/01\/22\/manana-empieza-el-deporte-en-edad-escolar-de-toledo\/"},"modified":"2025-11-20T10:41:45","modified_gmt":"2025-11-20T10:41:45","slug":"manana-empieza-el-deporte-en-edad-escolar-de-toledo","status":"publish","type":"post","link":"https:\/\/www.bfv.cloud\/ajedrezeuropa\/manana-empieza-el-deporte-en-edad-escolar-de-toledo\/","title":{"rendered":"MA\u00d1ANA EMPIEZA EL DEPORTE EN EDAD ESCOLAR DE TOLEDO"},"content":{"rendered":"<div class=\"separator\" style=\"clear: both;text-align: center\">\n<a href=\"https:\/\/www.bfv.cloud\/ajedrezeuropa\/wp-content\/uploads\/2016\/01\/SAM_2410.jpg\" style=\"clear: right;float: right;margin-bottom: 1em;margin-left: 1em\"><img fetchpriority=\"high\" decoding=\"async\" border=\"0\" height=\"300\" src=\"https:\/\/blogger.googleusercontent.com\/img\/b\/R29vZ2xl\/AVvXsEhgeqbvhp-umrcAX5i2JYH-EAjEoLYPjLo5uyZlspk3Zln7D16gXXMhYwSVudUChhWTEVrr7dTUICtgFZZoEEDGir_NpjwQcr2PLGiJwdGNvmkOEgpC0LGBoZ024o21QXdm0V04YxqFv-w\/s400\/SAM_2410.JPG\" width=\"400\" \/><\/a><\/div>\n<p><span style=\"font-family: Verdana, sans-serif\"><b>Mora acoge por tercer a\u00f1o consecutivo la fase provincial de Toledo del Deporte en Edad Escolar (CRDEE) y los federados por edades. Un total de 129 jugadores se han inscrito en las dos categor\u00edas del Escolar, mientras que son 6 los j\u00f3venes que participar\u00e1n en el Campeonato Sub-18.<\/b><\/span><br \/>\n<span style=\"font-family: Verdana, sans-serif\"><b>La EDM de Villafranca y el club Nuestro Ajedrez en Europa estar\u00e1n presentes en esta edici\u00f3n con 14 ajedrecistas, 9 chicos y 5 chicas, distribuidos de la siguiente forma en los distintos torneos:<\/b><\/span><br \/>\n<span style=\"font-family: Verdana, sans-serif\"><u><br \/><\/u><\/span><br \/>\n<span style=\"font-family: Verdana, sans-serif\"><u>CRDEE CATEGOR\u00cdA INFANTIL Y FEDERADOS S-8, S-10, S-12 Y S-14<\/u><\/span><br \/>\n<span style=\"font-family: Verdana, sans-serif\"><b>Manuel Alberca (S-8), \u00c1lvaro Alberca (S-10), Gabriel Amador (S-10), Nicolas Corrales (S-10), Alonso L\u00f3pez (S-10), \u00c1ngel Javier Pozos (S-8), Aurora Corrales (S-12), Julia Meza (S-14), Mar\u00eda Oliver (S-14), Alfredo Amador (S-14) y Alberto Toribio (S-14).<\/b><\/span><br \/>\n<span style=\"font-family: Verdana, sans-serif\"><b><br \/><\/b><\/span><br \/>\n<u style=\"font-family: Verdana, sans-serif\">CRDEE CATEGOR\u00cdA CADETE Y FEDERADO S-16<\/u><br \/>\n<span style=\"font-family: Verdana, sans-serif\"><b>Irene Sim\u00f3n y Roberto L\u00f3pez.<\/b><\/span><br \/>\n<span style=\"font-family: Verdana, sans-serif\"><b><br \/><\/b><\/span><br \/>\n<span style=\"font-family: Verdana, sans-serif\"><u>FEDERADO SUB-18<\/u><\/span><br \/>\n<span style=\"font-family: Verdana, sans-serif\"><b>Silvia Toribio.<\/b><\/span><br \/>\n<span style=\"font-family: Verdana, sans-serif\"><b><br \/><\/b><\/span><br \/>\n<span style=\"font-family: Verdana, sans-serif\"><b>La casa de la cultura de Mora recibir\u00e1 a los j\u00f3venes aficionados al deporte de la mente los s\u00e1bados 23 y 30 de enero, y ya en febrero el 13 y el 20. Queremos felicitar a las localidades de Villaca\u00f1as y Santa Cruz de la Zarza por la recuperaci\u00f3n de sus escuelas de ajedrez, y enviamos un saludo caluroso a Jes\u00fas Mar\u00eda, Juan Carlos y Luis como responsables de esta dif\u00edcil tarea en favor del ajedrez.<\/b><\/span><\/p>\n<p><span style=\"font-family: Verdana, sans-serif\"><b>\u00a1\u00a1Les deseamos una buena y divertida competici\u00f3n a todos!!<\/b><\/span><\/p>\n","protected":false},"excerpt":{"rendered":"<p>Mora acoge por tercer a\u00f1o consecutivo la fase provincial de Toledo del Deporte en Edad Escolar (CRDEE) y los federados por edades. Un total de 129 jugadores se han inscrito en las dos categor\u00edas del Escolar, mientras que son 6 los j\u00f3venes que participar\u00e1n en el Campeonato Sub-18. La EDM de Villafranca y el club [&hellip;]<\/p>\n","protected":false},"author":1,"featured_media":2046,"comment_status":"open","ping_status":"closed","sticky":false,"template":"","format":"standard","meta":{"footnotes":""},"categories":[1],"tags":[],"class_list":["post-2045","post","type-post","status-publish","format-standard","has-post-thumbnail","hentry","category-noticias"],"_links":{"self":[{"href":"https:\/\/www.bfv.cloud\/ajedrezeuropa\/wp-json\/wp\/v2\/posts\/2045","targetHints":{"allow":["GET"]}}],"collection":[{"href":"https:\/\/www.bfv.cloud\/ajedrezeuropa\/wp-json\/wp\/v2\/posts"}],"about":[{"href":"https:\/\/www.bfv.cloud\/ajedrezeuropa\/wp-json\/wp\/v2\/types\/post"}],"author":[{"embeddable":true,"href":"https:\/\/www.bfv.cloud\/ajedrezeuropa\/wp-json\/wp\/v2\/users\/1"}],"replies":[{"embeddable":true,"href":"https:\/\/www.bfv.cloud\/ajedrezeuropa\/wp-json\/wp\/v2\/comments?post=2045"}],"version-history":[{"count":1,"href":"https:\/\/www.bfv.cloud\/ajedrezeuropa\/wp-json\/wp\/v2\/posts\/2045\/revisions"}],"predecessor-version":[{"id":2047,"href":"https:\/\/www.bfv.cloud\/ajedrezeuropa\/wp-json\/wp\/v2\/posts\/2045\/revisions\/2047"}],"wp:featuredmedia":[{"embeddable":true,"href":"https:\/\/www.bfv.cloud\/ajedrezeuropa\/wp-json\/wp\/v2\/media\/2046"}],"wp:attachment":[{"href":"https:\/\/www.bfv.cloud\/ajedrezeuropa\/wp-json\/wp\/v2\/media?parent=2045"}],"wp:term":[{"taxonomy":"category","embeddable":true,"href":"https:\/\/www.bfv.cloud\/ajedrezeuropa\/wp-json\/wp\/v2\/categories?post=2045"},{"taxonomy":"post_tag","embeddable":true,"href":"https:\/\/www.bfv.cloud\/ajedrezeuropa\/wp-json\/wp\/v2\/tags?post=2045"}],"curies":[{"name":"wp","href":"https:\/\/api.w.org\/{rel}","templated":true}]}}