{"id":2048,"date":"2017-12-29T19:08:00","date_gmt":"2017-12-29T19:08:00","guid":{"rendered":"https:\/\/www.bfv.cloud\/ajedrezeuropa\/index.php\/2017\/12\/29\/la-clausura-de-la-concentracion-de-navidad-reune-a-nuestro-ajedrez\/"},"modified":"2025-11-20T10:41:53","modified_gmt":"2025-11-20T10:41:53","slug":"la-clausura-de-la-concentracion-de-navidad-reune-a-nuestro-ajedrez","status":"publish","type":"post","link":"https:\/\/www.bfv.cloud\/ajedrezeuropa\/la-clausura-de-la-concentracion-de-navidad-reune-a-nuestro-ajedrez\/","title":{"rendered":"LA CLAUSURA DE LA CONCENTRACI\u00d3N DE NAVIDAD RE\u00daNE A NUESTRO AJEDREZ"},"content":{"rendered":"<table align=\"center\" cellpadding=\"0\" cellspacing=\"0\" class=\"tr-caption-container\" style=\"margin-left: auto;margin-right: auto;text-align: center\">\n<tbody>\n<tr>\n<td style=\"text-align: center\"><a href=\"https:\/\/www.bfv.cloud\/ajedrezeuropa\/wp-content\/uploads\/2017\/12\/SAM_3688.jpg\" style=\"margin-left: auto;margin-right: auto\"><img fetchpriority=\"high\" decoding=\"async\" border=\"0\" data-original-height=\"666\" data-original-width=\"1600\" height=\"266\" src=\"https:\/\/blogger.googleusercontent.com\/img\/b\/R29vZ2xl\/AVvXsEgDau2sKAmAZEYVOh3WJPNd2daz0NC8vAyvOX86AiW7X1uqN50LBZJip96FyJ6WcqxFRGLwgRcxk21PiWKwvvfvaMk2S72iE4DulFo46ZjFR5F00R1XmW5i2tpqyz01twbQKpCcXhcgDUs\/s640\/SAM_3688.JPG\" width=\"640\" \/><\/a><\/td>\n<\/tr>\n<tr>\n<td class=\"tr-caption\" style=\"text-align: center\">Alumn@s, preparadores e instituciones juntos durante la clausura<\/td>\n<\/tr>\n<\/tbody>\n<\/table>\n<p><span style=\"color: #20124d;font-family: Verdana, sans-serif;font-size: large\"><b>Como es costumbre en las actividades del proyecto Nuestro Ajedrez en Europa, la Concentraci\u00f3n de Navidad culmin\u00f3 este jueves con la entrega de diplomas a los 32 alumn@s que han participado, en un acto de clausura que estuvo presidido por el alcalde de Villafranca de los Caballeros, Juli\u00e1n Bola\u00f1os.<\/b><\/span><br \/>\n<span style=\"color: #20124d;font-family: Verdana, sans-serif;font-size: large\"><b><\/p>\n<table align=\"center\" cellpadding=\"0\" cellspacing=\"0\" class=\"tr-caption-container\" style=\"margin-left: auto;margin-right: auto;text-align: center\">\n<tbody>\n<tr>\n<td style=\"text-align: center\"><a href=\"https:\/\/www.bfv.cloud\/ajedrezeuropa\/wp-content\/uploads\/2017\/12\/SAM_3670.jpg\" style=\"margin-left: auto;margin-right: auto\"><img decoding=\"async\" border=\"0\" data-original-height=\"1054\" data-original-width=\"1600\" height=\"420\" src=\"https:\/\/blogger.googleusercontent.com\/img\/b\/R29vZ2xl\/AVvXsEjjmChXBUmK13X1yvl3kpaDxaTzFBzJmwDdBusloRpYu7pw5xg7JWx73wZ2aMdhMoo6eM0dc5qFmrcpNCEWaoUdPTG6f-C7azZNDSXEpQrWDi8OyIPjPChzvqMpI1vjI9Lolfggdn9c6TQ\/s640\/SAM_3670.JPG\" width=\"640\" \/><\/a><\/td>\n<\/tr>\n<tr>\n<td class=\"tr-caption\" style=\"text-align: center\">El ajedrez divertido es una forma de acercar este deporte a los m\u00e1s peque\u00f1os.<br \/>Los chic@s con sus piezas favoritas pintadas en la frente<\/td>\n<\/tr>\n<\/tbody>\n<\/table>\n<p>&nbsp;<\/b><\/span><b style=\"color: #20124d;font-family: Verdana, sans-serif\"><span style=\"font-size: large\">Familias y alumnos de todas las edades estuvieron reunidos junto a sus entrenadores con motivo del cierre a la d\u00e9cima edici\u00f3n de una de las actividades formativas m\u00e1s representativas del proyecto que une a las localidades manchegas de Alc\u00e1zar de San Juan y Villafranca.<\/span><\/b><\/p>\n<table align=\"center\" cellpadding=\"0\" cellspacing=\"0\" class=\"tr-caption-container\" style=\"margin-left: auto;margin-right: auto;text-align: center\">\n<tbody>\n<tr>\n<td style=\"text-align: center\"><a href=\"https:\/\/www.bfv.cloud\/ajedrezeuropa\/wp-content\/uploads\/2017\/12\/IMG-20171229-WA003.jpg\" style=\"margin-left: auto;margin-right: auto\"><img decoding=\"async\" border=\"0\" data-original-height=\"1200\" data-original-width=\"1600\" height=\"480\" src=\"https:\/\/blogger.googleusercontent.com\/img\/b\/R29vZ2xl\/AVvXsEhH13BRO_ArnglRs4IJqkr8LkAYBx4NuDrYrOOaWcyEqEs5KlO-483OyQoHoqPgNt7Khxu6WP5SCHs6PZupJJnMk5K72mOkoAhQCQyKD2f1WS2OFrYVzXuKPJ5sbHbU0uUft-isvjc142U\/s640\/IMG-20171229-WA003.jpg\" width=\"640\" \/><\/a><\/td>\n<\/tr>\n<tr>\n<td class=\"tr-caption\" style=\"text-align: center\">En el tablero gigante se juega con el espacio y con la imaginaci\u00f3n.<\/td>\n<\/tr>\n<\/tbody>\n<\/table>\n<p><b style=\"color: #20124d;font-family: Verdana, sans-serif\"><span style=\"font-size: large\">Queremos agradecer a Jos\u00e9 Vicente, Ana Isabel, Antonio, Luismi, Silvia y Mar\u00eda Luisa, el trabajo realizado durante estos d\u00edas dentro y fuera de las aulas de la casa de la cultura. Una tarea que va m\u00e1s all\u00e1 de la preparaci\u00f3n deportiva. No en vano, estamos ayudando a formar ni\u00f1os, ni\u00f1as y j\u00f3venes para afrontar su vida diaria, con la utilizaci\u00f3n de la raz\u00f3n y el sentido com\u00fan en el proceso de toma de decisiones.&nbsp;<\/span><\/b><\/p>\n<table cellpadding=\"0\" cellspacing=\"0\" class=\"tr-caption-container\" style=\"margin-left: auto;margin-right: auto;text-align: center\">\n<tbody>\n<tr>\n<td style=\"text-align: center\"><a href=\"https:\/\/www.bfv.cloud\/ajedrezeuropa\/wp-content\/uploads\/2017\/12\/SAM_3675.jpg\" style=\"clear: left;margin-bottom: 1em;margin-left: auto;margin-right: auto\"><img loading=\"lazy\" decoding=\"async\" border=\"0\" data-original-height=\"1600\" data-original-width=\"1274\" height=\"640\" src=\"https:\/\/blogger.googleusercontent.com\/img\/b\/R29vZ2xl\/AVvXsEjACve_l8H9hByHniuprkR3wCD6vjgz3Q2GJJoUPqMByQsQzLwm_-8Aw-sRNpozJIWjxGVzqNopAlpZkq1nplbPVPkrrWzF6t_UV4mNMkuX4T_PRlXawZukMdnDLzaA0CeUYyL6prAvFH4\/s640\/SAM_3675.JPG\" width=\"508\" \/><\/a><\/td>\n<\/tr>\n<tr>\n<td class=\"tr-caption\" style=\"text-align: center\">Compartiendo juegos crecemos como personas<\/td>\n<\/tr>\n<\/tbody>\n<\/table>\n<p><b style=\"color: #20124d;font-family: Verdana, sans-serif\"><span style=\"font-size: large\">El pr\u00f3ximo a\u00f1o traer\u00e1 nuevos retos a todos. Para el proyecto Nuestro Ajedrez en Europa 2018 ser\u00e1 una oportunidad m\u00e1s para seguir creciendo en la Educaci\u00f3n, en la Cultura y en el Deporte.&nbsp;<\/span><\/b><br \/>\n<b style=\"color: #20124d;font-family: Verdana, sans-serif\"><span style=\"font-size: large\"><br \/><\/span><\/b><\/p>\n<table align=\"center\" cellpadding=\"0\" cellspacing=\"0\" class=\"tr-caption-container\" style=\"margin-left: auto;margin-right: auto;text-align: center\">\n<tbody>\n<tr>\n<td style=\"text-align: center\"><a href=\"https:\/\/www.bfv.cloud\/ajedrezeuropa\/wp-content\/uploads\/2017\/12\/SAM_3671.jpg\" style=\"margin-left: auto;margin-right: auto\"><img loading=\"lazy\" decoding=\"async\" border=\"0\" data-original-height=\"1416\" data-original-width=\"1600\" height=\"566\" src=\"https:\/\/blogger.googleusercontent.com\/img\/b\/R29vZ2xl\/AVvXsEgNvKAbsbEbeFYXuaInI0BvFXvOnxnxxMN9DK8liP-iEVzxijSJl0K7jlry1Wp-6dm1pfUO8Zp3dNpOlxw_U48fbORNB8CvOElzpi2UbGGNwUP6c9sshU0Ahv5w_WhSf5C0mpqTi0vzL-4\/s640\/SAM_3671.JPG\" width=\"640\" \/><\/a><\/td>\n<\/tr>\n<tr>\n<td class=\"tr-caption\" style=\"text-align: center\">La mejor recompensa, la sonrisa de un ni\u00f1o<\/td>\n<\/tr>\n<\/tbody>\n<\/table>\n<p><b style=\"color: #20124d;font-family: Verdana, sans-serif;font-size: x-large\"><br \/><\/b><\/p>\n","protected":false},"excerpt":{"rendered":"<p>Alumn@s, preparadores e instituciones juntos durante la clausura Como es costumbre en las actividades del proyecto Nuestro Ajedrez en Europa, la Concentraci\u00f3n de Navidad culmin\u00f3 este jueves con la entrega de diplomas a los 32 alumn@s que han participado, en un acto de clausura que estuvo presidido por el alcalde de Villafranca de los Caballeros, [&hellip;]<\/p>\n","protected":false},"author":1,"featured_media":2049,"comment_status":"open","ping_status":"closed","sticky":false,"template":"","format":"standard","meta":{"footnotes":""},"categories":[1],"tags":[],"class_list":["post-2048","post","type-post","status-publish","format-standard","has-post-thumbnail","hentry","category-noticias"],"_links":{"self":[{"href":"https:\/\/www.bfv.cloud\/ajedrezeuropa\/wp-json\/wp\/v2\/posts\/2048","targetHints":{"allow":["GET"]}}],"collection":[{"href":"https:\/\/www.bfv.cloud\/ajedrezeuropa\/wp-json\/wp\/v2\/posts"}],"about":[{"href":"https:\/\/www.bfv.cloud\/ajedrezeuropa\/wp-json\/wp\/v2\/types\/post"}],"author":[{"embeddable":true,"href":"https:\/\/www.bfv.cloud\/ajedrezeuropa\/wp-json\/wp\/v2\/users\/1"}],"replies":[{"embeddable":true,"href":"https:\/\/www.bfv.cloud\/ajedrezeuropa\/wp-json\/wp\/v2\/comments?post=2048"}],"version-history":[{"count":1,"href":"https:\/\/www.bfv.cloud\/ajedrezeuropa\/wp-json\/wp\/v2\/posts\/2048\/revisions"}],"predecessor-version":[{"id":2054,"href":"https:\/\/www.bfv.cloud\/ajedrezeuropa\/wp-json\/wp\/v2\/posts\/2048\/revisions\/2054"}],"wp:featuredmedia":[{"embeddable":true,"href":"https:\/\/www.bfv.cloud\/ajedrezeuropa\/wp-json\/wp\/v2\/media\/2049"}],"wp:attachment":[{"href":"https:\/\/www.bfv.cloud\/ajedrezeuropa\/wp-json\/wp\/v2\/media?parent=2048"}],"wp:term":[{"taxonomy":"category","embeddable":true,"href":"https:\/\/www.bfv.cloud\/ajedrezeuropa\/wp-json\/wp\/v2\/categories?post=2048"},{"taxonomy":"post_tag","embeddable":true,"href":"https:\/\/www.bfv.cloud\/ajedrezeuropa\/wp-json\/wp\/v2\/tags?post=2048"}],"curies":[{"name":"wp","href":"https:\/\/api.w.org\/{rel}","templated":true}]}}