{"id":205,"date":"2011-05-01T12:22:00","date_gmt":"2011-05-01T12:22:00","guid":{"rendered":"https:\/\/www.bfv.cloud\/ajedrezeuropa\/index.php\/2011\/05\/01\/subcampeones-del-provincial-de-escuelas-por-equipos-de-toledo-y-novedades-de-la-lista-de-elo-fide-de-mayo-2011\/"},"modified":"2025-11-20T10:14:36","modified_gmt":"2025-11-20T10:14:36","slug":"subcampeones-del-provincial-de-escuelas-por-equipos-de-toledo-y-novedades-de-la-lista-de-elo-fide-de-mayo-2011","status":"publish","type":"post","link":"https:\/\/www.bfv.cloud\/ajedrezeuropa\/subcampeones-del-provincial-de-escuelas-por-equipos-de-toledo-y-novedades-de-la-lista-de-elo-fide-de-mayo-2011\/","title":{"rendered":"SUBCAMPEONES DEL PROVINCIAL DE ESCUELAS POR EQUIPOS DE TOLEDO Y NOVEDADES DE LA LISTA DE ELO FIDE DE MAYO 2011"},"content":{"rendered":"<table cellpadding=\"0\" cellspacing=\"0\" class=\"tr-caption-container\" style=\"float: left;margin-right: 1em;text-align: left\">\n<tbody>\n<tr>\n<td style=\"text-align: center\"><a href=\"https:\/\/www.bfv.cloud\/ajedrezeuropa\/wp-content\/uploads\/2011\/05\/escuelasToledo2011010.jpg\" style=\"clear: left;margin-bottom: 1em;margin-left: auto;margin-right: auto\"><img fetchpriority=\"high\" decoding=\"async\" border=\"0\" height=\"242\" src=\"https:\/\/blogger.googleusercontent.com\/img\/b\/R29vZ2xl\/AVvXsEgPaVA5iTBROjmuDISP4tmVtRM5pW5D-MREfHWlxewBuvdMxoGl6gwdny33p8ZmTnEwlH1dlv5D7xL66brc8_YPSpO102weDgLLPhDAAdM3jHLYkmWmDp17cENYvTVfpxtOQgEYwjYADck\/s400\/escuelas+Toledo+2011+010.jpg\" width=\"400\" \/><\/a><\/td>\n<\/tr>\n<tr>\n<td class=\"tr-caption\" style=\"text-align: center\">6 de los&nbsp;chicos y chicas participantes en la categor\u00eda de <br \/>\npromoci\u00f3n fueron los encargados de recoger<br \/>\nel trofeo que nos acredita como subcampeones del provincial<br \/>\npor escuelas de Toledo<\/td>\n<\/tr>\n<\/tbody>\n<\/table>\n<p><strong><span style=\"font-family: Verdana, sans-serif\">Un nuevo t\u00edtulo de subcampeones para los chicos y chicas de Nuestro Ajedrez en Europa, esta vez en el Campeonato por Equipos de Escuelas de Toledo celebrado ayer en el CEI de la capital regional. La competici\u00f3n cont\u00f3 con la participaci\u00f3n de 18 de nuestros&nbsp;jugadores divididos entre 4 equipos de diferentes edades. Estas jornadas ajedrec\u00edsticas, pensadas fundamentalmente para fomentar la afici\u00f3n y el aprendizaje entre los m\u00e1s peque\u00f1os, se ven enriquecidas por las horas de convivencia con los jugadores de 13 a 16 a\u00f1os de edad que tambi\u00e9n compiten en una categor\u00eda diferenciada.<\/span><\/strong><\/p>\n<div align=\"center\"><strong><em><u><span style=\"font-family: Verdana\">IMPORTANTES NOVEDADES EN LA VALORACI\u00d3N<\/span><\/u><\/em><\/strong><\/div>\n<div align=\"center\"><strong><em><u><span style=\"font-family: Verdana\">DE NUESTROS JUGADORES<\/span><\/u><\/em><\/strong><\/div>\n<div align=\"center\">\n<\/div>\n<div class=\"separator\" style=\"clear: both;text-align: center\"><a href=\"https:\/\/www.bfv.cloud\/ajedrezeuropa\/wp-content\/uploads\/2011\/05\/escuelasToledo2011007.jpg\" style=\"margin-left: 1em;margin-right: 1em\"><img decoding=\"async\" border=\"0\" height=\"300\" src=\"https:\/\/blogger.googleusercontent.com\/img\/b\/R29vZ2xl\/AVvXsEhAsJup82a_JpqhSq5ytyjk5E-xk2yRiSLy19iVuuqVFRgthuOFedl4ap0IR2ErzOk277PGdEhrGfv1Jk54BYUe8lACR6mSqh3g9Lt2tqlyBj901e3rK6VGyteL3aHWuDL3wzmzo1TFb1g\/s400\/escuelas+Toledo+2011+007.jpg\" width=\"400\" \/><\/a><\/div>\n<div align=\"center\">\n<\/div>\n<div align=\"center\"><strong><em><span style=\"font-family: Verdana\">Tambi\u00e9n ayer s\u00e1bado, la FIDE (Federaci\u00f3n Internacional de Ajedrez) hac\u00eda p\u00fablica su lista oficial de ELO para mayo y junio. Esta lista, publicada con periodicidad bimensual,&nbsp;sirve para informar y medir sobre la fuerza de juego de los ajedrecistas y en ella est\u00e1n valorados m\u00e1s de 283.000 jugadores de todo el mundo. Nos hacemos eco de ello porque, en esta ocasi\u00f3n, el ELO FIDE nos proporciona importantes novedades acerca de la valoraci\u00f3n de algunos de nuestros j\u00f3venes aficionados e incorpora a&nbsp;3 nuevos chicos, 2 de Alc\u00e1zar y 1 de Villafranca, alcanzando con ello un total de 11 jugadores con valoraci\u00f3n internacional dentro de nuestro proyecto. Como es la primera vez que facilitamos esta informaci\u00f3n, vamos a detallar estos datos individualmente y, de paso, damos a conocer el gradual avance que se est\u00e1 produciendo entre nuestros alumnos y alumnas.<\/span><\/em><\/strong><\/div>\n<div align=\"center\"><strong><em><span style=\"font-family: Verdana\">Empezamos con los 3 chicos que se estrenan en esta lista de ELO FIDE:<\/span><\/em><\/strong><\/div>\n<div align=\"center\"><strong><em><span style=\"font-family: Verdana\">&#8211; Manuel Marcos-Alberca,&nbsp;&nbsp; 1.633 puntos.<\/span><\/em><\/strong><\/div>\n<div align=\"center\"><strong><em><span style=\"font-family: Verdana\">&#8211; Jos\u00e9 \u00c1ngel Vela,&nbsp;&nbsp; 1.476 puntos.<\/span><\/em><\/strong><\/div>\n<div align=\"center\"><strong><em><span style=\"font-family: Verdana\">&#8211; Jes\u00fas Mar\u00eda Bricio,&nbsp;&nbsp; 1.335 puntos.<\/span><\/em><\/strong><\/div>\n<div align=\"center\"><strong><em><span style=\"font-family: Verdana\">Y a continuaci\u00f3n los ya valorados anteriormente con sus datos actualizados:<\/span><\/em><\/strong><\/div>\n<div align=\"center\"><strong><em><span style=\"font-family: Verdana\">&#8211; Santiago Talavera,&nbsp; 1.992 (gana 40 puntos desde marzo&nbsp;y ocupa el puesto 39 en el ranking nacional de jugadores sub-16)<\/span><\/em><\/strong><\/div>\n<div align=\"center\"><strong><em><span style=\"font-family: Verdana\">&#8211; Daniel P\u00edriz,&nbsp; 1.945 (gana 37 puntos desde marzo y ocupa el puesto 57 en el ranking espa\u00f1ol de jugadores sub-16)<\/span><\/em><\/strong><\/div>\n<div align=\"center\"><strong><em><span style=\"font-family: Verdana\">-Luis Miguel Monreal,&nbsp; 1.846<\/span><\/em><\/strong><\/div>\n<div align=\"center\"><strong><em><span style=\"font-family: Verdana\">&#8211; Jorge Sim\u00f3n,&nbsp; 1.812 (gana 12 puntos desde marzo)<\/span><\/em><\/strong><\/div>\n<div align=\"center\"><strong><em><span style=\"font-family: Verdana\">&#8211; Sergio Valencia,&nbsp; 1.683<\/span><\/em><\/strong><\/div>\n<div align=\"center\"><strong><em><span style=\"font-family: Verdana\">&#8211; Jos\u00e9 Mar\u00eda Pastrana,&nbsp; 1.640<\/span><\/em><\/strong><\/div>\n<div align=\"center\"><strong><em><span style=\"font-family: Verdana\">&#8211;&nbsp;Cosimo Leonardo de Giorgi,&nbsp; 1.629<\/span><\/em><\/strong><\/div>\n<div align=\"center\"><strong><em><span style=\"font-family: Verdana\">&#8211; Daniel Salas,&nbsp; 1.573&nbsp; <\/span><\/em><\/strong><\/div>\n","protected":false},"excerpt":{"rendered":"<p>6 de los&nbsp;chicos y chicas participantes en la categor\u00eda de promoci\u00f3n fueron los encargados de recoger el trofeo que nos acredita como subcampeones del provincial por escuelas de Toledo Un nuevo t\u00edtulo de subcampeones para los chicos y chicas de Nuestro Ajedrez en Europa, esta vez en el Campeonato por Equipos de Escuelas de Toledo [&hellip;]<\/p>\n","protected":false},"author":1,"featured_media":206,"comment_status":"open","ping_status":"closed","sticky":false,"template":"","format":"standard","meta":{"footnotes":""},"categories":[1],"tags":[],"class_list":["post-205","post","type-post","status-publish","format-standard","has-post-thumbnail","hentry","category-noticias"],"_links":{"self":[{"href":"https:\/\/www.bfv.cloud\/ajedrezeuropa\/wp-json\/wp\/v2\/posts\/205","targetHints":{"allow":["GET"]}}],"collection":[{"href":"https:\/\/www.bfv.cloud\/ajedrezeuropa\/wp-json\/wp\/v2\/posts"}],"about":[{"href":"https:\/\/www.bfv.cloud\/ajedrezeuropa\/wp-json\/wp\/v2\/types\/post"}],"author":[{"embeddable":true,"href":"https:\/\/www.bfv.cloud\/ajedrezeuropa\/wp-json\/wp\/v2\/users\/1"}],"replies":[{"embeddable":true,"href":"https:\/\/www.bfv.cloud\/ajedrezeuropa\/wp-json\/wp\/v2\/comments?post=205"}],"version-history":[{"count":1,"href":"https:\/\/www.bfv.cloud\/ajedrezeuropa\/wp-json\/wp\/v2\/posts\/205\/revisions"}],"predecessor-version":[{"id":208,"href":"https:\/\/www.bfv.cloud\/ajedrezeuropa\/wp-json\/wp\/v2\/posts\/205\/revisions\/208"}],"wp:featuredmedia":[{"embeddable":true,"href":"https:\/\/www.bfv.cloud\/ajedrezeuropa\/wp-json\/wp\/v2\/media\/206"}],"wp:attachment":[{"href":"https:\/\/www.bfv.cloud\/ajedrezeuropa\/wp-json\/wp\/v2\/media?parent=205"}],"wp:term":[{"taxonomy":"category","embeddable":true,"href":"https:\/\/www.bfv.cloud\/ajedrezeuropa\/wp-json\/wp\/v2\/categories?post=205"},{"taxonomy":"post_tag","embeddable":true,"href":"https:\/\/www.bfv.cloud\/ajedrezeuropa\/wp-json\/wp\/v2\/tags?post=205"}],"curies":[{"name":"wp","href":"https:\/\/api.w.org\/{rel}","templated":true}]}}