{"id":2055,"date":"2025-08-05T19:20:00","date_gmt":"2025-08-05T19:20:00","guid":{"rendered":"https:\/\/www.bfv.cloud\/ajedrezeuropa\/index.php\/2025\/08\/05\/clausura-del-campus-de-ajedrez\/"},"modified":"2025-11-20T10:41:56","modified_gmt":"2025-11-20T10:41:56","slug":"clausura-del-campus-de-ajedrez","status":"publish","type":"post","link":"https:\/\/www.bfv.cloud\/ajedrezeuropa\/clausura-del-campus-de-ajedrez\/","title":{"rendered":"CLAUSURA DEL CAMPUS DE AJEDREZ"},"content":{"rendered":"<\/p>\n<table align=\"center\" cellpadding=\"0\" cellspacing=\"0\" class=\"tr-caption-container\" style=\"margin-left: auto;margin-right: auto\">\n<tbody>\n<tr>\n<td style=\"text-align: center\"><a href=\"https:\/\/www.bfv.cloud\/ajedrezeuropa\/wp-content\/uploads\/2025\/08\/020GRUPO20ALUMNOS20EN20CLASUSURA202-1.jpg\" style=\"margin-left: auto;margin-right: auto\"><img fetchpriority=\"high\" decoding=\"async\" border=\"0\" data-original-height=\"670\" data-original-width=\"1554\" height=\"276\" src=\"https:\/\/blogger.googleusercontent.com\/img\/b\/R29vZ2xl\/AVvXsEhRtwlPL-vzxO-MY9gVG0t7hoJRFUmSbrDcHcKd4tvDsJj__QiXcjr2Z8ISqDklenve0-9O6MzkKsBq67U4BnGNtmjTnxOOrq_VEi5kAetV-n73P09v5SqRH4m9N8K0TCdmKUu5lVV39B4Yl_uNKtad-J0sCJdLLn5IT1PPmoF-617vzAxM6NFAPb1R-U4\/w640-h276\/0%20GRUPO%20ALUMNOS%20EN%20CLASUSURA%202.jpg\" width=\"640\" \/><\/a><\/td>\n<\/tr>\n<tr>\n<td class=\"tr-caption\" style=\"text-align: center\">Foto de grupo en la entrega de diplomas<\/td>\n<\/tr>\n<\/tbody>\n<\/table>\n<p>&nbsp;<span style=\"font-family: Open Sans;font-size: large\">El pasado s\u00e1bado finalizaba el campus de ajedrez, con la presencia en el acto de clausura de numerosas familias de los 35 chicos y chicas que han participado este a\u00f1o. Para todos los que estamos en la organizaci\u00f3n del campus es un privilegio aportar nuestros conocimientos a estos j\u00f3venes ajedrecistas que disfrutan y aprenden tanto a lo largo de la semana. Ya son 18 a\u00f1os ininterrumpidos (ni siquiera faltamos a la cita en 2020) y cada edici\u00f3n es una nueva experiencia m\u00e1s ilusionante, si cabe, que la anterior. Deseamos lo mejor a los alumnos que ya est\u00e1n habituados a acompa\u00f1arnos y, por supuesto, a los que se han incorporado por primera vez a esta gran familia de Nuestro Ajedrez en Europa.<\/span><\/p>\n<\/p>\n<table align=\"center\" cellpadding=\"0\" cellspacing=\"0\" class=\"tr-caption-container\" style=\"margin-left: auto;margin-right: auto\">\n<tbody>\n<tr>\n<td style=\"text-align: center\"><a href=\"https:\/\/www.bfv.cloud\/ajedrezeuropa\/wp-content\/uploads\/2025\/08\/020GRUPO20ALUMNOS20HALL20CASA20CULTURA202.jpg\" style=\"margin-left: auto;margin-right: auto\"><img decoding=\"async\" border=\"0\" data-original-height=\"782\" data-original-width=\"1997\" height=\"250\" src=\"https:\/\/blogger.googleusercontent.com\/img\/b\/R29vZ2xl\/AVvXsEgj_fniQ70DgrJvE9LNo5hPdhAVfRjw348qwwCCdzomL0NVm6s4DoNnoA_ThAG1Ie9WSZgLYTfZziiybYd4PqsnTGRrYv9y41gteexhcd-WnEqNXKEUYCLghwmfJi1xuQoEoM_KPQzEz_gSaPulZc2eIZ5phY-ZXIR3k0Q_XYdy0PV245LwpIsj0ur6jzg\/w640-h250\/0%20GRUPO%20ALUMNOS%20HALL%20CASA%20CULTURA%202.jpg\" width=\"640\" \/><\/a><\/td>\n<\/tr>\n<tr>\n<td class=\"tr-caption\" style=\"text-align: center\">El alumnado del campus junto a sus maestros y maestras<\/td>\n<\/tr>\n<\/tbody>\n<\/table>\n<p><b style=\"font-size: x-large\">Desde aqu\u00ed queremos enviar un enorme agradecimiento el trabajo constante de nuestros maestros y preparadores: Elizbar Ubilava, Herminio Herr\u00e1iz, Ana Isabel Gonz\u00e1lez Berruga, Roberto L\u00f3pez, Antonio Albo y Silvia Toribio, acompa\u00f1ados de la enorme labor de M\u00aa Luisa Camu\u00f1as.<\/b><\/p>\n<\/p>\n<table align=\"center\" cellpadding=\"0\" cellspacing=\"0\" class=\"tr-caption-container\" style=\"margin-left: auto;margin-right: auto\">\n<tbody>\n<tr>\n<td style=\"text-align: center\"><a href=\"https:\/\/www.bfv.cloud\/ajedrezeuropa\/wp-content\/uploads\/2025\/08\/020AUTORIDADES20CLAUSURA.jpg\" style=\"margin-left: auto;margin-right: auto\"><img decoding=\"async\" border=\"0\" data-original-height=\"673\" data-original-width=\"2040\" height=\"212\" src=\"https:\/\/blogger.googleusercontent.com\/img\/b\/R29vZ2xl\/AVvXsEh838LQf_3QODpYJIjVWsXSN72AtphJdWEuIWEswHTCFwINKneDD6SSXlNpHfHbhxKC7QIjDxfgmyVDZnQ8S_ECEDeeigfRDr3ZBMV5krtUTxB7radRnNz1ELFC_wqMP7ljglRihoepQqNdfA6Y99KMweFX7WPBUxNghvfMQEuCOlyAXtgttvvj3jxyeoc\/w640-h212\/0%20AUTORIDADES%20CLAUSURA.jpg\" width=\"640\" \/><\/a><\/td>\n<\/tr>\n<tr>\n<td class=\"tr-caption\" style=\"text-align: center\">En primer plano y de izqda a dcha: Antonio Gal\u00e1n, Juli\u00e1n Bola\u00f1os y Javier Ortega<\/td>\n<\/tr>\n<\/tbody>\n<\/table>\n<p><b style=\"font-size: x-large\">Por \u00faltimo, queremos dar las gracias a las instituciones y a las personas que las representan y que a\u00f1o tras a\u00f1o avalan y apoyan este proyecto: al ayuntamiento de Alc\u00e1zar de San Juan, con su alcaldesa, Rosa Melchor, y el concejal de deportes, Javier Ortega al frente; al ayuntamiento de Villafranca de los Caballeros, con Juli\u00e1n Bola\u00f1os, su alcalde, siempre presente, y al concejal de deportes, Antonio Gal\u00e1n.<\/b><\/p>\n","protected":false},"excerpt":{"rendered":"<p>Foto de grupo en la entrega de diplomas &nbsp;El pasado s\u00e1bado finalizaba el campus de ajedrez, con la presencia en el acto de clausura de numerosas familias de los 35 chicos y chicas que han participado este a\u00f1o. Para todos los que estamos en la organizaci\u00f3n del campus es un privilegio aportar nuestros conocimientos a [&hellip;]<\/p>\n","protected":false},"author":1,"featured_media":2056,"comment_status":"open","ping_status":"closed","sticky":false,"template":"","format":"standard","meta":{"footnotes":""},"categories":[1],"tags":[],"class_list":["post-2055","post","type-post","status-publish","format-standard","has-post-thumbnail","hentry","category-noticias"],"_links":{"self":[{"href":"https:\/\/www.bfv.cloud\/ajedrezeuropa\/wp-json\/wp\/v2\/posts\/2055","targetHints":{"allow":["GET"]}}],"collection":[{"href":"https:\/\/www.bfv.cloud\/ajedrezeuropa\/wp-json\/wp\/v2\/posts"}],"about":[{"href":"https:\/\/www.bfv.cloud\/ajedrezeuropa\/wp-json\/wp\/v2\/types\/post"}],"author":[{"embeddable":true,"href":"https:\/\/www.bfv.cloud\/ajedrezeuropa\/wp-json\/wp\/v2\/users\/1"}],"replies":[{"embeddable":true,"href":"https:\/\/www.bfv.cloud\/ajedrezeuropa\/wp-json\/wp\/v2\/comments?post=2055"}],"version-history":[{"count":1,"href":"https:\/\/www.bfv.cloud\/ajedrezeuropa\/wp-json\/wp\/v2\/posts\/2055\/revisions"}],"predecessor-version":[{"id":2059,"href":"https:\/\/www.bfv.cloud\/ajedrezeuropa\/wp-json\/wp\/v2\/posts\/2055\/revisions\/2059"}],"wp:featuredmedia":[{"embeddable":true,"href":"https:\/\/www.bfv.cloud\/ajedrezeuropa\/wp-json\/wp\/v2\/media\/2056"}],"wp:attachment":[{"href":"https:\/\/www.bfv.cloud\/ajedrezeuropa\/wp-json\/wp\/v2\/media?parent=2055"}],"wp:term":[{"taxonomy":"category","embeddable":true,"href":"https:\/\/www.bfv.cloud\/ajedrezeuropa\/wp-json\/wp\/v2\/categories?post=2055"},{"taxonomy":"post_tag","embeddable":true,"href":"https:\/\/www.bfv.cloud\/ajedrezeuropa\/wp-json\/wp\/v2\/tags?post=2055"}],"curies":[{"name":"wp","href":"https:\/\/api.w.org\/{rel}","templated":true}]}}