{"id":2060,"date":"2024-05-20T10:47:00","date_gmt":"2024-05-20T10:47:00","guid":{"rendered":"https:\/\/www.bfv.cloud\/ajedrezeuropa\/index.php\/2024\/05\/20\/informacion-xvii-campus-de-verano-nuestro-ajedrez-en-europa\/"},"modified":"2025-11-20T10:42:00","modified_gmt":"2025-11-20T10:42:00","slug":"informacion-xvii-campus-de-verano-nuestro-ajedrez-en-europa","status":"publish","type":"post","link":"https:\/\/www.bfv.cloud\/ajedrezeuropa\/informacion-xvii-campus-de-verano-nuestro-ajedrez-en-europa\/","title":{"rendered":"INFORMACI\u00d3N XVII CAMPUS DE VERANO NUESTRO AJEDREZ EN EUROPA"},"content":{"rendered":"<\/p>\n<div class=\"separator\" style=\"clear: both;text-align: center\"><a href=\"https:\/\/www.bfv.cloud\/ajedrezeuropa\/wp-content\/uploads\/2024\/05\/CARTEL20XVII20CAMPUS20DE20VERANO20202420pdf_001.jpg\" style=\"margin-left: 1em;margin-right: 1em\"><img fetchpriority=\"high\" decoding=\"async\" border=\"0\" data-original-height=\"842\" data-original-width=\"595\" height=\"640\" src=\"https:\/\/blogger.googleusercontent.com\/img\/b\/R29vZ2xl\/AVvXsEi2VdOyjgngmETFWoXK4TEKubPJMelO0WMThrTHv0638PfgOneiS3QEKK91jXQqbrtF-kHvaB9rPar8gyUPa_HktX4146FGH39D8Uq33ygDJezRxwHdYq4vMbNzdqAbaeXok8g2nMS1igRSSKkmm6HDiUb1Dop66MFpfSnaaO7FqX8ZJexsfboxWlqo_Ks\/w452-h640\/CARTEL%20XVII%20CAMPUS%20DE%20VERANO%202024%20pdf_001.jpg\" width=\"452\" \/><\/a><\/div>\n<p><span style=\"font-family: georgia;font-size: large\"><\/p>\n<p>Nuestro campus de verano celebrar\u00e1 la 17\u00aa edici\u00f3n del 5 al 10 de agosto en Alc\u00e1zar de San Juan y Villafranca de los Caballeros. El campus vuelve a contar con la presencia de entrenadores de primera fila internacional como Elizbar Ubilava y Herminio Herr\u00e1iz, acompa\u00f1ados de las preparadoras: Ana Isabel Gonz\u00e1lez y Silvia Toribio, as\u00ed como de los monitores: Antonio Albo y Roberto L\u00f3pez. Dentro de las actividades de ocio se incluye el ba\u00f1o en la piscina del hotel Intur de Alc\u00e1zar y en la piscina municipal de Villafranca.<\/p>\n<p>Toda la informaci\u00f3n referida al transporte de los participantes entre Alc\u00e1zar y Villafranca, y a las comidas del mediod\u00eda en el hotel Intur y el restaurante la Jorja figura en el d\u00edptico que publicamos a continuaci\u00f3n. En este mismo d\u00edptico se incluyen los pasos a seguir para realizar la inscripci\u00f3n,<\/p>\n<div class=\"separator\" style=\"clear: both;text-align: center\"><a href=\"https:\/\/www.bfv.cloud\/ajedrezeuropa\/wp-content\/uploads\/2024\/05\/TRIPTICO20XVII20CAMPUS202024_001.jpg\" style=\"margin-left: 1em;margin-right: 1em\"><img decoding=\"async\" border=\"0\" data-original-height=\"595\" data-original-width=\"842\" height=\"452\" src=\"https:\/\/blogger.googleusercontent.com\/img\/b\/R29vZ2xl\/AVvXsEikf5-ZVXwLroRWWUZtr5pujkhAEB10WhrzmKEBqsoePNy0KVFtmi2zXvvUjioU7qAWgmdhcBeaJYPFaAhuwpmWdbqhp393TlhLS22PWVMvqoWGhhENd1AaRhtk3Qic2Vw5U8ubx89qZ92vWUuLCL9qtQFBGNEg4zc742QzZQb-V0NWNm7B2io1GXEAY94\/w640-h452\/TRIPTICO%20XVII%20CAMPUS%202024_001.jpg\" width=\"640\" \/><\/a><\/div>\n<p><\/p>\n<div class=\"separator\" style=\"clear: both;text-align: center\"><a href=\"https:\/\/www.bfv.cloud\/ajedrezeuropa\/wp-content\/uploads\/2024\/05\/TRIPTICO20XVII20CAMPUS202024_002.jpg\" style=\"margin-left: 1em;margin-right: 1em\"><img decoding=\"async\" border=\"0\" data-original-height=\"595\" data-original-width=\"842\" height=\"452\" src=\"https:\/\/blogger.googleusercontent.com\/img\/b\/R29vZ2xl\/AVvXsEh8XfU44AHGCFKPOOAq1gqx9CFfDsQc6OYM5iCo90gjy0PEPcesQqUEpBcPzm0Yk8LZzOGKByPHHVR93dkEbDGRj6ceikYYKup8EdKzUSMBbiEiKGO-NnqdDbg8ocb30n3WKDAVuJzS3eyba-DZ1Dbv6AOOCpLVAI2qrXwDQODrdBsVzNEIblV7-WF1VjE\/w640-h452\/TRIPTICO%20XVII%20CAMPUS%202024_002.jpg\" width=\"640\" \/><\/a><\/div>\n<p>Tambi\u00e9n publicamos la ficha que debe rellenarse para solicitar la preinscripci\u00f3n dentro del plazo del 24 al 30 de junio.<\/span><\/p>\n<\/p>\n<div class=\"separator\" style=\"clear: both;text-align: center\"><a href=\"https:\/\/www.bfv.cloud\/ajedrezeuropa\/wp-content\/uploads\/2024\/05\/DATOS20PARA20CAMPUS202024_001.jpg\" style=\"margin-left: 1em;margin-right: 1em\"><img loading=\"lazy\" decoding=\"async\" border=\"0\" data-original-height=\"842\" data-original-width=\"595\" height=\"640\" src=\"https:\/\/blogger.googleusercontent.com\/img\/b\/R29vZ2xl\/AVvXsEiXGvxQbv6nPSs5eHYpTJ2x-LE9Ffjl2qiPaqhQ9Q04Xs5PAeVx2PFAU6d1OuV3ycRv3S79okWSDF7YcOpALbo5jPOeu4-jSAgUCX0s9KUAVJ7JCltcw4Mw4xT40hcgH3cWgUGP2UDyLSo5s5LP1r96lAXuMIeUuYdMbGvUozlLkmBsa4xNnGuBWtIgHSw\/w453-h640\/DATOS%20PARA%20CAMPUS%202024_001.jpg\" width=\"453\" \/><\/a><\/div>\n<p><span style=\"font-family: georgia;font-size: large\"><\/p>\n<p><\/p>\n<p><\/span><\/p>\n","protected":false},"excerpt":{"rendered":"<p>Nuestro campus de verano celebrar\u00e1 la 17\u00aa edici\u00f3n del 5 al 10 de agosto en Alc\u00e1zar de San Juan y Villafranca de los Caballeros. El campus vuelve a contar con la presencia de entrenadores de primera fila internacional como Elizbar Ubilava y Herminio Herr\u00e1iz, acompa\u00f1ados de las preparadoras: Ana Isabel Gonz\u00e1lez y Silvia Toribio, as\u00ed [&hellip;]<\/p>\n","protected":false},"author":1,"featured_media":2061,"comment_status":"open","ping_status":"closed","sticky":false,"template":"","format":"standard","meta":{"footnotes":""},"categories":[1],"tags":[],"class_list":["post-2060","post","type-post","status-publish","format-standard","has-post-thumbnail","hentry","category-noticias"],"_links":{"self":[{"href":"https:\/\/www.bfv.cloud\/ajedrezeuropa\/wp-json\/wp\/v2\/posts\/2060","targetHints":{"allow":["GET"]}}],"collection":[{"href":"https:\/\/www.bfv.cloud\/ajedrezeuropa\/wp-json\/wp\/v2\/posts"}],"about":[{"href":"https:\/\/www.bfv.cloud\/ajedrezeuropa\/wp-json\/wp\/v2\/types\/post"}],"author":[{"embeddable":true,"href":"https:\/\/www.bfv.cloud\/ajedrezeuropa\/wp-json\/wp\/v2\/users\/1"}],"replies":[{"embeddable":true,"href":"https:\/\/www.bfv.cloud\/ajedrezeuropa\/wp-json\/wp\/v2\/comments?post=2060"}],"version-history":[{"count":1,"href":"https:\/\/www.bfv.cloud\/ajedrezeuropa\/wp-json\/wp\/v2\/posts\/2060\/revisions"}],"predecessor-version":[{"id":2065,"href":"https:\/\/www.bfv.cloud\/ajedrezeuropa\/wp-json\/wp\/v2\/posts\/2060\/revisions\/2065"}],"wp:featuredmedia":[{"embeddable":true,"href":"https:\/\/www.bfv.cloud\/ajedrezeuropa\/wp-json\/wp\/v2\/media\/2061"}],"wp:attachment":[{"href":"https:\/\/www.bfv.cloud\/ajedrezeuropa\/wp-json\/wp\/v2\/media?parent=2060"}],"wp:term":[{"taxonomy":"category","embeddable":true,"href":"https:\/\/www.bfv.cloud\/ajedrezeuropa\/wp-json\/wp\/v2\/categories?post=2060"},{"taxonomy":"post_tag","embeddable":true,"href":"https:\/\/www.bfv.cloud\/ajedrezeuropa\/wp-json\/wp\/v2\/tags?post=2060"}],"curies":[{"name":"wp","href":"https:\/\/api.w.org\/{rel}","templated":true}]}}