{"id":2066,"date":"2010-11-25T16:24:00","date_gmt":"2010-11-25T16:24:00","guid":{"rendered":"https:\/\/www.bfv.cloud\/ajedrezeuropa\/index.php\/2010\/11\/25\/el-ayuntamiento-de-villafranca-premia-con-la-mencion-especial-a-nuestro-equipo-sub-16\/"},"modified":"2025-11-20T10:42:02","modified_gmt":"2025-11-20T10:42:02","slug":"el-ayuntamiento-de-villafranca-premia-con-la-mencion-especial-a-nuestro-equipo-sub-16","status":"publish","type":"post","link":"https:\/\/www.bfv.cloud\/ajedrezeuropa\/el-ayuntamiento-de-villafranca-premia-con-la-mencion-especial-a-nuestro-equipo-sub-16\/","title":{"rendered":"EL AYUNTAMIENTO DE VILLAFRANCA PREMIA CON LA MENCI\u00d3N ESPECIAL A NUESTRO EQUIPO SUB-16"},"content":{"rendered":"<div class=\"separator\" style=\"clear: both;text-align: center\"><a href=\"https:\/\/www.bfv.cloud\/ajedrezeuropa\/wp-content\/uploads\/2010\/11\/LOSCHICOSENSESEA\u0091A.jpg\" style=\"clear: right;float: right;margin-bottom: 1em;margin-left: 1em\"><img fetchpriority=\"high\" decoding=\"async\" border=\"0\" height=\"240\" src=\"https:\/\/www.bfv.cloud\/ajedrezeuropa\/wp-content\/uploads\/2010\/11\/LOSCHICOSENSESE25C32591A.jpg\" width=\"320\" \/><\/a><\/div>\n<p><strong><span style=\"font-family: Verdana, sans-serif\">La \u00abIV GALA DEL DEPORTE\u00bb de Villafranca,&nbsp; que se celebrar\u00e1 el pr\u00f3ximo s\u00e1bado 11 de diciembre en el auditorio organizada por el ayuntamiento y todos los clubes deportivos de esta localidad, tendr\u00e1 como protagonista al equipo sub-16 del Club Nuestro Ajedrez en Europa, al haberle sido concedido el m\u00e1s importante premio de esta edici\u00f3n.<\/span><\/strong><br \/>\n<strong><span style=\"font-family: Verdana\">La Menci\u00f3n Especial del a\u00f1o 2010 va para este equipo de 5 chicos que en el mes de septiembre se proclam\u00f3 campe\u00f3n de Castilla-La Mancha despu\u00e9s de resultar invicto a lo largo del campeonato regional.&nbsp;<\/span><\/strong><br \/>\n<strong><span style=\"font-family: Verdana\">\u00a1\u00a1 Enhorabuena para ellos y mucha suerte para nuestros 2 equipos presentes&nbsp;en el pr\u00f3ximo III Campeonato de Espa\u00f1a por Equipos de Clubes Sub-16!!&nbsp;<\/span><\/strong><\/p>\n","protected":false},"excerpt":{"rendered":"<p>La \u00abIV GALA DEL DEPORTE\u00bb de Villafranca,&nbsp; que se celebrar\u00e1 el pr\u00f3ximo s\u00e1bado 11 de diciembre en el auditorio organizada por el ayuntamiento y todos los clubes deportivos de esta localidad, tendr\u00e1 como protagonista al equipo sub-16 del Club Nuestro Ajedrez en Europa, al haberle sido concedido el m\u00e1s importante premio de esta edici\u00f3n. La [&hellip;]<\/p>\n","protected":false},"author":1,"featured_media":2067,"comment_status":"open","ping_status":"closed","sticky":false,"template":"","format":"standard","meta":{"footnotes":""},"categories":[1],"tags":[],"class_list":["post-2066","post","type-post","status-publish","format-standard","has-post-thumbnail","hentry","category-noticias"],"_links":{"self":[{"href":"https:\/\/www.bfv.cloud\/ajedrezeuropa\/wp-json\/wp\/v2\/posts\/2066","targetHints":{"allow":["GET"]}}],"collection":[{"href":"https:\/\/www.bfv.cloud\/ajedrezeuropa\/wp-json\/wp\/v2\/posts"}],"about":[{"href":"https:\/\/www.bfv.cloud\/ajedrezeuropa\/wp-json\/wp\/v2\/types\/post"}],"author":[{"embeddable":true,"href":"https:\/\/www.bfv.cloud\/ajedrezeuropa\/wp-json\/wp\/v2\/users\/1"}],"replies":[{"embeddable":true,"href":"https:\/\/www.bfv.cloud\/ajedrezeuropa\/wp-json\/wp\/v2\/comments?post=2066"}],"version-history":[{"count":1,"href":"https:\/\/www.bfv.cloud\/ajedrezeuropa\/wp-json\/wp\/v2\/posts\/2066\/revisions"}],"predecessor-version":[{"id":2069,"href":"https:\/\/www.bfv.cloud\/ajedrezeuropa\/wp-json\/wp\/v2\/posts\/2066\/revisions\/2069"}],"wp:featuredmedia":[{"embeddable":true,"href":"https:\/\/www.bfv.cloud\/ajedrezeuropa\/wp-json\/wp\/v2\/media\/2067"}],"wp:attachment":[{"href":"https:\/\/www.bfv.cloud\/ajedrezeuropa\/wp-json\/wp\/v2\/media?parent=2066"}],"wp:term":[{"taxonomy":"category","embeddable":true,"href":"https:\/\/www.bfv.cloud\/ajedrezeuropa\/wp-json\/wp\/v2\/categories?post=2066"},{"taxonomy":"post_tag","embeddable":true,"href":"https:\/\/www.bfv.cloud\/ajedrezeuropa\/wp-json\/wp\/v2\/tags?post=2066"}],"curies":[{"name":"wp","href":"https:\/\/api.w.org\/{rel}","templated":true}]}}