{"id":2070,"date":"2013-04-27T06:54:00","date_gmt":"2013-04-27T06:54:00","guid":{"rendered":"https:\/\/www.bfv.cloud\/ajedrezeuropa\/index.php\/2013\/04\/27\/noticias-sobre-los-proximos-campeonatos-por-equipos\/"},"modified":"2025-11-20T10:42:05","modified_gmt":"2025-11-20T10:42:05","slug":"noticias-sobre-los-proximos-campeonatos-por-equipos","status":"publish","type":"post","link":"https:\/\/www.bfv.cloud\/ajedrezeuropa\/noticias-sobre-los-proximos-campeonatos-por-equipos\/","title":{"rendered":"NOTICIAS SOBRE LOS PR\u00d3XIMOS CAMPEONATOS POR EQUIPOS"},"content":{"rendered":"<div class=\"separator\" style=\"clear: both;text-align: center\">\n<a href=\"https:\/\/www.bfv.cloud\/ajedrezeuropa\/wp-content\/uploads\/2013\/04\/logocentrosanmarcos.jpg\" style=\"clear: left;float: left;margin-bottom: 1em;margin-right: 1em;text-align: center\"><img decoding=\"async\" border=\"0\" height=\"44\" src=\"https:\/\/blogger.googleusercontent.com\/img\/b\/R29vZ2xl\/AVvXsEitdX85l1aTalKgREh6s-qpghUUZR0y1gfGI-x0fsjwjEXKDQRBh7G-mnmne_ePPvblwEg9oe2rwUkdAMithtHUq3QkSo9cAXoXkwdbEGZ3viRNnd6mHyy2j2S5aEdUUMuAqOZSQGptuZs\/s200\/logo+centro+san+marcos.jpg\" width=\"200\" \/><\/a><a href=\"https:\/\/www.bfv.cloud\/ajedrezeuropa\/wp-content\/uploads\/2013\/04\/logoFundaciC3B3nCCM.jpg\" style=\"margin-left: 1em;margin-right: 1em\"><img decoding=\"async\" border=\"0\" height=\"75\" src=\"https:\/\/blogger.googleusercontent.com\/img\/b\/R29vZ2xl\/AVvXsEjWsDJmx57fEDDCxCvIKvfmcTnRaIXHDf_93VaTs-IHMON9eAZBwWhrHcC64WCRaZA7uWem3UFuvKTtkH1vpdWf508G-T88kLTKjMoxxjdSZRFjDvEgI8lgk9E37oMKBNBXA1hyphenhyphen1-Ya6pE\/s200\/logo+Fundaci%C3%B3n+CCM.jpg\" width=\"200\" \/><\/a><\/div>\n<p><\/p>\n<table cellpadding=\"0\" cellspacing=\"0\" class=\"tr-caption-container\" style=\"float: left;margin-right: 1em;text-align: left\">\n<tbody>\n<tr>\n<td style=\"text-align: center\"><a href=\"https:\/\/www.bfv.cloud\/ajedrezeuropa\/wp-content\/uploads\/2013\/04\/smarcos_3_p.jpg\" style=\"clear: left;margin-bottom: 1em;margin-left: auto;margin-right: auto\"><img fetchpriority=\"high\" decoding=\"async\" border=\"0\" height=\"213\" src=\"https:\/\/blogger.googleusercontent.com\/img\/b\/R29vZ2xl\/AVvXsEgGGCHXsDXWYdTHbfXGEGwV41_-AO73azhVvcNq4CjhmXkATutGAjPLt_WKXb5Uth-iCWyTAUjdRKY3YwUKxwNa-_CCzclv3XG7S9kzFNtuWIQ9rtA6vwUZ_0fsUrEywf9HDUnusgS3mco\/s320\/smarcos_3_p.jpg\" width=\"320\" \/><\/a><\/td>\n<\/tr>\n<tr>\n<td class=\"tr-caption\" style=\"text-align: center\">Imagen de la sala de exposiciones del Centro<br \/>\nCultural San Marcos de Toledo<\/td>\n<\/tr>\n<\/tbody>\n<\/table>\n<h3 style=\"text-align: center\">\n<span style=\"color: blue;font-family: Trebuchet MS, sans-serif;font-size: small\"><u>CAMPEONATO PROVINCIAL DE TOLEDO POR CLUBES SUB-16<\/u><\/span><\/h3>\n<div>\n<span style=\"color: blue;font-family: Trebuchet MS, sans-serif\"><b>La delegaci\u00f3n provincial de Toledo de la FACLM acaba de modificar, por sorpresa, la fecha de celebraci\u00f3n del provincial por equipos sub-16 previsto inicialmente para el 15 de junio. Seg\u00fan las bases publicadas, el campeonato se jugar\u00e1 el 25 y 26 de mayo en el Centro Cultural San Marcos de Toledo, mediante un sistema de liga a un ritmo de 45 minutos por jugador con 30 segundos de incremento por movimiento. Este adelanto repercute en la fecha marcada para la disputa de la 12\u00aa edici\u00f3n del \u00abTORNEO DEL ACEITE\u00bb de Mora, previsto para ese mismo d\u00eda para que no coincidiera con el regional escolar. Muy pronto daremos toda la informaci\u00f3n referente a este torneo.&nbsp;<\/b><\/span><\/div>\n<div>\n<span style=\"color: blue;font-family: Trebuchet MS, sans-serif\"><b>Por el momento, anunciamos la participaci\u00f3n de nuestros 2 clubes en este campeonato por equipos sub-16, que clasificar\u00e1 a los 2 equipos ganadores para el regional de esta categor\u00eda. Durante las pr\u00f3ximas semanas detallaremos los jugadores que van a integrar las formaciones de cada club.<\/b><\/span><\/div>\n<h3 style=\"text-align: center\">\n<span style=\"color: #660000;font-family: Verdana, sans-serif;font-size: small\"><u>NOTA INFORMATIVA SOBRE EL PR\u00d3XIMO&nbsp;<\/u><\/span><\/h3>\n<h3 style=\"text-align: center\">\n<span style=\"color: #660000;font-family: Verdana, sans-serif;font-size: small\"><u>CAMPEONATO REGIONAL POR EQUIPOS DE LA CATEGOR\u00cdA ABSOLUTA<\/u><\/span><\/h3>\n<div class=\"MsoBodyText\">\n&nbsp;&nbsp;&nbsp;&nbsp;&nbsp;&nbsp;&nbsp;&nbsp;&nbsp;&nbsp;&nbsp;<span style=\"color: #660000;font-family: Verdana, sans-serif\">&nbsp;La Federaci\u00f3n de Ajedrez de Castilla-La Mancha acaba de enviarnos la circular n\u00ba 03\/2013&nbsp;que confirma el calendario de celebraci\u00f3n del regional absoluto por equipos para las fechas del 6, 7, 8 y 9 de junio con Albacete como sede del torneo. El pasado 16 de enero ya coment\u00e1bamos, en este blog, la falta de oportunidad en la elecci\u00f3n de los d\u00edas indicados al ser 2 de ellos laborables y lectivos, adem\u00e1s de ser coincidentes con ex\u00e1menes importantes para nuestros jugadores de bachillerato y E.S.O., as\u00ed como para los universitarios de otros equipos. La consecuencia de este inadecuado calendario es que, por primera vez en 10 a\u00f1os ininterrumpidos, no contaremos con representaci\u00f3n en este campeonato castellano-manchego, a pesar de seguir siendo uno de los objetivos de competici\u00f3n para esta temporada. No podemos encontrar ninguna soluci\u00f3n al hecho incuestionable de priorizar los estudios sobre cualquier otra circunstancia, incluida la deportiva. Tampoco logramos justificar la falta absoluta de di\u00e1logo para encontrar otras fechas m\u00e1s adecuadas, ni siquiera por el nulo inter\u00e9s que ha despertado la organizaci\u00f3n de este torneo para los clubes de la comunidad aut\u00f3noma. En resumen, desde el proyecto Nuestro Ajedrez en Europa, primamos las obligaciones educativas de nuestros alumnos y alumnas por encima de todo y no entendemos como puede ponerse en riesgo un a\u00f1o de trabajo por la falta de criterio de los federativos del ajedrez regional.<\/span><\/div>\n<div class=\"MsoBodyText\">\n<span style=\"color: #660000;font-family: Verdana, sans-serif\"><br \/><\/span><\/div>\n<div class=\"MsoBodyText\">\n<span style=\"color: #660000;font-family: Verdana, sans-serif;font-size: x-small\">F\u00e9lix Toribio G\u00f3mez<\/span><\/div>\n<div class=\"MsoBodyText\">\n<span style=\"color: #660000;font-family: Verdana, sans-serif;font-size: x-small\">Director de Nuestro Ajedrez en Europa<\/span><\/div>\n","protected":false},"excerpt":{"rendered":"<p>Imagen de la sala de exposiciones del Centro Cultural San Marcos de Toledo CAMPEONATO PROVINCIAL DE TOLEDO POR CLUBES SUB-16 La delegaci\u00f3n provincial de Toledo de la FACLM acaba de modificar, por sorpresa, la fecha de celebraci\u00f3n del provincial por equipos sub-16 previsto inicialmente para el 15 de junio. Seg\u00fan las bases publicadas, el campeonato [&hellip;]<\/p>\n","protected":false},"author":1,"featured_media":2071,"comment_status":"open","ping_status":"closed","sticky":false,"template":"","format":"standard","meta":{"footnotes":""},"categories":[1],"tags":[],"class_list":["post-2070","post","type-post","status-publish","format-standard","has-post-thumbnail","hentry","category-noticias"],"_links":{"self":[{"href":"https:\/\/www.bfv.cloud\/ajedrezeuropa\/wp-json\/wp\/v2\/posts\/2070","targetHints":{"allow":["GET"]}}],"collection":[{"href":"https:\/\/www.bfv.cloud\/ajedrezeuropa\/wp-json\/wp\/v2\/posts"}],"about":[{"href":"https:\/\/www.bfv.cloud\/ajedrezeuropa\/wp-json\/wp\/v2\/types\/post"}],"author":[{"embeddable":true,"href":"https:\/\/www.bfv.cloud\/ajedrezeuropa\/wp-json\/wp\/v2\/users\/1"}],"replies":[{"embeddable":true,"href":"https:\/\/www.bfv.cloud\/ajedrezeuropa\/wp-json\/wp\/v2\/comments?post=2070"}],"version-history":[{"count":1,"href":"https:\/\/www.bfv.cloud\/ajedrezeuropa\/wp-json\/wp\/v2\/posts\/2070\/revisions"}],"predecessor-version":[{"id":2074,"href":"https:\/\/www.bfv.cloud\/ajedrezeuropa\/wp-json\/wp\/v2\/posts\/2070\/revisions\/2074"}],"wp:featuredmedia":[{"embeddable":true,"href":"https:\/\/www.bfv.cloud\/ajedrezeuropa\/wp-json\/wp\/v2\/media\/2071"}],"wp:attachment":[{"href":"https:\/\/www.bfv.cloud\/ajedrezeuropa\/wp-json\/wp\/v2\/media?parent=2070"}],"wp:term":[{"taxonomy":"category","embeddable":true,"href":"https:\/\/www.bfv.cloud\/ajedrezeuropa\/wp-json\/wp\/v2\/categories?post=2070"},{"taxonomy":"post_tag","embeddable":true,"href":"https:\/\/www.bfv.cloud\/ajedrezeuropa\/wp-json\/wp\/v2\/tags?post=2070"}],"curies":[{"name":"wp","href":"https:\/\/api.w.org\/{rel}","templated":true}]}}