{"id":2075,"date":"2010-11-05T08:01:00","date_gmt":"2010-11-05T08:01:00","guid":{"rendered":"https:\/\/www.bfv.cloud\/ajedrezeuropa\/index.php\/2010\/11\/05\/convenio-de-colaboracion-entre-el-club-de-ajedrez-linex-magic-extremadura-y-el-club-nuestro-ajedrez-en-europa\/"},"modified":"2025-11-20T10:42:07","modified_gmt":"2025-11-20T10:42:07","slug":"convenio-de-colaboracion-entre-el-club-de-ajedrez-linex-magic-extremadura-y-el-club-nuestro-ajedrez-en-europa","status":"publish","type":"post","link":"https:\/\/www.bfv.cloud\/ajedrezeuropa\/convenio-de-colaboracion-entre-el-club-de-ajedrez-linex-magic-extremadura-y-el-club-nuestro-ajedrez-en-europa\/","title":{"rendered":"CONVENIO DE COLABORACI\u00d3N ENTRE EL \u00abCLUB DE AJEDREZ LINEX-MAGIC EXTREMADURA\u00bb Y EL \u00abCLUB NUESTRO AJEDREZ EN EUROPA\u00bb"},"content":{"rendered":"<div style=\"border-bottom: medium none;border-left: medium none;border-right: medium none;border-top: medium none\"><\/div>\n<div style=\"border-bottom: medium none;border-left: medium none;border-right: medium none;border-top: medium none\">\n<\/div>\n<div class=\"separator\" style=\"clear: both;text-align: center\"><a href=\"https:\/\/www.bfv.cloud\/ajedrezeuropa\/wp-content\/uploads\/2010\/11\/LOGOMAGIC.jpg\" style=\"clear: left;float: left;height: 154px;margin-bottom: 1em;margin-right: 1em;width: 301px\"><img decoding=\"async\" border=\"0\" src=\"https:\/\/www.bfv.cloud\/ajedrezeuropa\/wp-content\/uploads\/2010\/11\/LOGOMAGIC.jpg\" \/><\/a><a href=\"https:\/\/www.bfv.cloud\/ajedrezeuropa\/wp-content\/uploads\/2010\/11\/logowebeuropa.jpg\" style=\"clear: left;float: left;height: 232px;margin-bottom: 1em;margin-right: 1em;width: 321px\"><img fetchpriority=\"high\" decoding=\"async\" border=\"0\" height=\"225\" src=\"https:\/\/blogger.googleusercontent.com\/img\/b\/R29vZ2xl\/AVvXsEilXL_BYUDS3QxaRHU75ldin3PV-xb-zpXow_9IbC4XFzdNQiYZ87w-xTWP652bTOTT3BqRKRriLp2gxH60SNMKtsnOgiUnoEmiIGnXHAJCZHbGgnrcHP_SUSSdkwm0I9fadUEQOPgyAK8\/s320\/logo+web+europa.JPG\" width=\"320\" \/><\/a><span style=\"font-family: Verdana, sans-serif\"><strong>Se ha finalizado la redacci\u00f3n del convenio de colaboraci\u00f3n entre el Club Linex-Magic Extremadura&nbsp;y el Club Nuestro Ajedrez en Europa de Villafranca de los Caballeros y Alc\u00e1zar de San Juan. La conformidad definitiva del texto tendr\u00e1 lugar en los pr\u00f3ximos d\u00edas, celebr\u00e1ndose el acto oficial de su firma con motivo de la \u201cIII CONCENTRACI\u00d3N DE NAVIDAD NUESTRO AJEDREZ EN EUROPA\u201d, que est\u00e1 prevista realizar en Alc\u00e1zar y Villafranca del 26 al 28 de diciembre pr\u00f3ximos.<\/strong><\/span><\/div>\n<p><span style=\"font-family: Verdana, sans-serif\"><strong>En el convenio se recoge el intercambio entre los chicos y chicas de los 2 clubes en todas aquellas actividades que ambos organicen. La prioridad es mejorar la preparaci\u00f3n t\u00e9cnica de nuestras j\u00f3venes aficiones y, a la vez, enriquecerlas gracias a unas semanas de convivencia conjunta. Esta colaboraci\u00f3n permitir\u00e1 que toda la estructura dependiente del \u201cMagic\u201d y de \u201cNuestro Ajedrez en Europa\u201d, consistente en 4 clubes, m\u00e1s de doscientas personas implicadas entre socios, t\u00e9cnicos y jugadores, y varias escuelas deportivas&nbsp;con m\u00e1s de 100 ni\u00f1os y ni\u00f1as, puedan beneficiarse de este magn\u00edfico acuerdo para el mundo del ajedrez de Extremadura y de Castilla-La Mancha.<\/strong><\/span><\/p>\n<div style=\"border-bottom: medium none;border-left: medium none;border-right: medium none;border-top: medium none\"><span style=\"font-family: Verdana, sans-serif\"><strong>Otro de los aspectos m\u00e1s importantes de este convenio, es su potencial extensi\u00f3n al desarrollo en actividades de car\u00e1cter social donde el Club Linex-Magic es uno de los pioneros en nuestro pa\u00eds. El club emeritense viene trabajando, con un enorme \u00e9xito, en proyectos tan interesantes como los siguientes:<\/strong><\/span><\/div>\n<p><span style=\"font-family: Verdana, sans-serif\"><strong>&#8211; \u201cNuestro Ajedrez Reinserta\u201d, llevado a cabo con reclusos de los centros penitenciarios de Badajoz y C\u00e1ceres, con el apoyo de la Junta de Extremadura y que fue recientemente reconocido internacionalmente por la Comisi\u00f3n Mundial de Ajedrez de la FIDE.<\/strong><\/span><br \/>\n<span style=\"font-family: Verdana, sans-serif\"><strong>&#8211; \u201cJugando corto, mirando largo\u201d, dirigido a la utilizaci\u00f3n de estrategias de ajedrez avanzado en el mundo de la administraci\u00f3n p\u00fablica y la empresa.<\/strong><\/span><br \/>\n<span style=\"font-family: Verdana, sans-serif\"><strong>&#8211; \u201cAjedrez Saludable\u201d, orientado a la difusi\u00f3n y pr\u00e1ctica del ajedrez entre personas mayores, con el complemento de un trabajo espec\u00edfico para los enfermos de Alzheimer en grados iniciales.<\/strong><\/span><br \/>\n<span style=\"font-family: Verdana, sans-serif\"><strong>Por si fuera poco, el \u201cMagic\u201d, est\u00e1 presente en el mundo de la educaci\u00f3n gracias a convenios con la Universidad de Extremadura, realiza investigaciones para acercar el ajedrez a personas&nbsp;con d\u00e9ficit de atenci\u00f3n e hiperactividad y, adem\u00e1s, y ya en lo meramente deportivo, es el actual subcampe\u00f3n de Espa\u00f1a de Ajedrez por equipos en la m\u00e1s alta categor\u00eda nacional, Divisi\u00f3n de Honor, y fue campe\u00f3n de Europa absoluto por equipos en 2007. <\/strong><\/span><\/p>\n<div style=\"border-bottom: medium none;border-left: medium none;border-right: medium none;border-top: medium none\"><span style=\"font-family: Verdana, sans-serif\"><strong>Mientras, el Club Nuestro Ajedrez en Europa, viene desarrollando durante los \u00faltimos a\u00f1os programas de inserci\u00f3n del ajedrez a temprana edad, como el \u201cProyecto 5\u201d, trabajando por la participaci\u00f3n de las ni\u00f1as en nuestro deporte a trav\u00e9s de \u201cNuestro Ajedrez por la Igualdad\u201d, y, por \u00faltimo, est\u00e1 en plena ejecuci\u00f3n de un programa muy ambicioso de mejora en la formaci\u00f3n ajedrec\u00edstica y en los niveles de pr\u00e1ctica en la alta competici\u00f3n en las categor\u00edas infantil y juvenil, bajo el nombre del proyecto \u201cNuestro Ajedrez en Europa\u201d. En el terreno de resultados, el club castellano-manchego con su equipo sub-16, es actual campe\u00f3n regional y 10\u00ba en el campeonato de Espa\u00f1a de clubes de 2009.<\/strong><\/span><\/div>\n<div style=\"border-bottom: medium none;border-left: medium none;border-right: medium none;border-top: medium none\"><span style=\"font-family: Verdana, sans-serif\"><strong>Las direcciones deportivas del Linex-Magic Extremadura&nbsp;y de Nuestro Ajedrez en Europa ponemos en marcha esta colaboraci\u00f3n guiados por la firme voluntad de mejora en todos los \u00e1mbitos de nuestro deporte. Queremos potenciar nuestras respectivas canteras de jugadores y pretendemos que el ajedrez ocupe un lugar importante, tanto social como deportivamente, dentro de nuestras comunidades, ciudades y pueblos.<\/strong><\/span><\/div>\n","protected":false},"excerpt":{"rendered":"<p>Se ha finalizado la redacci\u00f3n del convenio de colaboraci\u00f3n entre el Club Linex-Magic Extremadura&nbsp;y el Club Nuestro Ajedrez en Europa de Villafranca de los Caballeros y Alc\u00e1zar de San Juan. La conformidad definitiva del texto tendr\u00e1 lugar en los pr\u00f3ximos d\u00edas, celebr\u00e1ndose el acto oficial de su firma con motivo de la \u201cIII CONCENTRACI\u00d3N DE [&hellip;]<\/p>\n","protected":false},"author":1,"featured_media":2076,"comment_status":"open","ping_status":"closed","sticky":false,"template":"","format":"standard","meta":{"footnotes":""},"categories":[1],"tags":[],"class_list":["post-2075","post","type-post","status-publish","format-standard","has-post-thumbnail","hentry","category-noticias"],"_links":{"self":[{"href":"https:\/\/www.bfv.cloud\/ajedrezeuropa\/wp-json\/wp\/v2\/posts\/2075","targetHints":{"allow":["GET"]}}],"collection":[{"href":"https:\/\/www.bfv.cloud\/ajedrezeuropa\/wp-json\/wp\/v2\/posts"}],"about":[{"href":"https:\/\/www.bfv.cloud\/ajedrezeuropa\/wp-json\/wp\/v2\/types\/post"}],"author":[{"embeddable":true,"href":"https:\/\/www.bfv.cloud\/ajedrezeuropa\/wp-json\/wp\/v2\/users\/1"}],"replies":[{"embeddable":true,"href":"https:\/\/www.bfv.cloud\/ajedrezeuropa\/wp-json\/wp\/v2\/comments?post=2075"}],"version-history":[{"count":1,"href":"https:\/\/www.bfv.cloud\/ajedrezeuropa\/wp-json\/wp\/v2\/posts\/2075\/revisions"}],"predecessor-version":[{"id":2078,"href":"https:\/\/www.bfv.cloud\/ajedrezeuropa\/wp-json\/wp\/v2\/posts\/2075\/revisions\/2078"}],"wp:featuredmedia":[{"embeddable":true,"href":"https:\/\/www.bfv.cloud\/ajedrezeuropa\/wp-json\/wp\/v2\/media\/2076"}],"wp:attachment":[{"href":"https:\/\/www.bfv.cloud\/ajedrezeuropa\/wp-json\/wp\/v2\/media?parent=2075"}],"wp:term":[{"taxonomy":"category","embeddable":true,"href":"https:\/\/www.bfv.cloud\/ajedrezeuropa\/wp-json\/wp\/v2\/categories?post=2075"},{"taxonomy":"post_tag","embeddable":true,"href":"https:\/\/www.bfv.cloud\/ajedrezeuropa\/wp-json\/wp\/v2\/tags?post=2075"}],"curies":[{"name":"wp","href":"https:\/\/api.w.org\/{rel}","templated":true}]}}