{"id":2079,"date":"2018-10-08T13:53:00","date_gmt":"2018-10-08T13:53:00","guid":{"rendered":"https:\/\/www.bfv.cloud\/ajedrezeuropa\/index.php\/2018\/10\/08\/alonso-lopez-y-nuestro-proyecto-nominados-en-la-gala-del-deporte-de-alcazar-de-san-juan\/"},"modified":"2025-11-20T10:42:11","modified_gmt":"2025-11-20T10:42:11","slug":"alonso-lopez-y-nuestro-proyecto-nominados-en-la-gala-del-deporte-de-alcazar-de-san-juan","status":"publish","type":"post","link":"https:\/\/www.bfv.cloud\/ajedrezeuropa\/alonso-lopez-y-nuestro-proyecto-nominados-en-la-gala-del-deporte-de-alcazar-de-san-juan\/","title":{"rendered":"ALONSO LOPEZ Y NUESTRO PROYECTO NOMINADOS EN LA GALA DEL DEPORTE DE ALC\u00c1ZAR DE SAN JUAN"},"content":{"rendered":"<div class=\"separator\" style=\"clear: both;text-align: center\">\n<a href=\"https:\/\/www.bfv.cloud\/ajedrezeuropa\/wp-content\/uploads\/2018\/10\/GALADEPORTE2018.jpg\" style=\"margin-left: 1em;margin-right: 1em\"><img fetchpriority=\"high\" decoding=\"async\" border=\"0\" data-original-height=\"164\" data-original-width=\"500\" height=\"208\" src=\"https:\/\/blogger.googleusercontent.com\/img\/b\/R29vZ2xl\/AVvXsEjgxPNWKcKFU-h0EBsHoF3K1r_C4s30tiUO9Ob_PsTgNqCgXdup3AzPjnNU1eZ5s5OiE8fXsTC4cle7wKJazwRXtxhwZedcl6B5-K8QZ1rV6yWb5wuJHYgFGHwWYcXuJHF77oIcTKwRP6s\/s640\/GALADEPORTE2018.jpg\" width=\"640\" \/><\/a><\/div>\n<p>\n<span style=\"font-family: Arial, Helvetica, sans-serif;font-size: large\"><b>El viernes 26 de octubre el auditorio municipal de Alc\u00e1zar de San Juan acoger\u00e1 la Gala del Deporte donde se premiar\u00e1n a los deportistas y entidades que m\u00e1s han destacado en la temporada 2017\/2018. Son 4 las categor\u00edas que alcanzar\u00e1n alg\u00fan premio, contando nuestro proyecto con nominaciones en dos de ellas.<\/b><\/span><\/p>\n<table align=\"center\" cellpadding=\"0\" cellspacing=\"0\" class=\"tr-caption-container\" style=\"margin-left: auto;margin-right: auto;text-align: center\">\n<tbody>\n<tr>\n<td style=\"text-align: center\"><a href=\"https:\/\/www.bfv.cloud\/ajedrezeuropa\/wp-content\/uploads\/2018\/10\/IGUALDADS12.jpg\" style=\"margin-left: auto;margin-right: auto\"><img decoding=\"async\" border=\"0\" data-original-height=\"918\" data-original-width=\"1449\" height=\"404\" src=\"https:\/\/blogger.googleusercontent.com\/img\/b\/R29vZ2xl\/AVvXsEif6UJ9uuCLyXjIFpc1mcV4UDgvUZ5tGVvLku-CUkOryv3o-HPsBCu6AiGfqOneKrzH2-QsZBndDkWwZydIlGH66bmz7GUz4dm8x7GRBt0r63llEBFMHAxjJaKa0dfYMrUg_Yvuazmfe9Y\/s640\/IGUALDAD+S12.jpg\" width=\"640\" \/><\/a><\/td>\n<\/tr>\n<tr>\n<td class=\"tr-caption\" style=\"text-align: center\">Alonso, en primer plano, junto a sus compa\u00f1eros de equipo sub-12<\/td>\n<\/tr>\n<\/tbody>\n<\/table>\n<p><span style=\"font-family: Arial, Helvetica, sans-serif;font-size: large\"><b>En el premio a la mejor temporada en el deporte en edad escolar, Alonso L\u00f3pez N\u00fa\u00f1ez, de 12 a\u00f1os de edad, presenta un historial muy destacado con varios t\u00edtulos regionales y provinciales, as\u00ed como destacadas actuaciones en campeonatos de Espa\u00f1a tanto individuales como por equipos.<\/b><\/span><br \/>\n<span style=\"font-family: Arial, Helvetica, sans-serif;font-size: large\"><b>Adem\u00e1s, dentro de unas semanas, Alonso, participar\u00e1 en el Campeonato del Mundo sub-12 que se celebrar\u00e1 en Santiago de Compostela.<\/b><\/span><br \/>\n<span style=\"font-family: Arial, Helvetica, sans-serif;font-size: large\"><b><br \/><\/b><\/span><\/p>\n<div class=\"separator\" style=\"clear: both;text-align: center\">\n<a href=\"https:\/\/www.bfv.cloud\/ajedrezeuropa\/wp-content\/uploads\/2018\/10\/LOGOEUROPAXANIVERSARIO2017.jpg\" style=\"margin-left: 1em;margin-right: 1em\"><img decoding=\"async\" border=\"0\" data-original-height=\"1220\" data-original-width=\"1600\" height=\"304\" src=\"https:\/\/blogger.googleusercontent.com\/img\/b\/R29vZ2xl\/AVvXsEjApt-c5S6KHDueDXCYfiQ65VtCy32xQsfU_rJxEyeWZw0zx36aDb1s8NNXFJuzLYRHihrJPxtXd_o-Zeh2ca-U-fkiNJ8A4eySqqy1lvSNM3emVUMponsVc_B51wHN4WibEcAoWPcooIc\/s400\/LOGO+EUROPA+X+ANIVERSARIO+2017.jpg\" width=\"400\" \/><\/a><\/div>\n<p><span style=\"font-family: Arial, Helvetica, sans-serif;font-size: large\"><b><br \/><\/b><\/span><br \/>\n<span style=\"font-family: Arial, Helvetica, sans-serif;font-size: large\"><b>Por lo que se refiere al premio al m\u00e9rito deportivo, contamos con la nominaci\u00f3n conjunta de los dos clubes: Nuestro Ajedrez en Europa y Nuestro Ajedrez por la Igualdad. Los dos representan el proyecto que abanderan Alc\u00e1zar de San Juan y Villafranca de los Caballeros, y que a lo largo del tiempo ha mantenido en lo m\u00e1s alto de la categor\u00eda juvenil nacional a nuestros equipos. Por otra parte, el proyecto ha conseguido traspasar la barrera del deporte y, actualmente, desarrolla programas pioneros en Castilla-La Mancha, llevando el ajedrez a la educaci\u00f3n como herramienta transversal y desarrollando trabajos en distintos \u00e1mbitos de la cultura.<\/b><\/span><br \/>\n<span style=\"font-family: Arial, Helvetica, sans-serif;font-size: large\"><b>Si quer\u00e9is votar por nuestros nominados lo pod\u00e9is hacer a trav\u00e9s del siguiente enlace:<\/b><\/span><\/p>\n<div style=\"text-align: center\">\n<span style=\"font-family: Arial, Helvetica, sans-serif;font-size: large\"><b><a href=\"http:\/\/www.alcazardesanjuan.es:8020\/participacionciudadana\/index.php\/10-encuesta-eleccion-finalistas-gala-del-deporte-2018\">ENLACE PARA VOTAR EN LA GALA DEL DEPORTE DE ALCAZAR<\/a><\/b><\/span><\/div>\n","protected":false},"excerpt":{"rendered":"<p>El viernes 26 de octubre el auditorio municipal de Alc\u00e1zar de San Juan acoger\u00e1 la Gala del Deporte donde se premiar\u00e1n a los deportistas y entidades que m\u00e1s han destacado en la temporada 2017\/2018. Son 4 las categor\u00edas que alcanzar\u00e1n alg\u00fan premio, contando nuestro proyecto con nominaciones en dos de ellas. Alonso, en primer plano, [&hellip;]<\/p>\n","protected":false},"author":1,"featured_media":2080,"comment_status":"open","ping_status":"closed","sticky":false,"template":"","format":"standard","meta":{"footnotes":""},"categories":[1],"tags":[],"class_list":["post-2079","post","type-post","status-publish","format-standard","has-post-thumbnail","hentry","category-noticias"],"_links":{"self":[{"href":"https:\/\/www.bfv.cloud\/ajedrezeuropa\/wp-json\/wp\/v2\/posts\/2079","targetHints":{"allow":["GET"]}}],"collection":[{"href":"https:\/\/www.bfv.cloud\/ajedrezeuropa\/wp-json\/wp\/v2\/posts"}],"about":[{"href":"https:\/\/www.bfv.cloud\/ajedrezeuropa\/wp-json\/wp\/v2\/types\/post"}],"author":[{"embeddable":true,"href":"https:\/\/www.bfv.cloud\/ajedrezeuropa\/wp-json\/wp\/v2\/users\/1"}],"replies":[{"embeddable":true,"href":"https:\/\/www.bfv.cloud\/ajedrezeuropa\/wp-json\/wp\/v2\/comments?post=2079"}],"version-history":[{"count":1,"href":"https:\/\/www.bfv.cloud\/ajedrezeuropa\/wp-json\/wp\/v2\/posts\/2079\/revisions"}],"predecessor-version":[{"id":2083,"href":"https:\/\/www.bfv.cloud\/ajedrezeuropa\/wp-json\/wp\/v2\/posts\/2079\/revisions\/2083"}],"wp:featuredmedia":[{"embeddable":true,"href":"https:\/\/www.bfv.cloud\/ajedrezeuropa\/wp-json\/wp\/v2\/media\/2080"}],"wp:attachment":[{"href":"https:\/\/www.bfv.cloud\/ajedrezeuropa\/wp-json\/wp\/v2\/media?parent=2079"}],"wp:term":[{"taxonomy":"category","embeddable":true,"href":"https:\/\/www.bfv.cloud\/ajedrezeuropa\/wp-json\/wp\/v2\/categories?post=2079"},{"taxonomy":"post_tag","embeddable":true,"href":"https:\/\/www.bfv.cloud\/ajedrezeuropa\/wp-json\/wp\/v2\/tags?post=2079"}],"curies":[{"name":"wp","href":"https:\/\/api.w.org\/{rel}","templated":true}]}}